{"id":23046,"date":"2023-09-10T00:00:00","date_gmt":"2023-09-10T00:00:00","guid":{"rendered":"https:\/\/basquetgirona.com\/noticia\/second-chapter\/"},"modified":"2025-08-11T12:54:16","modified_gmt":"2025-08-11T12:54:16","slug":"second-chapter","status":"publish","type":"noticia","link":"https:\/\/basquetgirona.com\/en\/noticia\/second-chapter\/","title":{"rendered":"Second chapter"},"content":{"rendered":"<p class=\"p1\" style=\"text-align: justify;\">B\u00e1squet Girona will play the fourth test on the calendar before the ACB debut against Bar\u00e7a (11th, 8.45pm) in the replay of last season&#8217;s Catalan League semi-finals. The match will take place at the Barris Nord pavilion in Lleida and can be followed live on Esport 3.<span class=\"Apple-converted-space\">&nbsp;<\/span><\/p>\n<p class=\"p1\" style=\"text-align: justify;\">In case of victory, the team from Girona would play in the final of the tournament and, in case of defeat, as a novelty, the 3rd and 4th place would be played against the loser of the other semi-final between Penya and Manresa.<span class=\"Apple-converted-space\">&nbsp;<\/span><\/p>\n<p class=\"p1\" style=\"text-align: justify;\">The coach Salva Camps has valued the game beyond the opponent, as another opportunity to continue growing as a block and to continue internalizing the tactical automatisms that the coach intends to incorporate.<span class=\"Apple-converted-space\">&nbsp;<\/span><\/p>\n<p class=\"p3\" style=\"text-align: justify;\"><strong>CALL<\/strong><\/p>\n<p class=\"p3\" style=\"text-align: justify;\">Ike Iroegbu, Maxi Fjellerup, \u00c8ric Vila, Yves Pons, Juani Marcos, Pau Sala (linked), Quino Colom, Gy\u00f6rgy Golom\u00e1n, Markel Brown, Sergi Mart\u00ednez, Mindaugas Su\u0161inskas, Jaume Sorolla and Stefan \u0110or\u0111evi\u0107.<\/p>\n<p class=\"p1\" style=\"text-align: justify;\">&nbsp;<\/p>\n<p class=\"p1\" style=\"text-align: justify;\">Salva Camps declarations:<\/p>\n<p class=\"p1\" style=\"text-align: justify;\">&#8220;Who we have in front of us in the semi-finals is now relative. Bar\u00e7a is a very physical team that will demand us tomorrow and will help us see where we are. I value the attitude and work of my players much more.&#8221;<\/p>\n","protected":false},"excerpt":{"rendered":"<p><span>The team faces Bar\u00e7a this Monday in the repeat of the semi-finals of the Catalan League (8:45 p.m., Esport 3)<\/span><\/p>\n","protected":false},"author":1,"featured_media":2656,"menu_order":0,"template":"","categoria_noticia":[189],"class_list":["post-23046","noticia","type-noticia","status-publish","has-post-thumbnail","hentry","categoria_noticia-teams"],"yoast_head":"<!-- This site is optimized with the Yoast SEO plugin v22.0 - https:\/\/yoast.com\/wordpress\/plugins\/seo\/ -->\n<title>Second chapter - Basquet Girona<\/title>\n<meta name=\"robots\" content=\"index, follow, max-snippet:-1, max-image-preview:large, max-video-preview:-1\" \/>\n<link rel=\"canonical\" href=\"https:\/\/basquetgirona.com\/en\/noticia\/second-chapter\/\" \/>\n<meta property=\"og:locale\" content=\"en_US\" \/>\n<meta property=\"og:type\" content=\"article\" \/>\n<meta property=\"og:title\" content=\"Second chapter - Basquet Girona\" \/>\n<meta property=\"og:description\" content=\"The team faces Bar\u00e7a this Monday in the repeat of the semi-finals of the Catalan League (8:45 p.m., Esport 3)\" \/>\n<meta property=\"og:url\" content=\"https:\/\/basquetgirona.com\/en\/noticia\/second-chapter\/\" \/>\n<meta property=\"og:site_name\" content=\"Basquet Girona\" \/>\n<meta property=\"article:publisher\" content=\"https:\/\/www.facebook.com\/BasquetGironaOficial\" \/>\n<meta property=\"article:modified_time\" content=\"2025-08-11T12:54:16+00:00\" \/>\n<meta property=\"og:image\" content=\"https:\/\/basquetgirona.com\/wp-content\/uploads\/2023\/10\/vaneva.png\" \/>\n\t<meta property=\"og:image:width\" content=\"1000\" \/>\n\t<meta property=\"og:image:height\" content=\"667\" \/>\n\t<meta property=\"og:image:type\" content=\"image\/png\" \/>\n<meta name=\"twitter:card\" content=\"summary_large_image\" \/>\n<meta name=\"twitter:site\" content=\"@BasquetGirona\" \/>\n<meta name=\"twitter:label1\" content=\"Est. reading time\" \/>\n\t<meta name=\"twitter:data1\" content=\"1 minute\" \/>\n<!-- \/ Yoast SEO plugin. -->","yoast_head_json":{"title":"Second chapter - Basquet Girona","robots":{"index":"index","follow":"follow","max-snippet":"max-snippet:-1","max-image-preview":"max-image-preview:large","max-video-preview":"max-video-preview:-1"},"canonical":"https:\/\/basquetgirona.com\/en\/noticia\/second-chapter\/","og_locale":"en_US","og_type":"article","og_title":"Second chapter - Basquet Girona","og_description":"The team faces Bar\u00e7a this Monday in the repeat of the semi-finals of the Catalan League (8:45 p.m., Esport 3)","og_url":"https:\/\/basquetgirona.com\/en\/noticia\/second-chapter\/","og_site_name":"Basquet Girona","article_publisher":"https:\/\/www.facebook.com\/BasquetGironaOficial","article_modified_time":"2025-08-11T12:54:16+00:00","og_image":[{"width":1000,"height":667,"url":"https:\/\/basquetgirona.com\/wp-content\/uploads\/2023\/10\/vaneva.png","type":"image\/png"}],"twitter_card":"summary_large_image","twitter_site":"@BasquetGirona","twitter_misc":{"Est. reading time":"1 minute"},"schema":{"@context":"https:\/\/schema.org","@graph":[{"@type":"NewsArticle","@id":"https:\/\/basquetgirona.com\/en\/noticia\/second-chapter\/#article","isPartOf":{"@id":"https:\/\/basquetgirona.com\/en\/noticia\/second-chapter\/"},"author":{"name":"wp6tems","@id":"https:\/\/basquetgirona.com\/en\/#\/schema\/person\/23e2f6077a380ef4bcbafe12c1c99532"},"headline":"Second chapter","datePublished":"2023-09-10T00:00:00+00:00","dateModified":"2025-08-11T12:54:16+00:00","mainEntityOfPage":{"@id":"https:\/\/basquetgirona.com\/en\/noticia\/second-chapter\/"},"wordCount":211,"publisher":{"@id":"https:\/\/basquetgirona.com\/en\/#organization"},"inLanguage":"en-US"},{"@type":["WebPage","ItemPage"],"@id":"https:\/\/basquetgirona.com\/en\/noticia\/second-chapter\/","url":"https:\/\/basquetgirona.com\/en\/noticia\/second-chapter\/","name":"Second chapter - Basquet Girona","isPartOf":{"@id":"https:\/\/basquetgirona.com\/en\/#website"},"datePublished":"2023-09-10T00:00:00+00:00","dateModified":"2025-08-11T12:54:16+00:00","breadcrumb":{"@id":"https:\/\/basquetgirona.com\/en\/noticia\/second-chapter\/#breadcrumb"},"inLanguage":"en-US","potentialAction":[{"@type":"ReadAction","target":["https:\/\/basquetgirona.com\/en\/noticia\/second-chapter\/"]}]},{"@type":"BreadcrumbList","@id":"https:\/\/basquetgirona.com\/en\/noticia\/second-chapter\/#breadcrumb","itemListElement":[{"@type":"ListItem","position":1,"name":"Inici","item":"https:\/\/basquetgirona.com\/en\/"},{"@type":"ListItem","position":2,"name":"Second chapter"}]},{"@type":"WebSite","@id":"https:\/\/basquetgirona.com\/en\/#website","url":"https:\/\/basquetgirona.com\/en\/","name":"Basquet Girona","description":"","publisher":{"@id":"https:\/\/basquetgirona.com\/en\/#organization"},"potentialAction":[{"@type":"SearchAction","target":{"@type":"EntryPoint","urlTemplate":"https:\/\/basquetgirona.com\/en\/?s={search_term_string}"},"query-input":"required name=search_term_string"}],"inLanguage":"en-US"},{"@type":"Organization","@id":"https:\/\/basquetgirona.com\/en\/#organization","name":"Basquet Girona","url":"https:\/\/basquetgirona.com\/en\/","logo":{"@type":"ImageObject","inLanguage":"en-US","@id":"https:\/\/basquetgirona.com\/en\/#\/schema\/logo\/image\/","url":"https:\/\/basquetgirona.com\/wp-content\/uploads\/2023\/02\/girona-logo1.png","contentUrl":"https:\/\/basquetgirona.com\/wp-content\/uploads\/2023\/02\/girona-logo1.png","width":124,"height":136,"caption":"Basquet Girona"},"image":{"@id":"https:\/\/basquetgirona.com\/en\/#\/schema\/logo\/image\/"},"sameAs":["https:\/\/www.facebook.com\/BasquetGironaOficial","https:\/\/twitter.com\/BasquetGirona","https:\/\/www.instagram.com\/basquetgirona\/","https:\/\/es.linkedin.com\/company\/bsquet-girona","https:\/\/www.tiktok.com\/@basquetgirona"]},{"@type":"Person","@id":"https:\/\/basquetgirona.com\/en\/#\/schema\/person\/23e2f6077a380ef4bcbafe12c1c99532","name":"wp6tems","image":{"@type":"ImageObject","inLanguage":"en-US","@id":"https:\/\/basquetgirona.com\/en\/#\/schema\/person\/image\/","url":"https:\/\/secure.gravatar.com\/avatar\/bb7e7b41fd75599f16e2481d79259374553199dc2bee29aa20aa615e30729456?s=96&d=mm&r=g","contentUrl":"https:\/\/secure.gravatar.com\/avatar\/bb7e7b41fd75599f16e2481d79259374553199dc2bee29aa20aa615e30729456?s=96&d=mm&r=g","caption":"wp6tems"},"sameAs":["https:\/\/basquetgirona.com"],"url":"https:\/\/basquetgirona.com\/en\/author\/wp6tems\/"}]}},"acf":[],"_links":{"self":[{"href":"https:\/\/basquetgirona.com\/en\/wp-json\/wp\/v2\/noticia\/23046","targetHints":{"allow":["GET"]}}],"collection":[{"href":"https:\/\/basquetgirona.com\/en\/wp-json\/wp\/v2\/noticia"}],"about":[{"href":"https:\/\/basquetgirona.com\/en\/wp-json\/wp\/v2\/types\/noticia"}],"author":[{"embeddable":true,"href":"https:\/\/basquetgirona.com\/en\/wp-json\/wp\/v2\/users\/1"}],"version-history":[{"count":3,"href":"https:\/\/basquetgirona.com\/en\/wp-json\/wp\/v2\/noticia\/23046\/revisions"}],"predecessor-version":[{"id":46041,"href":"https:\/\/basquetgirona.com\/en\/wp-json\/wp\/v2\/noticia\/23046\/revisions\/46041"}],"wp:featuredmedia":[{"embeddable":true,"href":"https:\/\/basquetgirona.com\/en\/wp-json\/wp\/v2\/media\/2656"}],"wp:attachment":[{"href":"https:\/\/basquetgirona.com\/en\/wp-json\/wp\/v2\/media?parent=23046"}],"wp:term":[{"taxonomy":"categoria_noticia","embeddable":true,"href":"https:\/\/basquetgirona.com\/en\/wp-json\/wp\/v2\/categoria_noticia?post=23046"}],"curies":[{"name":"wp","href":"https:\/\/api.w.org\/{rel}","templated":true}]}}