{"id":23504,"date":"2022-08-26T00:00:00","date_gmt":"2022-08-26T00:00:00","guid":{"rendered":"https:\/\/basquetgirona.com\/noticia\/first-pre-season-test-against-baxi-manresa\/"},"modified":"2025-08-11T12:55:47","modified_gmt":"2025-08-11T12:55:47","slug":"first-pre-season-test-against-baxi-manresa","status":"publish","type":"noticia","link":"https:\/\/basquetgirona.com\/en\/noticia\/first-pre-season-test-against-baxi-manresa\/","title":{"rendered":"First pre-season test against Baxi Manresa"},"content":{"rendered":"<p>The first pre-season test for A\u00edto Garc\u00eda Reneses&#8217; men comes just in the second week of training. The 36th Sant Juli\u00e0 de Vilatorta Basketball Tournament will be the stage, at 20.30 live on the Esport3 channel, of the first derby of the season between Girona and Manresa.&nbsp;<\/p>\n<p>Today&#8217;s opponent of Basketball Girona has returned to work after having one of its best seasons in the Spanish elite, last 2021-2022. The team coached by Pedro Mart\u00ednez finished the season in seventh place, with a record of 20 wins and 14 losses in the regular season.<\/p>\n<p>Right now, A\u00edto and his staff have the whole squad in dynamic training, except for Pato Garino, Maxi Fjellerup and Roko Prkacin, who are still concentrating with their selections.&nbsp;<\/p>\n<p>PREVIOUS STATEMENTS:<\/p>\n<p>A\u00edto Garc\u00eda: &#8220;We expect to play with intensity. The team is not complete, but it will be good for us to play against Manresa to train the 5&#215;5. Conclusions are always drawn, not in terms of the result but in terms of concentration and intensity&#8221;.<\/p>\n","protected":false},"excerpt":{"rendered":"<p><em>Girona Basketball will face Bages in the 36th Sant Juli\u00e0 de Vilatorta tournament<\/em><\/p>\n","protected":false},"author":1,"featured_media":5315,"menu_order":0,"template":"","categoria_noticia":[],"class_list":["post-23504","noticia","type-noticia","status-publish","has-post-thumbnail","hentry"],"yoast_head":"<!-- This site is optimized with the Yoast SEO plugin v22.0 - https:\/\/yoast.com\/wordpress\/plugins\/seo\/ -->\n<title>First pre-season test against Baxi Manresa - Basquet Girona<\/title>\n<meta name=\"robots\" content=\"index, follow, max-snippet:-1, max-image-preview:large, max-video-preview:-1\" \/>\n<link rel=\"canonical\" href=\"https:\/\/basquetgirona.com\/en\/noticia\/first-pre-season-test-against-baxi-manresa\/\" \/>\n<meta property=\"og:locale\" content=\"en_US\" \/>\n<meta property=\"og:type\" content=\"article\" \/>\n<meta property=\"og:title\" content=\"First pre-season test against Baxi Manresa - Basquet Girona\" \/>\n<meta property=\"og:description\" content=\"Girona Basketball will face Bages in the 36th Sant Juli\u00e0 de Vilatorta tournament\" \/>\n<meta property=\"og:url\" content=\"https:\/\/basquetgirona.com\/en\/noticia\/first-pre-season-test-against-baxi-manresa\/\" \/>\n<meta property=\"og:site_name\" content=\"Basquet Girona\" \/>\n<meta property=\"article:publisher\" content=\"https:\/\/www.facebook.com\/BasquetGironaOficial\" \/>\n<meta property=\"article:modified_time\" content=\"2025-08-11T12:55:47+00:00\" \/>\n<meta property=\"og:image\" content=\"https:\/\/basquetgirona.com\/wp-content\/uploads\/2023\/09\/miniatura-pre-via-baxi.jpg\" \/>\n\t<meta property=\"og:image:width\" content=\"344\" \/>\n\t<meta property=\"og:image:height\" content=\"182\" \/>\n\t<meta property=\"og:image:type\" content=\"image\/jpeg\" \/>\n<meta name=\"twitter:card\" content=\"summary_large_image\" \/>\n<meta name=\"twitter:site\" content=\"@BasquetGirona\" \/>\n<meta name=\"twitter:label1\" content=\"Est. reading time\" \/>\n\t<meta name=\"twitter:data1\" content=\"2 minutes\" \/>\n<!-- \/ Yoast SEO plugin. -->","yoast_head_json":{"title":"First pre-season test against Baxi Manresa - Basquet Girona","robots":{"index":"index","follow":"follow","max-snippet":"max-snippet:-1","max-image-preview":"max-image-preview:large","max-video-preview":"max-video-preview:-1"},"canonical":"https:\/\/basquetgirona.com\/en\/noticia\/first-pre-season-test-against-baxi-manresa\/","og_locale":"en_US","og_type":"article","og_title":"First pre-season test against Baxi Manresa - Basquet Girona","og_description":"Girona Basketball will face Bages in the 36th Sant Juli\u00e0 de Vilatorta tournament","og_url":"https:\/\/basquetgirona.com\/en\/noticia\/first-pre-season-test-against-baxi-manresa\/","og_site_name":"Basquet Girona","article_publisher":"https:\/\/www.facebook.com\/BasquetGironaOficial","article_modified_time":"2025-08-11T12:55:47+00:00","og_image":[{"width":344,"height":182,"url":"https:\/\/basquetgirona.com\/wp-content\/uploads\/2023\/09\/miniatura-pre-via-baxi.jpg","type":"image\/jpeg"}],"twitter_card":"summary_large_image","twitter_site":"@BasquetGirona","twitter_misc":{"Est. reading time":"2 minutes"},"schema":{"@context":"https:\/\/schema.org","@graph":[{"@type":"NewsArticle","@id":"https:\/\/basquetgirona.com\/en\/noticia\/first-pre-season-test-against-baxi-manresa\/#article","isPartOf":{"@id":"https:\/\/basquetgirona.com\/en\/noticia\/first-pre-season-test-against-baxi-manresa\/"},"author":{"name":"wp6tems","@id":"https:\/\/basquetgirona.com\/en\/#\/schema\/person\/23e2f6077a380ef4bcbafe12c1c99532"},"headline":"First pre-season test against Baxi Manresa","datePublished":"2022-08-26T00:00:00+00:00","dateModified":"2025-08-11T12:55:47+00:00","mainEntityOfPage":{"@id":"https:\/\/basquetgirona.com\/en\/noticia\/first-pre-season-test-against-baxi-manresa\/"},"wordCount":181,"commentCount":0,"publisher":{"@id":"https:\/\/basquetgirona.com\/en\/#organization"},"inLanguage":"en-US"},{"@type":["WebPage","ItemPage"],"@id":"https:\/\/basquetgirona.com\/en\/noticia\/first-pre-season-test-against-baxi-manresa\/","url":"https:\/\/basquetgirona.com\/en\/noticia\/first-pre-season-test-against-baxi-manresa\/","name":"First pre-season test against Baxi Manresa - Basquet Girona","isPartOf":{"@id":"https:\/\/basquetgirona.com\/en\/#website"},"datePublished":"2022-08-26T00:00:00+00:00","dateModified":"2025-08-11T12:55:47+00:00","breadcrumb":{"@id":"https:\/\/basquetgirona.com\/en\/noticia\/first-pre-season-test-against-baxi-manresa\/#breadcrumb"},"inLanguage":"en-US","potentialAction":[{"@type":"ReadAction","target":["https:\/\/basquetgirona.com\/en\/noticia\/first-pre-season-test-against-baxi-manresa\/"]}]},{"@type":"BreadcrumbList","@id":"https:\/\/basquetgirona.com\/en\/noticia\/first-pre-season-test-against-baxi-manresa\/#breadcrumb","itemListElement":[{"@type":"ListItem","position":1,"name":"Inici","item":"https:\/\/basquetgirona.com\/en\/"},{"@type":"ListItem","position":2,"name":"First pre-season test against Baxi Manresa"}]},{"@type":"WebSite","@id":"https:\/\/basquetgirona.com\/en\/#website","url":"https:\/\/basquetgirona.com\/en\/","name":"Basquet Girona","description":"","publisher":{"@id":"https:\/\/basquetgirona.com\/en\/#organization"},"potentialAction":[{"@type":"SearchAction","target":{"@type":"EntryPoint","urlTemplate":"https:\/\/basquetgirona.com\/en\/?s={search_term_string}"},"query-input":"required name=search_term_string"}],"inLanguage":"en-US"},{"@type":"Organization","@id":"https:\/\/basquetgirona.com\/en\/#organization","name":"Basquet Girona","url":"https:\/\/basquetgirona.com\/en\/","logo":{"@type":"ImageObject","inLanguage":"en-US","@id":"https:\/\/basquetgirona.com\/en\/#\/schema\/logo\/image\/","url":"https:\/\/basquetgirona.com\/wp-content\/uploads\/2023\/02\/girona-logo1.png","contentUrl":"https:\/\/basquetgirona.com\/wp-content\/uploads\/2023\/02\/girona-logo1.png","width":124,"height":136,"caption":"Basquet Girona"},"image":{"@id":"https:\/\/basquetgirona.com\/en\/#\/schema\/logo\/image\/"},"sameAs":["https:\/\/www.facebook.com\/BasquetGironaOficial","https:\/\/twitter.com\/BasquetGirona","https:\/\/www.instagram.com\/basquetgirona\/","https:\/\/es.linkedin.com\/company\/bsquet-girona","https:\/\/www.tiktok.com\/@basquetgirona"]},{"@type":"Person","@id":"https:\/\/basquetgirona.com\/en\/#\/schema\/person\/23e2f6077a380ef4bcbafe12c1c99532","name":"wp6tems","image":{"@type":"ImageObject","inLanguage":"en-US","@id":"https:\/\/basquetgirona.com\/en\/#\/schema\/person\/image\/","url":"https:\/\/secure.gravatar.com\/avatar\/bb7e7b41fd75599f16e2481d79259374553199dc2bee29aa20aa615e30729456?s=96&d=mm&r=g","contentUrl":"https:\/\/secure.gravatar.com\/avatar\/bb7e7b41fd75599f16e2481d79259374553199dc2bee29aa20aa615e30729456?s=96&d=mm&r=g","caption":"wp6tems"},"sameAs":["https:\/\/basquetgirona.com"],"url":"https:\/\/basquetgirona.com\/en\/author\/wp6tems\/"}]}},"acf":[],"_links":{"self":[{"href":"https:\/\/basquetgirona.com\/en\/wp-json\/wp\/v2\/noticia\/23504","targetHints":{"allow":["GET"]}}],"collection":[{"href":"https:\/\/basquetgirona.com\/en\/wp-json\/wp\/v2\/noticia"}],"about":[{"href":"https:\/\/basquetgirona.com\/en\/wp-json\/wp\/v2\/types\/noticia"}],"author":[{"embeddable":true,"href":"https:\/\/basquetgirona.com\/en\/wp-json\/wp\/v2\/users\/1"}],"version-history":[{"count":3,"href":"https:\/\/basquetgirona.com\/en\/wp-json\/wp\/v2\/noticia\/23504\/revisions"}],"predecessor-version":[{"id":36667,"href":"https:\/\/basquetgirona.com\/en\/wp-json\/wp\/v2\/noticia\/23504\/revisions\/36667"}],"wp:featuredmedia":[{"embeddable":true,"href":"https:\/\/basquetgirona.com\/en\/wp-json\/wp\/v2\/media\/5315"}],"wp:attachment":[{"href":"https:\/\/basquetgirona.com\/en\/wp-json\/wp\/v2\/media?parent=23504"}],"wp:term":[{"taxonomy":"categoria_noticia","embeddable":true,"href":"https:\/\/basquetgirona.com\/en\/wp-json\/wp\/v2\/categoria_noticia?post=23504"}],"curies":[{"name":"wp","href":"https:\/\/api.w.org\/{rel}","templated":true}]}}