{"id":24787,"date":"2017-12-13T00:00:00","date_gmt":"2017-12-13T00:00:00","guid":{"rendered":"https:\/\/basquetgirona.com\/noticia\/carrasco-and-llano-in-the-recovery-process\/"},"modified":"2026-02-11T12:14:28","modified_gmt":"2026-02-11T12:14:28","slug":"carrasco-and-llano-in-the-recovery-process","status":"publish","type":"noticia","link":"https:\/\/basquetgirona.com\/en\/noticia\/carrasco-and-llano-in-the-recovery-process\/","title":{"rendered":"Carrasco and Llano, in the recovery process"},"content":{"rendered":"<p>After three days of rest, the senior of B\u00e0squet Girona returned to work on Monday with his sights set on this Saturday&#8217;s commitment on the court of Club B\u00e0squet Tarragona (6:30 p.m.), of the twelfth round of the CA group of the EBA League. Raimon Carrasco and Jaime Llano, who have missed the last few matches due to injuries, continue their recovery process and their progress will mark their return to the courts.&nbsp; They are combining sessions in the gym under the supervision of physical trainer, Jorge Abru\u00f1edo, with work with physiotherapist, Jes\u00fas Almaz\u00e1n.&nbsp;<\/p>\n<p>Carrasco sprained his ankle on November 18 against Coalci CB Sant Josep and Llano has been suffering from tendinitis in his knee, which has prevented him from playing since November 12, at the Barber\u00e0 Team Values \u200b\u200bcourt.<\/p>\n","protected":false},"excerpt":{"rendered":"<p>Both are working to put their injuries behind them and get back to work with the whole group<\/p>\n","protected":false},"author":1,"featured_media":9011,"menu_order":0,"template":"","categoria_noticia":[],"class_list":["post-24787","noticia","type-noticia","status-publish","has-post-thumbnail","hentry"],"yoast_head":"<!-- This site is optimized with the Yoast SEO plugin v22.0 - https:\/\/yoast.com\/wordpress\/plugins\/seo\/ -->\n<title>Carrasco and Llano, in the recovery process - Basquet Girona<\/title>\n<meta name=\"robots\" content=\"index, follow, max-snippet:-1, max-image-preview:large, max-video-preview:-1\" \/>\n<link rel=\"canonical\" href=\"https:\/\/basquetgirona.com\/en\/noticia\/carrasco-and-llano-in-the-recovery-process\/\" \/>\n<meta property=\"og:locale\" content=\"en_US\" \/>\n<meta property=\"og:type\" content=\"article\" \/>\n<meta property=\"og:title\" content=\"Carrasco and Llano, in the recovery process - Basquet Girona\" \/>\n<meta property=\"og:description\" content=\"Both are working to put their injuries behind them and get back to work with the whole group\" \/>\n<meta property=\"og:url\" content=\"https:\/\/basquetgirona.com\/en\/noticia\/carrasco-and-llano-in-the-recovery-process\/\" \/>\n<meta property=\"og:site_name\" content=\"Basquet Girona\" \/>\n<meta property=\"article:publisher\" content=\"https:\/\/www.facebook.com\/BasquetGironaOficial\" \/>\n<meta property=\"article:modified_time\" content=\"2026-02-11T12:14:28+00:00\" \/>\n<meta property=\"og:image\" content=\"https:\/\/basquetgirona.com\/wp-content\/uploads\/2023\/09\/lesionssmalll.jpg\" \/>\n\t<meta property=\"og:image:width\" content=\"1\" \/>\n\t<meta property=\"og:image:height\" content=\"1\" \/>\n\t<meta property=\"og:image:type\" content=\"image\/jpeg\" \/>\n<meta name=\"twitter:card\" content=\"summary_large_image\" \/>\n<meta name=\"twitter:site\" content=\"@BasquetGirona\" \/>\n<meta name=\"twitter:label1\" content=\"Est. reading time\" \/>\n\t<meta name=\"twitter:data1\" content=\"1 minute\" \/>\n<!-- \/ Yoast SEO plugin. -->","yoast_head_json":{"title":"Carrasco and Llano, in the recovery process - Basquet Girona","robots":{"index":"index","follow":"follow","max-snippet":"max-snippet:-1","max-image-preview":"max-image-preview:large","max-video-preview":"max-video-preview:-1"},"canonical":"https:\/\/basquetgirona.com\/en\/noticia\/carrasco-and-llano-in-the-recovery-process\/","og_locale":"en_US","og_type":"article","og_title":"Carrasco and Llano, in the recovery process - Basquet Girona","og_description":"Both are working to put their injuries behind them and get back to work with the whole group","og_url":"https:\/\/basquetgirona.com\/en\/noticia\/carrasco-and-llano-in-the-recovery-process\/","og_site_name":"Basquet Girona","article_publisher":"https:\/\/www.facebook.com\/BasquetGironaOficial","article_modified_time":"2026-02-11T12:14:28+00:00","og_image":[{"url":"https:\/\/basquetgirona.com\/wp-content\/uploads\/2023\/09\/lesionssmalll.jpg","width":1,"height":1,"type":"image\/jpeg"}],"twitter_card":"summary_large_image","twitter_site":"@BasquetGirona","twitter_misc":{"Est. reading time":"1 minute"},"schema":{"@context":"https:\/\/schema.org","@graph":[{"@type":"NewsArticle","@id":"https:\/\/basquetgirona.com\/en\/noticia\/carrasco-and-llano-in-the-recovery-process\/#article","isPartOf":{"@id":"https:\/\/basquetgirona.com\/en\/noticia\/carrasco-and-llano-in-the-recovery-process\/"},"author":{"name":"wp6tems","@id":"https:\/\/basquetgirona.com\/en\/#\/schema\/person\/23e2f6077a380ef4bcbafe12c1c99532"},"headline":"Carrasco and Llano, in the recovery process","datePublished":"2017-12-13T00:00:00+00:00","dateModified":"2026-02-11T12:14:28+00:00","mainEntityOfPage":{"@id":"https:\/\/basquetgirona.com\/en\/noticia\/carrasco-and-llano-in-the-recovery-process\/"},"wordCount":143,"commentCount":0,"publisher":{"@id":"https:\/\/basquetgirona.com\/en\/#organization"},"inLanguage":"en-US"},{"@type":["WebPage","ItemPage"],"@id":"https:\/\/basquetgirona.com\/en\/noticia\/carrasco-and-llano-in-the-recovery-process\/","url":"https:\/\/basquetgirona.com\/en\/noticia\/carrasco-and-llano-in-the-recovery-process\/","name":"Carrasco and Llano, in the recovery process - Basquet Girona","isPartOf":{"@id":"https:\/\/basquetgirona.com\/en\/#website"},"datePublished":"2017-12-13T00:00:00+00:00","dateModified":"2026-02-11T12:14:28+00:00","breadcrumb":{"@id":"https:\/\/basquetgirona.com\/en\/noticia\/carrasco-and-llano-in-the-recovery-process\/#breadcrumb"},"inLanguage":"en-US","potentialAction":[{"@type":"ReadAction","target":["https:\/\/basquetgirona.com\/en\/noticia\/carrasco-and-llano-in-the-recovery-process\/"]}]},{"@type":"BreadcrumbList","@id":"https:\/\/basquetgirona.com\/en\/noticia\/carrasco-and-llano-in-the-recovery-process\/#breadcrumb","itemListElement":[{"@type":"ListItem","position":1,"name":"Inici","item":"https:\/\/basquetgirona.com\/en\/"},{"@type":"ListItem","position":2,"name":"Carrasco and Llano, in the recovery process"}]},{"@type":"WebSite","@id":"https:\/\/basquetgirona.com\/en\/#website","url":"https:\/\/basquetgirona.com\/en\/","name":"Basquet Girona","description":"","publisher":{"@id":"https:\/\/basquetgirona.com\/en\/#organization"},"potentialAction":[{"@type":"SearchAction","target":{"@type":"EntryPoint","urlTemplate":"https:\/\/basquetgirona.com\/en\/?s={search_term_string}"},"query-input":"required name=search_term_string"}],"inLanguage":"en-US"},{"@type":"Organization","@id":"https:\/\/basquetgirona.com\/en\/#organization","name":"Basquet Girona","url":"https:\/\/basquetgirona.com\/en\/","logo":{"@type":"ImageObject","inLanguage":"en-US","@id":"https:\/\/basquetgirona.com\/en\/#\/schema\/logo\/image\/","url":"https:\/\/basquetgirona.com\/wp-content\/uploads\/2023\/02\/girona-logo1.png","contentUrl":"https:\/\/basquetgirona.com\/wp-content\/uploads\/2023\/02\/girona-logo1.png","width":124,"height":136,"caption":"Basquet Girona"},"image":{"@id":"https:\/\/basquetgirona.com\/en\/#\/schema\/logo\/image\/"},"sameAs":["https:\/\/www.facebook.com\/BasquetGironaOficial","https:\/\/twitter.com\/BasquetGirona","https:\/\/www.instagram.com\/basquetgirona\/","https:\/\/es.linkedin.com\/company\/bsquet-girona","https:\/\/www.tiktok.com\/@basquetgirona"]},{"@type":"Person","@id":"https:\/\/basquetgirona.com\/en\/#\/schema\/person\/23e2f6077a380ef4bcbafe12c1c99532","name":"wp6tems","image":{"@type":"ImageObject","inLanguage":"en-US","@id":"https:\/\/basquetgirona.com\/en\/#\/schema\/person\/image\/","url":"https:\/\/secure.gravatar.com\/avatar\/bb7e7b41fd75599f16e2481d79259374553199dc2bee29aa20aa615e30729456?s=96&d=mm&r=g","contentUrl":"https:\/\/secure.gravatar.com\/avatar\/bb7e7b41fd75599f16e2481d79259374553199dc2bee29aa20aa615e30729456?s=96&d=mm&r=g","caption":"wp6tems"},"sameAs":["https:\/\/basquetgirona.com"],"url":"https:\/\/basquetgirona.com\/en\/author\/wp6tems\/"}]}},"acf":[],"_links":{"self":[{"href":"https:\/\/basquetgirona.com\/en\/wp-json\/wp\/v2\/noticia\/24787","targetHints":{"allow":["GET"]}}],"collection":[{"href":"https:\/\/basquetgirona.com\/en\/wp-json\/wp\/v2\/noticia"}],"about":[{"href":"https:\/\/basquetgirona.com\/en\/wp-json\/wp\/v2\/types\/noticia"}],"author":[{"embeddable":true,"href":"https:\/\/basquetgirona.com\/en\/wp-json\/wp\/v2\/users\/1"}],"version-history":[{"count":4,"href":"https:\/\/basquetgirona.com\/en\/wp-json\/wp\/v2\/noticia\/24787\/revisions"}],"predecessor-version":[{"id":54418,"href":"https:\/\/basquetgirona.com\/en\/wp-json\/wp\/v2\/noticia\/24787\/revisions\/54418"}],"wp:featuredmedia":[{"embeddable":true,"href":"https:\/\/basquetgirona.com\/en\/wp-json\/wp\/v2\/media\/9011"}],"wp:attachment":[{"href":"https:\/\/basquetgirona.com\/en\/wp-json\/wp\/v2\/media?parent=24787"}],"wp:term":[{"taxonomy":"categoria_noticia","embeddable":true,"href":"https:\/\/basquetgirona.com\/en\/wp-json\/wp\/v2\/categoria_noticia?post=24787"}],"curies":[{"name":"wp","href":"https:\/\/api.w.org\/{rel}","templated":true}]}}