{"id":24808,"date":"2017-08-18T00:00:00","date_gmt":"2017-08-18T00:00:00","guid":{"rendered":"https:\/\/basquetgirona.com\/noticia\/the-base-already-has-its-technical-teams\/"},"modified":"2026-02-11T12:14:04","modified_gmt":"2026-02-11T12:14:04","slug":"the-base-already-has-its-technical-teams","status":"publish","type":"noticia","link":"https:\/\/basquetgirona.com\/en\/noticia\/the-base-already-has-its-technical-teams\/","title":{"rendered":"The base already has its technical teams"},"content":{"rendered":"<p>B\u00e0squet Girona has already finalized the coaching staff for each of the six youth teams for this coming season. The U18 have been the earliest to get to work and all the rest are doing it gradually. &nbsp;<\/p>\n<p><strong>U18<\/strong><\/p>\n<p>After a one-year hiatus, Jordi Sargatal returns to the club to take charge of the U18. He will have Sergi Juanola as assistant and Biel Colominas as delegate. The physical preparation will be carried out by Jorge Abru\u00f1edo, who will combine it with the senior, and Guillem Ferrer.  <\/p>\n<p><strong>U17<\/strong><\/p>\n<p>Milo Nunes, assistant also in the senior team, will lead the team with Rub\u00e9n Salido as assistant. Guillem Ferrer will work as physical trainer and delegate. &nbsp;<\/p>\n<p><strong>U16<\/strong><\/p>\n<p>Ra\u00fcl Galobardes remains in charge of the U16, which remained in Preferent last year. Next to him, Carles Nadal will act as assistant and Anna J\u00f2dar, as delegate and physical trainer. &nbsp;<\/p>\n<p><strong>U15<\/strong><\/p>\n<p>Quim Gala takes the reins of the U15 this year. It will have Marc Oliv\u00e9 as assistant and delegate and Ann\u00e0 J\u00f2dar as physical trainer. <\/p>\n<p><strong>U14<\/strong><\/p>\n<p>The U14 will be led this season by Albert Roca. The team will be completed by Miquel Fuentes as assistant and physical trainer and Jordi Carrera, as delegate. &nbsp;<\/p>\n<p><strong>U13<\/strong><\/p>\n<p>Andreu Vil\u00e0 will take charge of the U13, with Albert Junc\u00e0 combining the functions of assistant and delegate.&nbsp;<\/p>\n<p>&nbsp;<\/p>\n<p><em>(*) &#8211; In the picture (from left to right), Anna J\u00f2dar, Ra\u00fcl Galobardes and Carles Nadal, U16 coaching staff<\/em><\/p>\n","protected":false},"excerpt":{"rendered":"<p>The U18 have been the first to start pre-season training<\/p>\n","protected":false},"author":1,"featured_media":9129,"menu_order":0,"template":"","categoria_noticia":[],"class_list":["post-24808","noticia","type-noticia","status-publish","has-post-thumbnail","hentry"],"yoast_head":"<!-- This site is optimized with the Yoast SEO plugin v22.0 - https:\/\/yoast.com\/wordpress\/plugins\/seo\/ -->\n<title>The base already has its technical teams - Basquet Girona<\/title>\n<meta name=\"robots\" content=\"index, follow, max-snippet:-1, max-image-preview:large, max-video-preview:-1\" \/>\n<link rel=\"canonical\" href=\"https:\/\/basquetgirona.com\/en\/noticia\/the-base-already-has-its-technical-teams\/\" \/>\n<meta property=\"og:locale\" content=\"en_US\" \/>\n<meta property=\"og:type\" content=\"article\" \/>\n<meta property=\"og:title\" content=\"The base already has its technical teams - Basquet Girona\" \/>\n<meta property=\"og:description\" content=\"The U18 have been the first to start pre-season training\" \/>\n<meta property=\"og:url\" content=\"https:\/\/basquetgirona.com\/en\/noticia\/the-base-already-has-its-technical-teams\/\" \/>\n<meta property=\"og:site_name\" content=\"Basquet Girona\" \/>\n<meta property=\"article:publisher\" content=\"https:\/\/www.facebook.com\/BasquetGironaOficial\" \/>\n<meta property=\"article:modified_time\" content=\"2026-02-11T12:14:04+00:00\" \/>\n<meta property=\"og:image\" content=\"https:\/\/basquetgirona.com\/wp-content\/uploads\/2023\/09\/u16petita.jpg\" \/>\n\t<meta property=\"og:image:width\" content=\"1\" \/>\n\t<meta property=\"og:image:height\" content=\"1\" \/>\n\t<meta property=\"og:image:type\" content=\"image\/jpeg\" \/>\n<meta name=\"twitter:card\" content=\"summary_large_image\" \/>\n<meta name=\"twitter:site\" content=\"@BasquetGirona\" \/>\n<meta name=\"twitter:label1\" content=\"Est. reading time\" \/>\n\t<meta name=\"twitter:data1\" content=\"1 minute\" \/>\n<!-- \/ Yoast SEO plugin. -->","yoast_head_json":{"title":"The base already has its technical teams - Basquet Girona","robots":{"index":"index","follow":"follow","max-snippet":"max-snippet:-1","max-image-preview":"max-image-preview:large","max-video-preview":"max-video-preview:-1"},"canonical":"https:\/\/basquetgirona.com\/en\/noticia\/the-base-already-has-its-technical-teams\/","og_locale":"en_US","og_type":"article","og_title":"The base already has its technical teams - Basquet Girona","og_description":"The U18 have been the first to start pre-season training","og_url":"https:\/\/basquetgirona.com\/en\/noticia\/the-base-already-has-its-technical-teams\/","og_site_name":"Basquet Girona","article_publisher":"https:\/\/www.facebook.com\/BasquetGironaOficial","article_modified_time":"2026-02-11T12:14:04+00:00","og_image":[{"url":"https:\/\/basquetgirona.com\/wp-content\/uploads\/2023\/09\/u16petita.jpg","width":1,"height":1,"type":"image\/jpeg"}],"twitter_card":"summary_large_image","twitter_site":"@BasquetGirona","twitter_misc":{"Est. reading time":"1 minute"},"schema":{"@context":"https:\/\/schema.org","@graph":[{"@type":"NewsArticle","@id":"https:\/\/basquetgirona.com\/en\/noticia\/the-base-already-has-its-technical-teams\/#article","isPartOf":{"@id":"https:\/\/basquetgirona.com\/en\/noticia\/the-base-already-has-its-technical-teams\/"},"author":{"name":"wp6tems","@id":"https:\/\/basquetgirona.com\/en\/#\/schema\/person\/23e2f6077a380ef4bcbafe12c1c99532"},"headline":"The base already has its technical teams","datePublished":"2017-08-18T00:00:00+00:00","dateModified":"2026-02-11T12:14:04+00:00","mainEntityOfPage":{"@id":"https:\/\/basquetgirona.com\/en\/noticia\/the-base-already-has-its-technical-teams\/"},"wordCount":258,"commentCount":0,"publisher":{"@id":"https:\/\/basquetgirona.com\/en\/#organization"},"inLanguage":"en-US"},{"@type":["WebPage","ItemPage"],"@id":"https:\/\/basquetgirona.com\/en\/noticia\/the-base-already-has-its-technical-teams\/","url":"https:\/\/basquetgirona.com\/en\/noticia\/the-base-already-has-its-technical-teams\/","name":"The base already has its technical teams - Basquet Girona","isPartOf":{"@id":"https:\/\/basquetgirona.com\/en\/#website"},"datePublished":"2017-08-18T00:00:00+00:00","dateModified":"2026-02-11T12:14:04+00:00","breadcrumb":{"@id":"https:\/\/basquetgirona.com\/en\/noticia\/the-base-already-has-its-technical-teams\/#breadcrumb"},"inLanguage":"en-US","potentialAction":[{"@type":"ReadAction","target":["https:\/\/basquetgirona.com\/en\/noticia\/the-base-already-has-its-technical-teams\/"]}]},{"@type":"BreadcrumbList","@id":"https:\/\/basquetgirona.com\/en\/noticia\/the-base-already-has-its-technical-teams\/#breadcrumb","itemListElement":[{"@type":"ListItem","position":1,"name":"Inici","item":"https:\/\/basquetgirona.com\/en\/"},{"@type":"ListItem","position":2,"name":"The base already has its technical teams"}]},{"@type":"WebSite","@id":"https:\/\/basquetgirona.com\/en\/#website","url":"https:\/\/basquetgirona.com\/en\/","name":"Basquet Girona","description":"","publisher":{"@id":"https:\/\/basquetgirona.com\/en\/#organization"},"potentialAction":[{"@type":"SearchAction","target":{"@type":"EntryPoint","urlTemplate":"https:\/\/basquetgirona.com\/en\/?s={search_term_string}"},"query-input":"required name=search_term_string"}],"inLanguage":"en-US"},{"@type":"Organization","@id":"https:\/\/basquetgirona.com\/en\/#organization","name":"Basquet Girona","url":"https:\/\/basquetgirona.com\/en\/","logo":{"@type":"ImageObject","inLanguage":"en-US","@id":"https:\/\/basquetgirona.com\/en\/#\/schema\/logo\/image\/","url":"https:\/\/basquetgirona.com\/wp-content\/uploads\/2023\/02\/girona-logo1.png","contentUrl":"https:\/\/basquetgirona.com\/wp-content\/uploads\/2023\/02\/girona-logo1.png","width":124,"height":136,"caption":"Basquet Girona"},"image":{"@id":"https:\/\/basquetgirona.com\/en\/#\/schema\/logo\/image\/"},"sameAs":["https:\/\/www.facebook.com\/BasquetGironaOficial","https:\/\/twitter.com\/BasquetGirona","https:\/\/www.instagram.com\/basquetgirona\/","https:\/\/es.linkedin.com\/company\/bsquet-girona","https:\/\/www.tiktok.com\/@basquetgirona"]},{"@type":"Person","@id":"https:\/\/basquetgirona.com\/en\/#\/schema\/person\/23e2f6077a380ef4bcbafe12c1c99532","name":"wp6tems","image":{"@type":"ImageObject","inLanguage":"en-US","@id":"https:\/\/basquetgirona.com\/en\/#\/schema\/person\/image\/","url":"https:\/\/secure.gravatar.com\/avatar\/bb7e7b41fd75599f16e2481d79259374553199dc2bee29aa20aa615e30729456?s=96&d=mm&r=g","contentUrl":"https:\/\/secure.gravatar.com\/avatar\/bb7e7b41fd75599f16e2481d79259374553199dc2bee29aa20aa615e30729456?s=96&d=mm&r=g","caption":"wp6tems"},"sameAs":["https:\/\/basquetgirona.com"],"url":"https:\/\/basquetgirona.com\/en\/author\/wp6tems\/"}]}},"acf":[],"_links":{"self":[{"href":"https:\/\/basquetgirona.com\/en\/wp-json\/wp\/v2\/noticia\/24808","targetHints":{"allow":["GET"]}}],"collection":[{"href":"https:\/\/basquetgirona.com\/en\/wp-json\/wp\/v2\/noticia"}],"about":[{"href":"https:\/\/basquetgirona.com\/en\/wp-json\/wp\/v2\/types\/noticia"}],"author":[{"embeddable":true,"href":"https:\/\/basquetgirona.com\/en\/wp-json\/wp\/v2\/users\/1"}],"version-history":[{"count":4,"href":"https:\/\/basquetgirona.com\/en\/wp-json\/wp\/v2\/noticia\/24808\/revisions"}],"predecessor-version":[{"id":55458,"href":"https:\/\/basquetgirona.com\/en\/wp-json\/wp\/v2\/noticia\/24808\/revisions\/55458"}],"wp:featuredmedia":[{"embeddable":true,"href":"https:\/\/basquetgirona.com\/en\/wp-json\/wp\/v2\/media\/9129"}],"wp:attachment":[{"href":"https:\/\/basquetgirona.com\/en\/wp-json\/wp\/v2\/media?parent=24808"}],"wp:term":[{"taxonomy":"categoria_noticia","embeddable":true,"href":"https:\/\/basquetgirona.com\/en\/wp-json\/wp\/v2\/categoria_noticia?post=24808"}],"curies":[{"name":"wp","href":"https:\/\/api.w.org\/{rel}","templated":true}]}}