{"id":25587,"date":"2024-03-15T09:06:16","date_gmt":"2024-03-15T09:06:16","guid":{"rendered":"https:\/\/basquetgirona.com\/noticia\/we-celebrate-10-years-of-girona-basketball\/"},"modified":"2025-10-03T09:50:03","modified_gmt":"2025-10-03T09:50:03","slug":"we-celebrate-10-years-of-girona-basketball","status":"publish","type":"noticia","link":"https:\/\/basquetgirona.com\/en\/noticia\/we-celebrate-10-years-of-girona-basketball\/","title":{"rendered":"WE CELEBRATE 10 YEARS OF GIRONA BASKETBALL"},"content":{"rendered":"\n<p>To celebrate the 10th anniversary of the birth of B\u00e0squet Girona, the club has been preparing a series of actions designed for all fans for many months, which will be carried out during this year. This will allow the club to be able to celebrate this decade of success since its foundation.<\/p>\n\n<p>These actions will be related to many different aspects. One of these initiatives is related to the design of an exclusive commemorative shirt for the 10th anniversary of B\u00e0squet Girona, which will be displayed during the match on April 14 against Bar\u00e7a, which will have different details from the current kit.<\/p>\n\n<p>It should be noted that there will be a collection of NFT&#8217;s coming out soon. Actions related to sustainability will also be of great importance especially during the Flower Season, these will be linked to the ICRA and the water cycle.<\/p>\n\n<p>There will be a popular lunch with the Base of the club that will include all the boys and girls who are part of it.<\/p>\n\n<p>The official Easter bunny of B\u00e0squet Girona has also been presented in collaboration with the Can Torn\u00e9s pastry shop and later on, an ice cream commemorating the ten years of B\u00e0squet Girona will be released together with Rocambolesc.<\/p>\n\n<p>Stefi Batlle &#8220;The last match of the season in Fontajau against Casademont Zaragoza will revolve around ten years, there will be different activities and recognition will be given to people linked to the Club&#8221;. Despite being the central event of the ten years, this celebration lasts throughout the year. The club is also working to have a pre-season game against a possible team in European competitions.<\/p>\n\n<p>But that&#8217;s not all, there are many other initiatives scheduled for this celebration. With these actions the club wants to celebrate its successes and do it together with all the fans who have been part of this decade<\/p>\n","protected":false},"excerpt":{"rendered":"<p>To celebrate the 10th anniversary of the birth of B\u00e0squet Girona, the club has been preparing a series of actions designed for all fans for many months, which will be carried out during this year. This will allow the club to be able to celebrate this decade of success since its foundation. These actions will [&hellip;]<\/p>\n","protected":false},"author":4,"featured_media":22007,"menu_order":0,"template":"","categoria_noticia":[189,308],"class_list":["post-25587","noticia","type-noticia","status-publish","has-post-thumbnail","hentry","categoria_noticia-teams","categoria_noticia-base-en-2"],"yoast_head":"<!-- This site is optimized with the Yoast SEO plugin v22.0 - https:\/\/yoast.com\/wordpress\/plugins\/seo\/ -->\n<title>WE CELEBRATE 10 YEARS OF GIRONA BASKETBALL - Basquet Girona<\/title>\n<meta name=\"robots\" content=\"index, follow, max-snippet:-1, max-image-preview:large, max-video-preview:-1\" \/>\n<link rel=\"canonical\" href=\"https:\/\/basquetgirona.com\/en\/noticia\/we-celebrate-10-years-of-girona-basketball\/\" \/>\n<meta property=\"og:locale\" content=\"en_US\" \/>\n<meta property=\"og:type\" content=\"article\" \/>\n<meta property=\"og:title\" content=\"WE CELEBRATE 10 YEARS OF GIRONA BASKETBALL - Basquet Girona\" \/>\n<meta property=\"og:description\" content=\"To celebrate the 10th anniversary of the birth of B\u00e0squet Girona, the club has been preparing a series of actions designed for all fans for many months, which will be carried out during this year. This will allow the club to be able to celebrate this decade of success since its foundation. These actions will [&hellip;]\" \/>\n<meta property=\"og:url\" content=\"https:\/\/basquetgirona.com\/en\/noticia\/we-celebrate-10-years-of-girona-basketball\/\" \/>\n<meta property=\"og:site_name\" content=\"Basquet Girona\" \/>\n<meta property=\"article:publisher\" content=\"https:\/\/www.facebook.com\/BasquetGironaOficial\" \/>\n<meta property=\"article:modified_time\" content=\"2025-10-03T09:50:03+00:00\" \/>\n<meta property=\"og:image\" content=\"https:\/\/basquetgirona.com\/wp-content\/uploads\/2024\/03\/ClubCreatiu_BasquetGirona_J23-15-2-scaled.webp\" \/>\n\t<meta property=\"og:image:width\" content=\"2560\" \/>\n\t<meta property=\"og:image:height\" content=\"1707\" \/>\n\t<meta property=\"og:image:type\" content=\"image\/jpeg\" \/>\n<meta name=\"twitter:card\" content=\"summary_large_image\" \/>\n<meta name=\"twitter:site\" content=\"@BasquetGirona\" \/>\n<meta name=\"twitter:label1\" content=\"Est. reading time\" \/>\n\t<meta name=\"twitter:data1\" content=\"2 minutes\" \/>\n<!-- \/ Yoast SEO plugin. -->","yoast_head_json":{"title":"WE CELEBRATE 10 YEARS OF GIRONA BASKETBALL - Basquet Girona","robots":{"index":"index","follow":"follow","max-snippet":"max-snippet:-1","max-image-preview":"max-image-preview:large","max-video-preview":"max-video-preview:-1"},"canonical":"https:\/\/basquetgirona.com\/en\/noticia\/we-celebrate-10-years-of-girona-basketball\/","og_locale":"en_US","og_type":"article","og_title":"WE CELEBRATE 10 YEARS OF GIRONA BASKETBALL - Basquet Girona","og_description":"To celebrate the 10th anniversary of the birth of B\u00e0squet Girona, the club has been preparing a series of actions designed for all fans for many months, which will be carried out during this year. This will allow the club to be able to celebrate this decade of success since its foundation. These actions will [&hellip;]","og_url":"https:\/\/basquetgirona.com\/en\/noticia\/we-celebrate-10-years-of-girona-basketball\/","og_site_name":"Basquet Girona","article_publisher":"https:\/\/www.facebook.com\/BasquetGironaOficial","article_modified_time":"2025-10-03T09:50:03+00:00","og_image":[{"width":2560,"height":1707,"url":"https:\/\/basquetgirona.com\/wp-content\/uploads\/2024\/03\/ClubCreatiu_BasquetGirona_J23-15-2-scaled.webp","type":"image\/jpeg"}],"twitter_card":"summary_large_image","twitter_site":"@BasquetGirona","twitter_misc":{"Est. reading time":"2 minutes"},"schema":{"@context":"https:\/\/schema.org","@graph":[{"@type":"NewsArticle","@id":"https:\/\/basquetgirona.com\/en\/noticia\/we-celebrate-10-years-of-girona-basketball\/#article","isPartOf":{"@id":"https:\/\/basquetgirona.com\/en\/noticia\/we-celebrate-10-years-of-girona-basketball\/"},"author":{"name":"Pau De Castro","@id":"https:\/\/basquetgirona.com\/en\/#\/schema\/person\/9196efe7de3d62004e09ea79cd72b8d5"},"headline":"WE CELEBRATE 10 YEARS OF GIRONA BASKETBALL","datePublished":"2024-03-15T09:06:16+00:00","dateModified":"2025-10-03T09:50:03+00:00","mainEntityOfPage":{"@id":"https:\/\/basquetgirona.com\/en\/noticia\/we-celebrate-10-years-of-girona-basketball\/"},"wordCount":322,"publisher":{"@id":"https:\/\/basquetgirona.com\/en\/#organization"},"inLanguage":"en-US"},{"@type":["WebPage","ItemPage"],"@id":"https:\/\/basquetgirona.com\/en\/noticia\/we-celebrate-10-years-of-girona-basketball\/","url":"https:\/\/basquetgirona.com\/en\/noticia\/we-celebrate-10-years-of-girona-basketball\/","name":"WE CELEBRATE 10 YEARS OF GIRONA BASKETBALL - Basquet Girona","isPartOf":{"@id":"https:\/\/basquetgirona.com\/en\/#website"},"datePublished":"2024-03-15T09:06:16+00:00","dateModified":"2025-10-03T09:50:03+00:00","breadcrumb":{"@id":"https:\/\/basquetgirona.com\/en\/noticia\/we-celebrate-10-years-of-girona-basketball\/#breadcrumb"},"inLanguage":"en-US","potentialAction":[{"@type":"ReadAction","target":["https:\/\/basquetgirona.com\/en\/noticia\/we-celebrate-10-years-of-girona-basketball\/"]}]},{"@type":"BreadcrumbList","@id":"https:\/\/basquetgirona.com\/en\/noticia\/we-celebrate-10-years-of-girona-basketball\/#breadcrumb","itemListElement":[{"@type":"ListItem","position":1,"name":"Inici","item":"https:\/\/basquetgirona.com\/en\/"},{"@type":"ListItem","position":2,"name":"WE CELEBRATE 10 YEARS OF GIRONA BASKETBALL"}]},{"@type":"WebSite","@id":"https:\/\/basquetgirona.com\/en\/#website","url":"https:\/\/basquetgirona.com\/en\/","name":"Basquet Girona","description":"","publisher":{"@id":"https:\/\/basquetgirona.com\/en\/#organization"},"potentialAction":[{"@type":"SearchAction","target":{"@type":"EntryPoint","urlTemplate":"https:\/\/basquetgirona.com\/en\/?s={search_term_string}"},"query-input":"required name=search_term_string"}],"inLanguage":"en-US"},{"@type":"Organization","@id":"https:\/\/basquetgirona.com\/en\/#organization","name":"Basquet Girona","url":"https:\/\/basquetgirona.com\/en\/","logo":{"@type":"ImageObject","inLanguage":"en-US","@id":"https:\/\/basquetgirona.com\/en\/#\/schema\/logo\/image\/","url":"https:\/\/basquetgirona.com\/wp-content\/uploads\/2023\/02\/girona-logo1.png","contentUrl":"https:\/\/basquetgirona.com\/wp-content\/uploads\/2023\/02\/girona-logo1.png","width":124,"height":136,"caption":"Basquet Girona"},"image":{"@id":"https:\/\/basquetgirona.com\/en\/#\/schema\/logo\/image\/"},"sameAs":["https:\/\/www.facebook.com\/BasquetGironaOficial","https:\/\/twitter.com\/BasquetGirona","https:\/\/www.instagram.com\/basquetgirona\/","https:\/\/es.linkedin.com\/company\/bsquet-girona","https:\/\/www.tiktok.com\/@basquetgirona"]},{"@type":"Person","@id":"https:\/\/basquetgirona.com\/en\/#\/schema\/person\/9196efe7de3d62004e09ea79cd72b8d5","name":"Pau De Castro","image":{"@type":"ImageObject","inLanguage":"en-US","@id":"https:\/\/basquetgirona.com\/en\/#\/schema\/person\/image\/","url":"https:\/\/secure.gravatar.com\/avatar\/311a301e125ef9f088e17c727474e75fb5b82151095ccfc4b6e27ae4855b5814?s=96&d=mm&r=g","contentUrl":"https:\/\/secure.gravatar.com\/avatar\/311a301e125ef9f088e17c727474e75fb5b82151095ccfc4b6e27ae4855b5814?s=96&d=mm&r=g","caption":"Pau De Castro"},"url":"https:\/\/basquetgirona.com\/en\/author\/pdcastro\/"}]}},"acf":[],"_links":{"self":[{"href":"https:\/\/basquetgirona.com\/en\/wp-json\/wp\/v2\/noticia\/25587","targetHints":{"allow":["GET"]}}],"collection":[{"href":"https:\/\/basquetgirona.com\/en\/wp-json\/wp\/v2\/noticia"}],"about":[{"href":"https:\/\/basquetgirona.com\/en\/wp-json\/wp\/v2\/types\/noticia"}],"author":[{"embeddable":true,"href":"https:\/\/basquetgirona.com\/en\/wp-json\/wp\/v2\/users\/4"}],"version-history":[{"count":7,"href":"https:\/\/basquetgirona.com\/en\/wp-json\/wp\/v2\/noticia\/25587\/revisions"}],"predecessor-version":[{"id":54558,"href":"https:\/\/basquetgirona.com\/en\/wp-json\/wp\/v2\/noticia\/25587\/revisions\/54558"}],"wp:featuredmedia":[{"embeddable":true,"href":"https:\/\/basquetgirona.com\/en\/wp-json\/wp\/v2\/media\/22007"}],"wp:attachment":[{"href":"https:\/\/basquetgirona.com\/en\/wp-json\/wp\/v2\/media?parent=25587"}],"wp:term":[{"taxonomy":"categoria_noticia","embeddable":true,"href":"https:\/\/basquetgirona.com\/en\/wp-json\/wp\/v2\/categoria_noticia?post=25587"}],"curies":[{"name":"wp","href":"https:\/\/api.w.org\/{rel}","templated":true}]}}