{"id":48791,"date":"2025-07-03T09:57:48","date_gmt":"2025-07-03T09:57:48","guid":{"rendered":"https:\/\/basquetgirona.com\/noticia\/thank-you-caffaro\/"},"modified":"2025-10-03T18:49:49","modified_gmt":"2025-10-03T18:49:49","slug":"thank-you-caffaro","status":"publish","type":"noticia","link":"https:\/\/basquetgirona.com\/en\/noticia\/thank-you-caffaro\/","title":{"rendered":"Thank you, Caffaro."},"content":{"rendered":"\n<p>C\u00e1ffaro will not continue as a player for B\u00e0squet Girona.<\/p>\n\n<p>B\u00e0squet Girona wants to show its gratitude for its commitment and professionalism during the time it has worn our shirt and wishes it the best of luck in its future.<\/p>\n","protected":false},"excerpt":{"rendered":"<p>C\u00e1ffaro will not continue as a player for B\u00e0squet Girona. B\u00e0squet Girona wants to show its gratitude for its commitment and professionalism during the time it has worn our shirt and wishes it the best of luck in its future.<\/p>\n","protected":false},"author":4,"featured_media":48788,"menu_order":0,"template":"","categoria_noticia":[],"class_list":["post-48791","noticia","type-noticia","status-publish","has-post-thumbnail","hentry"],"yoast_head":"<!-- This site is optimized with the Yoast SEO plugin v22.0 - https:\/\/yoast.com\/wordpress\/plugins\/seo\/ -->\n<title>Thank you, Caffaro. - Basquet Girona<\/title>\n<meta name=\"robots\" content=\"index, follow, max-snippet:-1, max-image-preview:large, max-video-preview:-1\" \/>\n<link rel=\"canonical\" href=\"https:\/\/basquetgirona.com\/en\/noticia\/thank-you-caffaro\/\" \/>\n<meta property=\"og:locale\" content=\"en_US\" \/>\n<meta property=\"og:type\" content=\"article\" \/>\n<meta property=\"og:title\" content=\"Thank you, Caffaro. - Basquet Girona\" \/>\n<meta property=\"og:description\" content=\"C\u00e1ffaro will not continue as a player for B\u00e0squet Girona. B\u00e0squet Girona wants to show its gratitude for its commitment and professionalism during the time it has worn our shirt and wishes it the best of luck in its future.\" \/>\n<meta property=\"og:url\" content=\"https:\/\/basquetgirona.com\/en\/noticia\/thank-you-caffaro\/\" \/>\n<meta property=\"og:site_name\" content=\"Basquet Girona\" \/>\n<meta property=\"article:publisher\" content=\"https:\/\/www.facebook.com\/BasquetGironaOficial\" \/>\n<meta property=\"article:modified_time\" content=\"2025-10-03T18:49:49+00:00\" \/>\n<meta property=\"og:image\" content=\"https:\/\/basquetgirona.com\/wp-content\/uploads\/2025\/07\/Gurhc3BXYAASPKm.webp\" \/>\n\t<meta property=\"og:image:width\" content=\"1080\" \/>\n\t<meta property=\"og:image:height\" content=\"650\" \/>\n\t<meta property=\"og:image:type\" content=\"image\/jpeg\" \/>\n<meta name=\"twitter:card\" content=\"summary_large_image\" \/>\n<meta name=\"twitter:site\" content=\"@BasquetGirona\" \/>\n<!-- \/ Yoast SEO plugin. -->","yoast_head_json":{"title":"Thank you, Caffaro. - Basquet Girona","robots":{"index":"index","follow":"follow","max-snippet":"max-snippet:-1","max-image-preview":"max-image-preview:large","max-video-preview":"max-video-preview:-1"},"canonical":"https:\/\/basquetgirona.com\/en\/noticia\/thank-you-caffaro\/","og_locale":"en_US","og_type":"article","og_title":"Thank you, Caffaro. - Basquet Girona","og_description":"C\u00e1ffaro will not continue as a player for B\u00e0squet Girona. B\u00e0squet Girona wants to show its gratitude for its commitment and professionalism during the time it has worn our shirt and wishes it the best of luck in its future.","og_url":"https:\/\/basquetgirona.com\/en\/noticia\/thank-you-caffaro\/","og_site_name":"Basquet Girona","article_publisher":"https:\/\/www.facebook.com\/BasquetGironaOficial","article_modified_time":"2025-10-03T18:49:49+00:00","og_image":[{"width":1080,"height":650,"url":"https:\/\/basquetgirona.com\/wp-content\/uploads\/2025\/07\/Gurhc3BXYAASPKm.webp","type":"image\/jpeg"}],"twitter_card":"summary_large_image","twitter_site":"@BasquetGirona","schema":{"@context":"https:\/\/schema.org","@graph":[{"@type":"NewsArticle","@id":"https:\/\/basquetgirona.com\/en\/noticia\/thank-you-caffaro\/#article","isPartOf":{"@id":"https:\/\/basquetgirona.com\/en\/noticia\/thank-you-caffaro\/"},"author":{"name":"Pau De Castro","@id":"https:\/\/basquetgirona.com\/en\/#\/schema\/person\/9196efe7de3d62004e09ea79cd72b8d5"},"headline":"Thank you, Caffaro.","datePublished":"2025-07-03T09:57:48+00:00","dateModified":"2025-10-03T18:49:49+00:00","mainEntityOfPage":{"@id":"https:\/\/basquetgirona.com\/en\/noticia\/thank-you-caffaro\/"},"wordCount":46,"publisher":{"@id":"https:\/\/basquetgirona.com\/en\/#organization"},"inLanguage":"en-US"},{"@type":["WebPage","ItemPage"],"@id":"https:\/\/basquetgirona.com\/en\/noticia\/thank-you-caffaro\/","url":"https:\/\/basquetgirona.com\/en\/noticia\/thank-you-caffaro\/","name":"Thank you, Caffaro. - Basquet Girona","isPartOf":{"@id":"https:\/\/basquetgirona.com\/en\/#website"},"datePublished":"2025-07-03T09:57:48+00:00","dateModified":"2025-10-03T18:49:49+00:00","breadcrumb":{"@id":"https:\/\/basquetgirona.com\/en\/noticia\/thank-you-caffaro\/#breadcrumb"},"inLanguage":"en-US","potentialAction":[{"@type":"ReadAction","target":["https:\/\/basquetgirona.com\/en\/noticia\/thank-you-caffaro\/"]}]},{"@type":"BreadcrumbList","@id":"https:\/\/basquetgirona.com\/en\/noticia\/thank-you-caffaro\/#breadcrumb","itemListElement":[{"@type":"ListItem","position":1,"name":"Inici","item":"https:\/\/basquetgirona.com\/en\/"},{"@type":"ListItem","position":2,"name":"Thank you, Caffaro."}]},{"@type":"WebSite","@id":"https:\/\/basquetgirona.com\/en\/#website","url":"https:\/\/basquetgirona.com\/en\/","name":"Basquet Girona","description":"","publisher":{"@id":"https:\/\/basquetgirona.com\/en\/#organization"},"potentialAction":[{"@type":"SearchAction","target":{"@type":"EntryPoint","urlTemplate":"https:\/\/basquetgirona.com\/en\/?s={search_term_string}"},"query-input":"required name=search_term_string"}],"inLanguage":"en-US"},{"@type":"Organization","@id":"https:\/\/basquetgirona.com\/en\/#organization","name":"Basquet Girona","url":"https:\/\/basquetgirona.com\/en\/","logo":{"@type":"ImageObject","inLanguage":"en-US","@id":"https:\/\/basquetgirona.com\/en\/#\/schema\/logo\/image\/","url":"https:\/\/basquetgirona.com\/wp-content\/uploads\/2023\/02\/girona-logo1.png","contentUrl":"https:\/\/basquetgirona.com\/wp-content\/uploads\/2023\/02\/girona-logo1.png","width":124,"height":136,"caption":"Basquet Girona"},"image":{"@id":"https:\/\/basquetgirona.com\/en\/#\/schema\/logo\/image\/"},"sameAs":["https:\/\/www.facebook.com\/BasquetGironaOficial","https:\/\/twitter.com\/BasquetGirona","https:\/\/www.instagram.com\/basquetgirona\/","https:\/\/es.linkedin.com\/company\/bsquet-girona","https:\/\/www.tiktok.com\/@basquetgirona"]},{"@type":"Person","@id":"https:\/\/basquetgirona.com\/en\/#\/schema\/person\/9196efe7de3d62004e09ea79cd72b8d5","name":"Pau De Castro","image":{"@type":"ImageObject","inLanguage":"en-US","@id":"https:\/\/basquetgirona.com\/en\/#\/schema\/person\/image\/","url":"https:\/\/secure.gravatar.com\/avatar\/311a301e125ef9f088e17c727474e75fb5b82151095ccfc4b6e27ae4855b5814?s=96&d=mm&r=g","contentUrl":"https:\/\/secure.gravatar.com\/avatar\/311a301e125ef9f088e17c727474e75fb5b82151095ccfc4b6e27ae4855b5814?s=96&d=mm&r=g","caption":"Pau De Castro"},"url":"https:\/\/basquetgirona.com\/en\/author\/pdcastro\/"}]}},"acf":[],"_links":{"self":[{"href":"https:\/\/basquetgirona.com\/en\/wp-json\/wp\/v2\/noticia\/48791","targetHints":{"allow":["GET"]}}],"collection":[{"href":"https:\/\/basquetgirona.com\/en\/wp-json\/wp\/v2\/noticia"}],"about":[{"href":"https:\/\/basquetgirona.com\/en\/wp-json\/wp\/v2\/types\/noticia"}],"author":[{"embeddable":true,"href":"https:\/\/basquetgirona.com\/en\/wp-json\/wp\/v2\/users\/4"}],"version-history":[{"count":2,"href":"https:\/\/basquetgirona.com\/en\/wp-json\/wp\/v2\/noticia\/48791\/revisions"}],"predecessor-version":[{"id":48794,"href":"https:\/\/basquetgirona.com\/en\/wp-json\/wp\/v2\/noticia\/48791\/revisions\/48794"}],"wp:featuredmedia":[{"embeddable":true,"href":"https:\/\/basquetgirona.com\/en\/wp-json\/wp\/v2\/media\/48788"}],"wp:attachment":[{"href":"https:\/\/basquetgirona.com\/en\/wp-json\/wp\/v2\/media?parent=48791"}],"wp:term":[{"taxonomy":"categoria_noticia","embeddable":true,"href":"https:\/\/basquetgirona.com\/en\/wp-json\/wp\/v2\/categoria_noticia?post=48791"}],"curies":[{"name":"wp","href":"https:\/\/api.w.org\/{rel}","templated":true}]}}