{"id":61027,"date":"2026-03-26T09:32:37","date_gmt":"2026-03-26T09:32:37","guid":{"rendered":"https:\/\/basquetgirona.com\/noticia\/spar-girona-is-playing-for-access-to-the-semifinals-against-perfumerias-avenida\/"},"modified":"2026-03-26T09:33:34","modified_gmt":"2026-03-26T09:33:34","slug":"spar-girona-is-playing-for-access-to-the-semifinals-against-perfumerias-avenida","status":"publish","type":"noticia","link":"https:\/\/basquetgirona.com\/en\/noticia\/spar-girona-is-playing-for-access-to-the-semifinals-against-perfumerias-avenida\/","title":{"rendered":"Spar Girona is playing for access to the semifinals against Perfumer\u00edas Avenida"},"content":{"rendered":"\n<p>Spar Girona makes its debut this Friday in the quarter-finals of the Queen&#8217;s Cup with the clash against Perfumer\u00edas Avenida, in the match that will close the day on Friday (9:30 p.m., <a href=\"https:\/\/www.3cat.cat\/3cat\/directes\/esport3\/\">Esport3<\/a> and <a href=\"https:\/\/www.rtve.es\/play\/deportes\/\">Teledeporte<\/a> ) at the Palau d&#8217;Esports Catalunya in Tarragona.<\/p>\n\n<figure class=\"wp-block-embed is-type-video is-provider-youtube wp-block-embed-youtube wp-embed-aspect-4-3 wp-has-aspect-ratio\"><div class=\"wp-block-embed__wrapper\">\n<iframe loading=\"lazy\" title=\"\ud83c\udf99\ufe0f #RDPPr\u00e8via | Roberto \u00cd\u00f1iguez | Copa de la Reina\" width=\"500\" height=\"375\" src=\"https:\/\/www.youtube.com\/embed\/QCVPuc5B0ts?feature=oembed\" frameborder=\"0\" allow=\"accelerometer; autoplay; clipboard-write; encrypted-media; gyroscope; picture-in-picture; web-share\" referrerpolicy=\"strict-origin-when-cross-origin\" allowfullscreen><\/iframe>\n<\/div><\/figure>\n\n<h2 class=\"wp-block-heading\">About the opponent<\/h2>\n\n<p>The Salamanca team arrives at the event in good form, having won four consecutive league games, the last one by <a href=\"https:\/\/www.feb.es\/competiciones\/partido\/2479637\">66-63<\/a> at Ensino Lugo. They currently occupy <a href=\"https:\/\/www.feb.es\/lfendesa\/clasificacion.aspx\">fourth place<\/a> with a record of 16 wins and 9 losses. <\/p>\n\n<p><a href=\"https:\/\/www.feb.es\/competiciones\/equipo\/979875\">Perfumer\u00edas Avenida<\/a> has a high-level squad, with outstanding players such as Iyana Mart\u00edn, one of the offensive references with 14.5 points and 4.2 assists per game, or Claudia Soriano, with 7.1 points per game. Also notable are interior pieces such as Regan Magarity (9.7 points and 4 rebounds), Khadijiah Cave (12.9 points, 7.3 rebounds and 17.5 rating) and Virag Kiss (8.9 points and 5.6 rebounds). <\/p>\n\n<h2 class=\"wp-block-heading\">About Spar Girona<\/h2>\n\n<p>The team reaches the quarterfinals after <a href=\"https:\/\/basquetgirona.com\/en\/noticia\/victory-for-spar-girona-at-the-roig-arena\/\">winning the last league match against Valencia Basket 71-74<\/a> . The Girona team is in second place in the standings with a record of 21 wins and 4 losses. <\/p>\n\n<p>The match against Perfumer\u00edas Avenida will be the last of the quarterfinals and will decide the last team qualified for the semifinals.<\/p>\n\n<figure class=\"wp-block-embed is-type-rich is-provider-twitter wp-block-embed-twitter\"><div class=\"wp-block-embed__wrapper\">\n<blockquote class=\"twitter-tweet\" data-width=\"500\" data-dnt=\"true\"><p lang=\"ca\" dir=\"ltr\">El teu equip juga la <a href=\"https:\/\/twitter.com\/hashtag\/CopaReinaLFEndesa?src=hash&amp;ref_src=twsrc%5Etfw\">#CopaReinaLFEndesa<\/a> aquesta setmana \ud83c\udfc6 <a href=\"https:\/\/t.co\/PDflOymwGH\">pic.twitter.com\/PDflOymwGH<\/a><\/p>&mdash; Spar Girona (@unigirona) <a href=\"https:\/\/twitter.com\/unigirona\/status\/2036081675147325648?ref_src=twsrc%5Etfw\">March 23, 2026<\/a><\/blockquote><script async src=\"https:\/\/platform.twitter.com\/widgets.js\" charset=\"utf-8\"><\/script>\n<\/div><\/figure>\n","protected":false},"excerpt":{"rendered":"<p>Spar Girona makes its debut this Friday in the quarter-finals of the Queen&#8217;s Cup with the clash against Perfumer\u00edas Avenida, in the match that will close the day on Friday (9:30 p.m., Esport3 and Teledeporte ) at the Palau d&#8217;Esports Catalunya in Tarragona. About the opponent The Salamanca team arrives at the event in good [&hellip;]<\/p>\n","protected":false},"author":4,"featured_media":61017,"menu_order":0,"template":"","categoria_noticia":[361],"class_list":["post-61027","noticia","type-noticia","status-publish","has-post-thumbnail","hentry","categoria_noticia-spar-girona-en"],"yoast_head":"<!-- This site is optimized with the Yoast SEO plugin v22.0 - https:\/\/yoast.com\/wordpress\/plugins\/seo\/ -->\n<title>Spar Girona is playing for access to the semifinals against Perfumer\u00edas Avenida - Basquet Girona<\/title>\n<meta name=\"robots\" content=\"index, follow, max-snippet:-1, max-image-preview:large, max-video-preview:-1\" \/>\n<link rel=\"canonical\" href=\"https:\/\/basquetgirona.com\/en\/noticia\/spar-girona-is-playing-for-access-to-the-semifinals-against-perfumerias-avenida\/\" \/>\n<meta property=\"og:locale\" content=\"en_US\" \/>\n<meta property=\"og:type\" content=\"article\" \/>\n<meta property=\"og:title\" content=\"Spar Girona is playing for access to the semifinals against Perfumer\u00edas Avenida - Basquet Girona\" \/>\n<meta property=\"og:description\" content=\"Spar Girona makes its debut this Friday in the quarter-finals of the Queen&#8217;s Cup with the clash against Perfumer\u00edas Avenida, in the match that will close the day on Friday (9:30 p.m., Esport3 and Teledeporte ) at the Palau d&#8217;Esports Catalunya in Tarragona. About the opponent The Salamanca team arrives at the event in good [&hellip;]\" \/>\n<meta property=\"og:url\" content=\"https:\/\/basquetgirona.com\/en\/noticia\/spar-girona-is-playing-for-access-to-the-semifinals-against-perfumerias-avenida\/\" \/>\n<meta property=\"og:site_name\" content=\"Basquet Girona\" \/>\n<meta property=\"article:publisher\" content=\"https:\/\/www.facebook.com\/BasquetGironaOficial\" \/>\n<meta property=\"article:modified_time\" content=\"2026-03-26T09:33:34+00:00\" \/>\n<meta property=\"og:image\" content=\"https:\/\/basquetgirona.com\/wp-content\/uploads\/2026\/03\/previa-copa.webp\" \/>\n\t<meta property=\"og:image:width\" content=\"1902\" \/>\n\t<meta property=\"og:image:height\" content=\"567\" \/>\n\t<meta property=\"og:image:type\" content=\"image\/png\" \/>\n<meta name=\"twitter:card\" content=\"summary_large_image\" \/>\n<meta name=\"twitter:site\" content=\"@BasquetGirona\" \/>\n<meta name=\"twitter:label1\" content=\"Est. reading time\" \/>\n\t<meta name=\"twitter:data1\" content=\"1 minute\" \/>\n<!-- \/ Yoast SEO plugin. -->","yoast_head_json":{"title":"Spar Girona is playing for access to the semifinals against Perfumer\u00edas Avenida - Basquet Girona","robots":{"index":"index","follow":"follow","max-snippet":"max-snippet:-1","max-image-preview":"max-image-preview:large","max-video-preview":"max-video-preview:-1"},"canonical":"https:\/\/basquetgirona.com\/en\/noticia\/spar-girona-is-playing-for-access-to-the-semifinals-against-perfumerias-avenida\/","og_locale":"en_US","og_type":"article","og_title":"Spar Girona is playing for access to the semifinals against Perfumer\u00edas Avenida - Basquet Girona","og_description":"Spar Girona makes its debut this Friday in the quarter-finals of the Queen&#8217;s Cup with the clash against Perfumer\u00edas Avenida, in the match that will close the day on Friday (9:30 p.m., Esport3 and Teledeporte ) at the Palau d&#8217;Esports Catalunya in Tarragona. About the opponent The Salamanca team arrives at the event in good [&hellip;]","og_url":"https:\/\/basquetgirona.com\/en\/noticia\/spar-girona-is-playing-for-access-to-the-semifinals-against-perfumerias-avenida\/","og_site_name":"Basquet Girona","article_publisher":"https:\/\/www.facebook.com\/BasquetGironaOficial","article_modified_time":"2026-03-26T09:33:34+00:00","og_image":[{"width":1902,"height":567,"url":"https:\/\/basquetgirona.com\/wp-content\/uploads\/2026\/03\/previa-copa.webp","type":"image\/png"}],"twitter_card":"summary_large_image","twitter_site":"@BasquetGirona","twitter_misc":{"Est. reading time":"1 minute"},"schema":{"@context":"https:\/\/schema.org","@graph":[{"@type":"NewsArticle","@id":"https:\/\/basquetgirona.com\/en\/noticia\/spar-girona-is-playing-for-access-to-the-semifinals-against-perfumerias-avenida\/#article","isPartOf":{"@id":"https:\/\/basquetgirona.com\/en\/noticia\/spar-girona-is-playing-for-access-to-the-semifinals-against-perfumerias-avenida\/"},"author":{"name":"Pau De Castro","@id":"https:\/\/basquetgirona.com\/en\/#\/schema\/person\/9196efe7de3d62004e09ea79cd72b8d5"},"headline":"Spar Girona is playing for access to the semifinals against Perfumer\u00edas Avenida","datePublished":"2026-03-26T09:32:37+00:00","dateModified":"2026-03-26T09:33:34+00:00","mainEntityOfPage":{"@id":"https:\/\/basquetgirona.com\/en\/noticia\/spar-girona-is-playing-for-access-to-the-semifinals-against-perfumerias-avenida\/"},"wordCount":224,"publisher":{"@id":"https:\/\/basquetgirona.com\/en\/#organization"},"inLanguage":"en-US"},{"@type":["WebPage","ItemPage"],"@id":"https:\/\/basquetgirona.com\/en\/noticia\/spar-girona-is-playing-for-access-to-the-semifinals-against-perfumerias-avenida\/","url":"https:\/\/basquetgirona.com\/en\/noticia\/spar-girona-is-playing-for-access-to-the-semifinals-against-perfumerias-avenida\/","name":"Spar Girona is playing for access to the semifinals against Perfumer\u00edas Avenida - Basquet Girona","isPartOf":{"@id":"https:\/\/basquetgirona.com\/en\/#website"},"datePublished":"2026-03-26T09:32:37+00:00","dateModified":"2026-03-26T09:33:34+00:00","breadcrumb":{"@id":"https:\/\/basquetgirona.com\/en\/noticia\/spar-girona-is-playing-for-access-to-the-semifinals-against-perfumerias-avenida\/#breadcrumb"},"inLanguage":"en-US","potentialAction":[{"@type":"ReadAction","target":["https:\/\/basquetgirona.com\/en\/noticia\/spar-girona-is-playing-for-access-to-the-semifinals-against-perfumerias-avenida\/"]}]},{"@type":"BreadcrumbList","@id":"https:\/\/basquetgirona.com\/en\/noticia\/spar-girona-is-playing-for-access-to-the-semifinals-against-perfumerias-avenida\/#breadcrumb","itemListElement":[{"@type":"ListItem","position":1,"name":"Inici","item":"https:\/\/basquetgirona.com\/en\/"},{"@type":"ListItem","position":2,"name":"Spar Girona is playing for access to the semifinals against Perfumer\u00edas Avenida"}]},{"@type":"WebSite","@id":"https:\/\/basquetgirona.com\/en\/#website","url":"https:\/\/basquetgirona.com\/en\/","name":"Basquet Girona","description":"","publisher":{"@id":"https:\/\/basquetgirona.com\/en\/#organization"},"potentialAction":[{"@type":"SearchAction","target":{"@type":"EntryPoint","urlTemplate":"https:\/\/basquetgirona.com\/en\/?s={search_term_string}"},"query-input":"required name=search_term_string"}],"inLanguage":"en-US"},{"@type":"Organization","@id":"https:\/\/basquetgirona.com\/en\/#organization","name":"Basquet Girona","url":"https:\/\/basquetgirona.com\/en\/","logo":{"@type":"ImageObject","inLanguage":"en-US","@id":"https:\/\/basquetgirona.com\/en\/#\/schema\/logo\/image\/","url":"https:\/\/basquetgirona.com\/wp-content\/uploads\/2023\/02\/girona-logo1.png","contentUrl":"https:\/\/basquetgirona.com\/wp-content\/uploads\/2023\/02\/girona-logo1.png","width":124,"height":136,"caption":"Basquet Girona"},"image":{"@id":"https:\/\/basquetgirona.com\/en\/#\/schema\/logo\/image\/"},"sameAs":["https:\/\/www.facebook.com\/BasquetGironaOficial","https:\/\/twitter.com\/BasquetGirona","https:\/\/www.instagram.com\/basquetgirona\/","https:\/\/es.linkedin.com\/company\/bsquet-girona","https:\/\/www.tiktok.com\/@basquetgirona"]},{"@type":"Person","@id":"https:\/\/basquetgirona.com\/en\/#\/schema\/person\/9196efe7de3d62004e09ea79cd72b8d5","name":"Pau De Castro","image":{"@type":"ImageObject","inLanguage":"en-US","@id":"https:\/\/basquetgirona.com\/en\/#\/schema\/person\/image\/","url":"https:\/\/secure.gravatar.com\/avatar\/311a301e125ef9f088e17c727474e75fb5b82151095ccfc4b6e27ae4855b5814?s=96&d=mm&r=g","contentUrl":"https:\/\/secure.gravatar.com\/avatar\/311a301e125ef9f088e17c727474e75fb5b82151095ccfc4b6e27ae4855b5814?s=96&d=mm&r=g","caption":"Pau De Castro"},"url":"https:\/\/basquetgirona.com\/en\/author\/pdcastro\/"}]}},"acf":[],"_links":{"self":[{"href":"https:\/\/basquetgirona.com\/en\/wp-json\/wp\/v2\/noticia\/61027","targetHints":{"allow":["GET"]}}],"collection":[{"href":"https:\/\/basquetgirona.com\/en\/wp-json\/wp\/v2\/noticia"}],"about":[{"href":"https:\/\/basquetgirona.com\/en\/wp-json\/wp\/v2\/types\/noticia"}],"author":[{"embeddable":true,"href":"https:\/\/basquetgirona.com\/en\/wp-json\/wp\/v2\/users\/4"}],"version-history":[{"count":1,"href":"https:\/\/basquetgirona.com\/en\/wp-json\/wp\/v2\/noticia\/61027\/revisions"}],"predecessor-version":[{"id":61028,"href":"https:\/\/basquetgirona.com\/en\/wp-json\/wp\/v2\/noticia\/61027\/revisions\/61028"}],"wp:featuredmedia":[{"embeddable":true,"href":"https:\/\/basquetgirona.com\/en\/wp-json\/wp\/v2\/media\/61017"}],"wp:attachment":[{"href":"https:\/\/basquetgirona.com\/en\/wp-json\/wp\/v2\/media?parent=61027"}],"wp:term":[{"taxonomy":"categoria_noticia","embeddable":true,"href":"https:\/\/basquetgirona.com\/en\/wp-json\/wp\/v2\/categoria_noticia?post=61027"}],"curies":[{"name":"wp","href":"https:\/\/api.w.org\/{rel}","templated":true}]}}