{"id":61259,"date":"2026-04-02T13:20:55","date_gmt":"2026-04-02T13:20:55","guid":{"rendered":"https:\/\/basquetgirona.com\/noticia\/demanding-visit-to-ferrol\/"},"modified":"2026-04-02T13:32:16","modified_gmt":"2026-04-02T13:32:16","slug":"demanding-visit-to-ferrol","status":"publish","type":"noticia","link":"https:\/\/basquetgirona.com\/en\/noticia\/demanding-visit-to-ferrol\/","title":{"rendered":"Demanding visit to Ferrol"},"content":{"rendered":"\n<p>Spar Girona resumes the LF Endesa competition this Saturday with a high-voltage trip to the Malata Pavilion A. Roberto \u00cd\u00f1iguez&#8217;s team will face Baxi Ferrol (7:00 p.m., <a href=\"https:\/\/www.youtube.com\/watch?v=7ze6GuD8Lx8\">YouTube<\/a> ) in a key duel to maintain momentum in the domestic league. <\/p>\n\n<p>This will be the third consecutive home match for the Girona team, after the visits to Valencia and the Copa de la Reina match in Tarragona. The team will be looking to add another victory against a rival that is in the midst of a fight to secure its presence in the playoffs. <\/p>\n\n<figure class=\"wp-block-embed is-type-video is-provider-youtube wp-block-embed-youtube wp-embed-aspect-4-3 wp-has-aspect-ratio\"><div class=\"wp-block-embed__wrapper\">\n<iframe loading=\"lazy\" title=\"\ud83c\udf99\ufe0f #RDPPr\u00e8via | Roberto \u00cd\u00f1iguez | Jornada 26\" width=\"500\" height=\"375\" src=\"https:\/\/www.youtube.com\/embed\/v8XojBVk89A?feature=oembed\" frameborder=\"0\" allow=\"accelerometer; autoplay; clipboard-write; encrypted-media; gyroscope; picture-in-picture; web-share\" referrerpolicy=\"strict-origin-when-cross-origin\" allowfullscreen><\/iframe>\n<\/div><\/figure>\n\n<h2 class=\"wp-block-heading\">About the opponent<\/h2>\n\n<p>The Galician team, led by Lino L\u00f3pez, arrives at the event after falling on the last day of the league at the IDK Euskotren court by <a href=\"https:\/\/www.feb.es\/competiciones\/partido\/2479640\">67 to 51.<\/a> Currently, <a href=\"https:\/\/www.feb.es\/competiciones\/equipo\/981303\">Baxi Ferrol<\/a> occupies <a href=\"https:\/\/www.feb.es\/lfendesa\/clasificacion.aspx\">eighth position<\/a> in the table with a balance of 12 wins and 13 losses, which forces them to be strong at home so as not to lose their privileged place. <\/p>\n\n<p>The team stands out for having highly talented players in its ranks. In the interior game, the American Dalayah Daniels (12.3 points and 5.2 rebounds) and the Irish Claire Melia (10.5 points and 15.9 rating) are the main references. On the perimeter, they have very threatening players such as Moira Joiner (12.1 points), Karolina Sotolova (9.5 points) and Blanca Mill\u00e1n (8.7 points), which make A Malata one of the most complicated pavilions in the category.  <\/p>\n\n<h2 class=\"wp-block-heading\">About Spar Girona<\/h2>\n\n<p>Roberto \u00cd\u00f1iguez&#8217;s team arrives at the event occupying second position in the standings with a solid record of 21 wins and 4 losses. The Girona team wants to continue the last great result in the league, where <a href=\"https:\/\/basquetgirona.com\/en\/noticia\/victory-for-spar-girona-at-the-roig-arena\/\">they beat Valencia Basket at home by a close 71 to 74,<\/a> and will seek to recover the best sensations on a court where last season they lost by a close 72 to 70. <\/p>\n","protected":false},"excerpt":{"rendered":"<p>Spar Girona resumes the LF Endesa competition this Saturday with a high-voltage trip to the Malata Pavilion A. Roberto \u00cd\u00f1iguez&#8217;s team will face Baxi Ferrol (7:00 p.m., YouTube ) in a key duel to maintain momentum in the domestic league. This will be the third consecutive home match for the Girona team, after the visits [&hellip;]<\/p>\n","protected":false},"author":4,"featured_media":58882,"menu_order":0,"template":"","categoria_noticia":[361],"class_list":["post-61259","noticia","type-noticia","status-publish","has-post-thumbnail","hentry","categoria_noticia-spar-girona-en"],"yoast_head":"<!-- This site is optimized with the Yoast SEO plugin v22.0 - https:\/\/yoast.com\/wordpress\/plugins\/seo\/ -->\n<title>Demanding visit to Ferrol - Basquet Girona<\/title>\n<meta name=\"robots\" content=\"index, follow, max-snippet:-1, max-image-preview:large, max-video-preview:-1\" \/>\n<link rel=\"canonical\" href=\"https:\/\/basquetgirona.com\/en\/noticia\/demanding-visit-to-ferrol\/\" \/>\n<meta property=\"og:locale\" content=\"en_US\" \/>\n<meta property=\"og:type\" content=\"article\" \/>\n<meta property=\"og:title\" content=\"Demanding visit to Ferrol - Basquet Girona\" \/>\n<meta property=\"og:description\" content=\"Spar Girona resumes the LF Endesa competition this Saturday with a high-voltage trip to the Malata Pavilion A. Roberto \u00cd\u00f1iguez&#8217;s team will face Baxi Ferrol (7:00 p.m., YouTube ) in a key duel to maintain momentum in the domestic league. This will be the third consecutive home match for the Girona team, after the visits [&hellip;]\" \/>\n<meta property=\"og:url\" content=\"https:\/\/basquetgirona.com\/en\/noticia\/demanding-visit-to-ferrol\/\" \/>\n<meta property=\"og:site_name\" content=\"Basquet Girona\" \/>\n<meta property=\"article:publisher\" content=\"https:\/\/www.facebook.com\/BasquetGironaOficial\" \/>\n<meta property=\"article:modified_time\" content=\"2026-04-02T13:32:16+00:00\" \/>\n<meta property=\"og:image\" content=\"https:\/\/basquetgirona.com\/wp-content\/uploads\/2026\/01\/previa-j14-web.webp\" \/>\n\t<meta property=\"og:image:width\" content=\"1267\" \/>\n\t<meta property=\"og:image:height\" content=\"432\" \/>\n\t<meta property=\"og:image:type\" content=\"image\/png\" \/>\n<meta name=\"twitter:card\" content=\"summary_large_image\" \/>\n<meta name=\"twitter:site\" content=\"@BasquetGirona\" \/>\n<meta name=\"twitter:label1\" content=\"Est. reading time\" \/>\n\t<meta name=\"twitter:data1\" content=\"2 minutes\" \/>\n<!-- \/ Yoast SEO plugin. -->","yoast_head_json":{"title":"Demanding visit to Ferrol - Basquet Girona","robots":{"index":"index","follow":"follow","max-snippet":"max-snippet:-1","max-image-preview":"max-image-preview:large","max-video-preview":"max-video-preview:-1"},"canonical":"https:\/\/basquetgirona.com\/en\/noticia\/demanding-visit-to-ferrol\/","og_locale":"en_US","og_type":"article","og_title":"Demanding visit to Ferrol - Basquet Girona","og_description":"Spar Girona resumes the LF Endesa competition this Saturday with a high-voltage trip to the Malata Pavilion A. Roberto \u00cd\u00f1iguez&#8217;s team will face Baxi Ferrol (7:00 p.m., YouTube ) in a key duel to maintain momentum in the domestic league. This will be the third consecutive home match for the Girona team, after the visits [&hellip;]","og_url":"https:\/\/basquetgirona.com\/en\/noticia\/demanding-visit-to-ferrol\/","og_site_name":"Basquet Girona","article_publisher":"https:\/\/www.facebook.com\/BasquetGironaOficial","article_modified_time":"2026-04-02T13:32:16+00:00","og_image":[{"width":1267,"height":432,"url":"https:\/\/basquetgirona.com\/wp-content\/uploads\/2026\/01\/previa-j14-web.webp","type":"image\/png"}],"twitter_card":"summary_large_image","twitter_site":"@BasquetGirona","twitter_misc":{"Est. reading time":"2 minutes"},"schema":{"@context":"https:\/\/schema.org","@graph":[{"@type":"NewsArticle","@id":"https:\/\/basquetgirona.com\/en\/noticia\/demanding-visit-to-ferrol\/#article","isPartOf":{"@id":"https:\/\/basquetgirona.com\/en\/noticia\/demanding-visit-to-ferrol\/"},"author":{"name":"Pau De Castro","@id":"https:\/\/basquetgirona.com\/en\/#\/schema\/person\/9196efe7de3d62004e09ea79cd72b8d5"},"headline":"Demanding visit to Ferrol","datePublished":"2026-04-02T13:20:55+00:00","dateModified":"2026-04-02T13:32:16+00:00","mainEntityOfPage":{"@id":"https:\/\/basquetgirona.com\/en\/noticia\/demanding-visit-to-ferrol\/"},"wordCount":305,"publisher":{"@id":"https:\/\/basquetgirona.com\/en\/#organization"},"inLanguage":"en-US"},{"@type":["WebPage","ItemPage"],"@id":"https:\/\/basquetgirona.com\/en\/noticia\/demanding-visit-to-ferrol\/","url":"https:\/\/basquetgirona.com\/en\/noticia\/demanding-visit-to-ferrol\/","name":"Demanding visit to Ferrol - Basquet Girona","isPartOf":{"@id":"https:\/\/basquetgirona.com\/en\/#website"},"datePublished":"2026-04-02T13:20:55+00:00","dateModified":"2026-04-02T13:32:16+00:00","breadcrumb":{"@id":"https:\/\/basquetgirona.com\/en\/noticia\/demanding-visit-to-ferrol\/#breadcrumb"},"inLanguage":"en-US","potentialAction":[{"@type":"ReadAction","target":["https:\/\/basquetgirona.com\/en\/noticia\/demanding-visit-to-ferrol\/"]}]},{"@type":"BreadcrumbList","@id":"https:\/\/basquetgirona.com\/en\/noticia\/demanding-visit-to-ferrol\/#breadcrumb","itemListElement":[{"@type":"ListItem","position":1,"name":"Inici","item":"https:\/\/basquetgirona.com\/en\/"},{"@type":"ListItem","position":2,"name":"Demanding visit to Ferrol"}]},{"@type":"WebSite","@id":"https:\/\/basquetgirona.com\/en\/#website","url":"https:\/\/basquetgirona.com\/en\/","name":"Basquet Girona","description":"","publisher":{"@id":"https:\/\/basquetgirona.com\/en\/#organization"},"potentialAction":[{"@type":"SearchAction","target":{"@type":"EntryPoint","urlTemplate":"https:\/\/basquetgirona.com\/en\/?s={search_term_string}"},"query-input":"required name=search_term_string"}],"inLanguage":"en-US"},{"@type":"Organization","@id":"https:\/\/basquetgirona.com\/en\/#organization","name":"Basquet Girona","url":"https:\/\/basquetgirona.com\/en\/","logo":{"@type":"ImageObject","inLanguage":"en-US","@id":"https:\/\/basquetgirona.com\/en\/#\/schema\/logo\/image\/","url":"https:\/\/basquetgirona.com\/wp-content\/uploads\/2023\/02\/girona-logo1.png","contentUrl":"https:\/\/basquetgirona.com\/wp-content\/uploads\/2023\/02\/girona-logo1.png","width":124,"height":136,"caption":"Basquet Girona"},"image":{"@id":"https:\/\/basquetgirona.com\/en\/#\/schema\/logo\/image\/"},"sameAs":["https:\/\/www.facebook.com\/BasquetGironaOficial","https:\/\/twitter.com\/BasquetGirona","https:\/\/www.instagram.com\/basquetgirona\/","https:\/\/es.linkedin.com\/company\/bsquet-girona","https:\/\/www.tiktok.com\/@basquetgirona"]},{"@type":"Person","@id":"https:\/\/basquetgirona.com\/en\/#\/schema\/person\/9196efe7de3d62004e09ea79cd72b8d5","name":"Pau De Castro","image":{"@type":"ImageObject","inLanguage":"en-US","@id":"https:\/\/basquetgirona.com\/en\/#\/schema\/person\/image\/","url":"https:\/\/secure.gravatar.com\/avatar\/311a301e125ef9f088e17c727474e75fb5b82151095ccfc4b6e27ae4855b5814?s=96&d=mm&r=g","contentUrl":"https:\/\/secure.gravatar.com\/avatar\/311a301e125ef9f088e17c727474e75fb5b82151095ccfc4b6e27ae4855b5814?s=96&d=mm&r=g","caption":"Pau De Castro"},"url":"https:\/\/basquetgirona.com\/en\/author\/pdcastro\/"}]}},"acf":[],"_links":{"self":[{"href":"https:\/\/basquetgirona.com\/en\/wp-json\/wp\/v2\/noticia\/61259","targetHints":{"allow":["GET"]}}],"collection":[{"href":"https:\/\/basquetgirona.com\/en\/wp-json\/wp\/v2\/noticia"}],"about":[{"href":"https:\/\/basquetgirona.com\/en\/wp-json\/wp\/v2\/types\/noticia"}],"author":[{"embeddable":true,"href":"https:\/\/basquetgirona.com\/en\/wp-json\/wp\/v2\/users\/4"}],"version-history":[{"count":2,"href":"https:\/\/basquetgirona.com\/en\/wp-json\/wp\/v2\/noticia\/61259\/revisions"}],"predecessor-version":[{"id":61263,"href":"https:\/\/basquetgirona.com\/en\/wp-json\/wp\/v2\/noticia\/61259\/revisions\/61263"}],"wp:featuredmedia":[{"embeddable":true,"href":"https:\/\/basquetgirona.com\/en\/wp-json\/wp\/v2\/media\/58882"}],"wp:attachment":[{"href":"https:\/\/basquetgirona.com\/en\/wp-json\/wp\/v2\/media?parent=61259"}],"wp:term":[{"taxonomy":"categoria_noticia","embeddable":true,"href":"https:\/\/basquetgirona.com\/en\/wp-json\/wp\/v2\/categoria_noticia?post=61259"}],"curies":[{"name":"wp","href":"https:\/\/api.w.org\/{rel}","templated":true}]}}