{"id":62170,"date":"2026-04-28T09:59:13","date_gmt":"2026-04-28T09:59:13","guid":{"rendered":"https:\/\/basquetgirona.com\/noticia\/sergi-martinez-renews-with-basquet-girona\/"},"modified":"2026-04-28T10:02:51","modified_gmt":"2026-04-28T10:02:51","slug":"sergi-martinez-renews-with-basquet-girona","status":"publish","type":"noticia","link":"https:\/\/basquetgirona.com\/en\/noticia\/sergi-martinez-renews-with-basquet-girona\/","title":{"rendered":"Sergi Mart\u00ednez renews with B\u00e0squet Girona"},"content":{"rendered":"\n<p>Sergi Mart\u00ednez Costa (Rub\u00ed, 10\/05\/1999) signs a two-season contract extension with B\u00e0squet Girona until 2027\/2028. Mart\u00ednez joined B\u00e0squet Girona on loan in the 2023\/24 season, where he plays as a winger and power forward. He has played 86 games in the ACB with the Girona team, out of a total of 169. This season, the player is averaging 7.1 points, 4.7 rebounds and 1.3 assists per game in the 27 games he has played, with an average rating of 8.9.   <\/p>\n\n<p>With this renewal, B\u00e0squet Girona ensures the continuity of one of the pillars of the locker room and a reference on and off the court. The club thus reinforces its commitment to a sports project based on continuity, leadership and talent. The club celebrates the renewal of its captain, a key piece in the consolidation of B\u00e0squet Girona in the ACB.    <\/p>\n\n<p>His best game in terms of rating this season was in Fontajau against La Laguna Tenerife, where he achieved 20 points, 7 rebounds and a rating of 27.<\/p>\n\n<p>Mart\u00ednez has been an international with the Spanish national team in the U-16, U-17, U-18, U-20 and senior categories. His first call-up to the senior team came in June 2021, in the preparatory matches for the Tokyo Olympics. He made his debut against Iran and played again days later against the same opponent. In this last FIBA \u200b\u200bwindow he was called up and played in both matches against Ukraine; in the second, he achieved 8 points, 1 rebound and 1 assist in 18 minutes.   <\/p>\n\n<p>His achievements with the youth teams include bronze at the 2014 European Championship in Latvia with the U-16 team, silver at the 2017 European Championship in Slovakia with the U-18 team, and silver at the 2019 European Championship in Israel with the U-20 team.<\/p>\n\n<p>At the 2016 U-17 World Championship, held in Zaragoza, he was included in the tournament&#8217;s Ideal Five, with Spain finishing in fourth place. Sergi Mart\u00ednez led the team in several statistics, finishing fourth in points per game and second in rebounds in the entire championship. <\/p>\n\n<p><strong>Statements from Fernando San Emeterio, sports director:<\/strong> &#8220;We are happy with the renewal of Sergi Mart\u00ednez because, since he arrived in Girona, he has identified a lot with the club and the city. For us, he also exemplifies many of the values \u200b\u200bwe want within the team. He spares no effort on the court, puts the interests of the team before his personal ones, and is the cohesive player that every team must have so that everything around him works. In addition, I believe that he is evolving positively in aspects of the game he is working on, and that his ceiling is still to be reached.&#8221;<\/p>\n","protected":false},"excerpt":{"rendered":"<p>Sergi Mart\u00ednez Costa (Rub\u00ed, 10\/05\/1999) signs a two-season contract extension with B\u00e0squet Girona until 2027\/2028. Mart\u00ednez joined B\u00e0squet Girona on loan in the 2023\/24 season, where he plays as a winger and power forward. He has played 86 games in the ACB with the Girona team, out of a total of 169. This season, the [&hellip;]<\/p>\n","protected":false},"author":4,"featured_media":62167,"menu_order":0,"template":"","categoria_noticia":[189],"class_list":["post-62170","noticia","type-noticia","status-publish","has-post-thumbnail","hentry","categoria_noticia-teams"],"yoast_head":"<!-- This site is optimized with the Yoast SEO plugin v22.0 - https:\/\/yoast.com\/wordpress\/plugins\/seo\/ -->\n<title>Sergi Mart\u00ednez renews with B\u00e0squet Girona - Basquet Girona<\/title>\n<meta name=\"robots\" content=\"index, follow, max-snippet:-1, max-image-preview:large, max-video-preview:-1\" \/>\n<link rel=\"canonical\" href=\"https:\/\/basquetgirona.com\/en\/noticia\/sergi-martinez-renews-with-basquet-girona\/\" \/>\n<meta property=\"og:locale\" content=\"en_US\" \/>\n<meta property=\"og:type\" content=\"article\" \/>\n<meta property=\"og:title\" content=\"Sergi Mart\u00ednez renews with B\u00e0squet Girona - Basquet Girona\" \/>\n<meta property=\"og:description\" content=\"Sergi Mart\u00ednez Costa (Rub\u00ed, 10\/05\/1999) signs a two-season contract extension with B\u00e0squet Girona until 2027\/2028. Mart\u00ednez joined B\u00e0squet Girona on loan in the 2023\/24 season, where he plays as a winger and power forward. He has played 86 games in the ACB with the Girona team, out of a total of 169. This season, the [&hellip;]\" \/>\n<meta property=\"og:url\" content=\"https:\/\/basquetgirona.com\/en\/noticia\/sergi-martinez-renews-with-basquet-girona\/\" \/>\n<meta property=\"og:site_name\" content=\"Basquet Girona\" \/>\n<meta property=\"article:publisher\" content=\"https:\/\/www.facebook.com\/BasquetGironaOficial\" \/>\n<meta property=\"article:modified_time\" content=\"2026-04-28T10:02:51+00:00\" \/>\n<meta property=\"og:image\" content=\"https:\/\/basquetgirona.com\/wp-content\/uploads\/2026\/04\/Demo-Renovacio-BG.webp\" \/>\n\t<meta property=\"og:image:width\" content=\"1080\" \/>\n\t<meta property=\"og:image:height\" content=\"1350\" \/>\n\t<meta property=\"og:image:type\" content=\"image\/jpeg\" \/>\n<meta name=\"twitter:card\" content=\"summary_large_image\" \/>\n<meta name=\"twitter:site\" content=\"@BasquetGirona\" \/>\n<meta name=\"twitter:label1\" content=\"Est. reading time\" \/>\n\t<meta name=\"twitter:data1\" content=\"2 minutes\" \/>\n<!-- \/ Yoast SEO plugin. -->","yoast_head_json":{"title":"Sergi Mart\u00ednez renews with B\u00e0squet Girona - Basquet Girona","robots":{"index":"index","follow":"follow","max-snippet":"max-snippet:-1","max-image-preview":"max-image-preview:large","max-video-preview":"max-video-preview:-1"},"canonical":"https:\/\/basquetgirona.com\/en\/noticia\/sergi-martinez-renews-with-basquet-girona\/","og_locale":"en_US","og_type":"article","og_title":"Sergi Mart\u00ednez renews with B\u00e0squet Girona - Basquet Girona","og_description":"Sergi Mart\u00ednez Costa (Rub\u00ed, 10\/05\/1999) signs a two-season contract extension with B\u00e0squet Girona until 2027\/2028. Mart\u00ednez joined B\u00e0squet Girona on loan in the 2023\/24 season, where he plays as a winger and power forward. He has played 86 games in the ACB with the Girona team, out of a total of 169. This season, the [&hellip;]","og_url":"https:\/\/basquetgirona.com\/en\/noticia\/sergi-martinez-renews-with-basquet-girona\/","og_site_name":"Basquet Girona","article_publisher":"https:\/\/www.facebook.com\/BasquetGironaOficial","article_modified_time":"2026-04-28T10:02:51+00:00","og_image":[{"width":1080,"height":1350,"url":"https:\/\/basquetgirona.com\/wp-content\/uploads\/2026\/04\/Demo-Renovacio-BG.webp","type":"image\/jpeg"}],"twitter_card":"summary_large_image","twitter_site":"@BasquetGirona","twitter_misc":{"Est. reading time":"2 minutes"},"schema":{"@context":"https:\/\/schema.org","@graph":[{"@type":"NewsArticle","@id":"https:\/\/basquetgirona.com\/en\/noticia\/sergi-martinez-renews-with-basquet-girona\/#article","isPartOf":{"@id":"https:\/\/basquetgirona.com\/en\/noticia\/sergi-martinez-renews-with-basquet-girona\/"},"author":{"name":"Pau De Castro","@id":"https:\/\/basquetgirona.com\/en\/#\/schema\/person\/9196efe7de3d62004e09ea79cd72b8d5"},"headline":"Sergi Mart\u00ednez renews with B\u00e0squet Girona","datePublished":"2026-04-28T09:59:13+00:00","dateModified":"2026-04-28T10:02:51+00:00","mainEntityOfPage":{"@id":"https:\/\/basquetgirona.com\/en\/noticia\/sergi-martinez-renews-with-basquet-girona\/"},"wordCount":444,"publisher":{"@id":"https:\/\/basquetgirona.com\/en\/#organization"},"inLanguage":"en-US"},{"@type":["WebPage","ItemPage"],"@id":"https:\/\/basquetgirona.com\/en\/noticia\/sergi-martinez-renews-with-basquet-girona\/","url":"https:\/\/basquetgirona.com\/en\/noticia\/sergi-martinez-renews-with-basquet-girona\/","name":"Sergi Mart\u00ednez renews with B\u00e0squet Girona - Basquet Girona","isPartOf":{"@id":"https:\/\/basquetgirona.com\/en\/#website"},"datePublished":"2026-04-28T09:59:13+00:00","dateModified":"2026-04-28T10:02:51+00:00","breadcrumb":{"@id":"https:\/\/basquetgirona.com\/en\/noticia\/sergi-martinez-renews-with-basquet-girona\/#breadcrumb"},"inLanguage":"en-US","potentialAction":[{"@type":"ReadAction","target":["https:\/\/basquetgirona.com\/en\/noticia\/sergi-martinez-renews-with-basquet-girona\/"]}]},{"@type":"BreadcrumbList","@id":"https:\/\/basquetgirona.com\/en\/noticia\/sergi-martinez-renews-with-basquet-girona\/#breadcrumb","itemListElement":[{"@type":"ListItem","position":1,"name":"Inici","item":"https:\/\/basquetgirona.com\/en\/"},{"@type":"ListItem","position":2,"name":"Sergi Mart\u00ednez renews with B\u00e0squet Girona"}]},{"@type":"WebSite","@id":"https:\/\/basquetgirona.com\/en\/#website","url":"https:\/\/basquetgirona.com\/en\/","name":"Basquet Girona","description":"","publisher":{"@id":"https:\/\/basquetgirona.com\/en\/#organization"},"potentialAction":[{"@type":"SearchAction","target":{"@type":"EntryPoint","urlTemplate":"https:\/\/basquetgirona.com\/en\/?s={search_term_string}"},"query-input":"required name=search_term_string"}],"inLanguage":"en-US"},{"@type":"Organization","@id":"https:\/\/basquetgirona.com\/en\/#organization","name":"Basquet Girona","url":"https:\/\/basquetgirona.com\/en\/","logo":{"@type":"ImageObject","inLanguage":"en-US","@id":"https:\/\/basquetgirona.com\/en\/#\/schema\/logo\/image\/","url":"https:\/\/basquetgirona.com\/wp-content\/uploads\/2023\/02\/girona-logo1.png","contentUrl":"https:\/\/basquetgirona.com\/wp-content\/uploads\/2023\/02\/girona-logo1.png","width":124,"height":136,"caption":"Basquet Girona"},"image":{"@id":"https:\/\/basquetgirona.com\/en\/#\/schema\/logo\/image\/"},"sameAs":["https:\/\/www.facebook.com\/BasquetGironaOficial","https:\/\/twitter.com\/BasquetGirona","https:\/\/www.instagram.com\/basquetgirona\/","https:\/\/es.linkedin.com\/company\/bsquet-girona","https:\/\/www.tiktok.com\/@basquetgirona"]},{"@type":"Person","@id":"https:\/\/basquetgirona.com\/en\/#\/schema\/person\/9196efe7de3d62004e09ea79cd72b8d5","name":"Pau De Castro","image":{"@type":"ImageObject","inLanguage":"en-US","@id":"https:\/\/basquetgirona.com\/en\/#\/schema\/person\/image\/","url":"https:\/\/secure.gravatar.com\/avatar\/311a301e125ef9f088e17c727474e75fb5b82151095ccfc4b6e27ae4855b5814?s=96&d=mm&r=g","contentUrl":"https:\/\/secure.gravatar.com\/avatar\/311a301e125ef9f088e17c727474e75fb5b82151095ccfc4b6e27ae4855b5814?s=96&d=mm&r=g","caption":"Pau De Castro"},"url":"https:\/\/basquetgirona.com\/en\/author\/pdcastro\/"}]}},"acf":[],"_links":{"self":[{"href":"https:\/\/basquetgirona.com\/en\/wp-json\/wp\/v2\/noticia\/62170","targetHints":{"allow":["GET"]}}],"collection":[{"href":"https:\/\/basquetgirona.com\/en\/wp-json\/wp\/v2\/noticia"}],"about":[{"href":"https:\/\/basquetgirona.com\/en\/wp-json\/wp\/v2\/types\/noticia"}],"author":[{"embeddable":true,"href":"https:\/\/basquetgirona.com\/en\/wp-json\/wp\/v2\/users\/4"}],"version-history":[{"count":3,"href":"https:\/\/basquetgirona.com\/en\/wp-json\/wp\/v2\/noticia\/62170\/revisions"}],"predecessor-version":[{"id":62175,"href":"https:\/\/basquetgirona.com\/en\/wp-json\/wp\/v2\/noticia\/62170\/revisions\/62175"}],"wp:featuredmedia":[{"embeddable":true,"href":"https:\/\/basquetgirona.com\/en\/wp-json\/wp\/v2\/media\/62167"}],"wp:attachment":[{"href":"https:\/\/basquetgirona.com\/en\/wp-json\/wp\/v2\/media?parent=62170"}],"wp:term":[{"taxonomy":"categoria_noticia","embeddable":true,"href":"https:\/\/basquetgirona.com\/en\/wp-json\/wp\/v2\/categoria_noticia?post=62170"}],"curies":[{"name":"wp","href":"https:\/\/api.w.org\/{rel}","templated":true}]}}