{"id":62234,"date":"2026-04-29T11:11:27","date_gmt":"2026-04-29T11:11:27","guid":{"rendered":"https:\/\/basquetgirona.com\/noticia\/spar-girona-begins-the-play-off-on-the-innova-tsn-leganes-court\/"},"modified":"2026-04-29T11:12:24","modified_gmt":"2026-04-29T11:12:24","slug":"spar-girona-begins-the-play-off-on-the-innova-tsn-leganes-court","status":"publish","type":"noticia","link":"https:\/\/basquetgirona.com\/en\/noticia\/spar-girona-begins-the-play-off-on-the-innova-tsn-leganes-court\/","title":{"rendered":"Spar Girona begins the play-off on the Innova-TSN Legan\u00e9s court"},"content":{"rendered":"\n<p>Spar Girona begins the quarter-finals this Thursday against Innova-TSN Legan\u00e9s. Roberto \u00cd\u00f1iguez&#8217;s team reaches this round after finishing the regular phase in second place with a record of 24 wins and 6 losses, while the Madrid team finished in seventh place (15-15). <\/p>\n\n<p>The Girona team arrives at the meeting after winning the last day of the league at the IDK Euskotren court (58-84). In the two previous matches this season, Spar Girona has won against the Madrid team: 85-76 on day 6 and 60-74 in the return match played at the Pabell\u00f3n Europa, in a duel that was not decided until the last quarter. <\/p>\n\n<figure class=\"wp-block-embed is-type-video is-provider-youtube wp-block-embed-youtube wp-embed-aspect-16-9 wp-has-aspect-ratio\"><div class=\"wp-block-embed__wrapper\">\n<iframe loading=\"lazy\" title=\"\ud83c\udf99\ufe0f #RDPPr\u00e8via | Roberto \u00cd\u00f1iguez | Quarts de Final Anada\" width=\"500\" height=\"281\" src=\"https:\/\/www.youtube.com\/embed\/94Qv5lmD7Bo?start=1&#038;feature=oembed\" frameborder=\"0\" allow=\"accelerometer; autoplay; clipboard-write; encrypted-media; gyroscope; picture-in-picture; web-share\" referrerpolicy=\"strict-origin-when-cross-origin\" allowfullscreen><\/iframe>\n<\/div><\/figure>\n\n<h2 class=\"wp-block-heading\">About the opponent<\/h2>\n\n<p>Innova-TSN Legan\u00e9s has become one of the revelation teams of the season. In its year of return to the top flight, the Madrid team has managed to qualify for the Copa de la Reina and finish the regular season in seventh position (15-15). Javier Fort&#8217;s team reaches the quarterfinals after falling on the last day at the Baxi Ferrol court by 80 to 69.  <\/p>\n\n<p>The Madrid team stands out for its strength in the interior game, where they have very physical players such as Sangare (13.5 points, 11 rebounds and 18.2 rating per game), Dodson (9.9 points, 7.3 rebounds and 12.7 rating per game) and Herlihy (9.2 points per game). On the perimeter, the outside players Driessen (10 points and 8.1 rating per game) and Dudasova (9.6 points per game) provide a scoring threat, under the direction of point guard Lahuerta (3.2 assists per game). <\/p>\n\n<h2 class=\"wp-block-heading\">About Spar Girona<\/h2>\n\n<p>Roberto \u00cd\u00f1iguez&#8217;s team faces this first match of the tie at home before deciding the series on Sunday in Fontajau. As for the squad, Mariam Coulibaly is a doubt for tomorrow&#8217;s match due to some discomfort in training, as confirmed by the coach in the previous press conference. <\/p>\n\n<figure class=\"wp-block-embed is-type-rich is-provider-twitter wp-block-embed-twitter\"><div class=\"wp-block-embed__wrapper\">\n<blockquote class=\"twitter-tweet\" data-width=\"500\" data-dnt=\"true\"><p lang=\"ca\" dir=\"ltr\">Girona, \ud835\udde7\ud835\uddf2\ud835\uddfa\ud835\uddfd\ud835\ude00 \ud835\uddf1\ud835\uddf2 \ud835\udde3\ud835\uddf9\ud835\uddee\ud835\ude06\ud835\uddfc\ud835\uddf3\ud835\uddf3\ud835\ude00 \ud83c\udf38\u00a0<br><br>Dem\u00e0 comen\u00e7a la nostra aventura! \u2708\ufe0f<br><br>Ens veiem diumenge a Fontajau per disputar els quarts de final! \ud83d\udd1c<br><br>\ud83c\udf9f\ufe0f Entrades: <a href=\"https:\/\/t.co\/Rxpz5fJE1d\">https:\/\/t.co\/Rxpz5fJE1d<\/a> <a href=\"https:\/\/t.co\/a6ObofQIXI\">pic.twitter.com\/a6ObofQIXI<\/a><\/p>&mdash; Spar Girona (@unigirona) <a href=\"https:\/\/twitter.com\/unigirona\/status\/2049399320806391920?ref_src=twsrc%5Etfw\">April 29, 2026<\/a><\/blockquote><script async src=\"https:\/\/platform.twitter.com\/widgets.js\" charset=\"utf-8\"><\/script>\n<\/div><\/figure>\n","protected":false},"excerpt":{"rendered":"<p>Spar Girona begins the quarter-finals this Thursday against Innova-TSN Legan\u00e9s. Roberto \u00cd\u00f1iguez&#8217;s team reaches this round after finishing the regular phase in second place with a record of 24 wins and 6 losses, while the Madrid team finished in seventh place (15-15). The Girona team arrives at the meeting after winning the last day of [&hellip;]<\/p>\n","protected":false},"author":4,"featured_media":62229,"menu_order":0,"template":"","categoria_noticia":[361],"class_list":["post-62234","noticia","type-noticia","status-publish","has-post-thumbnail","hentry","categoria_noticia-spar-girona-en"],"yoast_head":"<!-- This site is optimized with the Yoast SEO plugin v22.0 - https:\/\/yoast.com\/wordpress\/plugins\/seo\/ -->\n<title>Spar Girona begins the play-off on the Innova-TSN Legan\u00e9s court - Basquet Girona<\/title>\n<meta name=\"robots\" content=\"index, follow, max-snippet:-1, max-image-preview:large, max-video-preview:-1\" \/>\n<link rel=\"canonical\" href=\"https:\/\/basquetgirona.com\/en\/noticia\/spar-girona-begins-the-play-off-on-the-innova-tsn-leganes-court\/\" \/>\n<meta property=\"og:locale\" content=\"en_US\" \/>\n<meta property=\"og:type\" content=\"article\" \/>\n<meta property=\"og:title\" content=\"Spar Girona begins the play-off on the Innova-TSN Legan\u00e9s court - Basquet Girona\" \/>\n<meta property=\"og:description\" content=\"Spar Girona begins the quarter-finals this Thursday against Innova-TSN Legan\u00e9s. Roberto \u00cd\u00f1iguez&#8217;s team reaches this round after finishing the regular phase in second place with a record of 24 wins and 6 losses, while the Madrid team finished in seventh place (15-15). The Girona team arrives at the meeting after winning the last day of [&hellip;]\" \/>\n<meta property=\"og:url\" content=\"https:\/\/basquetgirona.com\/en\/noticia\/spar-girona-begins-the-play-off-on-the-innova-tsn-leganes-court\/\" \/>\n<meta property=\"og:site_name\" content=\"Basquet Girona\" \/>\n<meta property=\"article:publisher\" content=\"https:\/\/www.facebook.com\/BasquetGironaOficial\" \/>\n<meta property=\"article:modified_time\" content=\"2026-04-29T11:12:24+00:00\" \/>\n<meta property=\"og:image\" content=\"https:\/\/basquetgirona.com\/wp-content\/uploads\/2026\/04\/previa-quarts.webp\" \/>\n\t<meta property=\"og:image:width\" content=\"1377\" \/>\n\t<meta property=\"og:image:height\" content=\"485\" \/>\n\t<meta property=\"og:image:type\" content=\"image\/png\" \/>\n<meta name=\"twitter:card\" content=\"summary_large_image\" \/>\n<meta name=\"twitter:site\" content=\"@BasquetGirona\" \/>\n<meta name=\"twitter:label1\" content=\"Est. reading time\" \/>\n\t<meta name=\"twitter:data1\" content=\"2 minutes\" \/>\n<!-- \/ Yoast SEO plugin. -->","yoast_head_json":{"title":"Spar Girona begins the play-off on the Innova-TSN Legan\u00e9s court - Basquet Girona","robots":{"index":"index","follow":"follow","max-snippet":"max-snippet:-1","max-image-preview":"max-image-preview:large","max-video-preview":"max-video-preview:-1"},"canonical":"https:\/\/basquetgirona.com\/en\/noticia\/spar-girona-begins-the-play-off-on-the-innova-tsn-leganes-court\/","og_locale":"en_US","og_type":"article","og_title":"Spar Girona begins the play-off on the Innova-TSN Legan\u00e9s court - Basquet Girona","og_description":"Spar Girona begins the quarter-finals this Thursday against Innova-TSN Legan\u00e9s. Roberto \u00cd\u00f1iguez&#8217;s team reaches this round after finishing the regular phase in second place with a record of 24 wins and 6 losses, while the Madrid team finished in seventh place (15-15). The Girona team arrives at the meeting after winning the last day of [&hellip;]","og_url":"https:\/\/basquetgirona.com\/en\/noticia\/spar-girona-begins-the-play-off-on-the-innova-tsn-leganes-court\/","og_site_name":"Basquet Girona","article_publisher":"https:\/\/www.facebook.com\/BasquetGironaOficial","article_modified_time":"2026-04-29T11:12:24+00:00","og_image":[{"width":1377,"height":485,"url":"https:\/\/basquetgirona.com\/wp-content\/uploads\/2026\/04\/previa-quarts.webp","type":"image\/png"}],"twitter_card":"summary_large_image","twitter_site":"@BasquetGirona","twitter_misc":{"Est. reading time":"2 minutes"},"schema":{"@context":"https:\/\/schema.org","@graph":[{"@type":"NewsArticle","@id":"https:\/\/basquetgirona.com\/en\/noticia\/spar-girona-begins-the-play-off-on-the-innova-tsn-leganes-court\/#article","isPartOf":{"@id":"https:\/\/basquetgirona.com\/en\/noticia\/spar-girona-begins-the-play-off-on-the-innova-tsn-leganes-court\/"},"author":{"name":"Pau De Castro","@id":"https:\/\/basquetgirona.com\/en\/#\/schema\/person\/9196efe7de3d62004e09ea79cd72b8d5"},"headline":"Spar Girona begins the play-off on the Innova-TSN Legan\u00e9s court","datePublished":"2026-04-29T11:11:27+00:00","dateModified":"2026-04-29T11:12:24+00:00","mainEntityOfPage":{"@id":"https:\/\/basquetgirona.com\/en\/noticia\/spar-girona-begins-the-play-off-on-the-innova-tsn-leganes-court\/"},"wordCount":318,"publisher":{"@id":"https:\/\/basquetgirona.com\/en\/#organization"},"inLanguage":"en-US"},{"@type":["WebPage","ItemPage"],"@id":"https:\/\/basquetgirona.com\/en\/noticia\/spar-girona-begins-the-play-off-on-the-innova-tsn-leganes-court\/","url":"https:\/\/basquetgirona.com\/en\/noticia\/spar-girona-begins-the-play-off-on-the-innova-tsn-leganes-court\/","name":"Spar Girona begins the play-off on the Innova-TSN Legan\u00e9s court - Basquet Girona","isPartOf":{"@id":"https:\/\/basquetgirona.com\/en\/#website"},"datePublished":"2026-04-29T11:11:27+00:00","dateModified":"2026-04-29T11:12:24+00:00","breadcrumb":{"@id":"https:\/\/basquetgirona.com\/en\/noticia\/spar-girona-begins-the-play-off-on-the-innova-tsn-leganes-court\/#breadcrumb"},"inLanguage":"en-US","potentialAction":[{"@type":"ReadAction","target":["https:\/\/basquetgirona.com\/en\/noticia\/spar-girona-begins-the-play-off-on-the-innova-tsn-leganes-court\/"]}]},{"@type":"BreadcrumbList","@id":"https:\/\/basquetgirona.com\/en\/noticia\/spar-girona-begins-the-play-off-on-the-innova-tsn-leganes-court\/#breadcrumb","itemListElement":[{"@type":"ListItem","position":1,"name":"Inici","item":"https:\/\/basquetgirona.com\/en\/"},{"@type":"ListItem","position":2,"name":"Spar Girona begins the play-off on the Innova-TSN Legan\u00e9s court"}]},{"@type":"WebSite","@id":"https:\/\/basquetgirona.com\/en\/#website","url":"https:\/\/basquetgirona.com\/en\/","name":"Basquet Girona","description":"","publisher":{"@id":"https:\/\/basquetgirona.com\/en\/#organization"},"potentialAction":[{"@type":"SearchAction","target":{"@type":"EntryPoint","urlTemplate":"https:\/\/basquetgirona.com\/en\/?s={search_term_string}"},"query-input":"required name=search_term_string"}],"inLanguage":"en-US"},{"@type":"Organization","@id":"https:\/\/basquetgirona.com\/en\/#organization","name":"Basquet Girona","url":"https:\/\/basquetgirona.com\/en\/","logo":{"@type":"ImageObject","inLanguage":"en-US","@id":"https:\/\/basquetgirona.com\/en\/#\/schema\/logo\/image\/","url":"https:\/\/basquetgirona.com\/wp-content\/uploads\/2023\/02\/girona-logo1.png","contentUrl":"https:\/\/basquetgirona.com\/wp-content\/uploads\/2023\/02\/girona-logo1.png","width":124,"height":136,"caption":"Basquet Girona"},"image":{"@id":"https:\/\/basquetgirona.com\/en\/#\/schema\/logo\/image\/"},"sameAs":["https:\/\/www.facebook.com\/BasquetGironaOficial","https:\/\/twitter.com\/BasquetGirona","https:\/\/www.instagram.com\/basquetgirona\/","https:\/\/es.linkedin.com\/company\/bsquet-girona","https:\/\/www.tiktok.com\/@basquetgirona"]},{"@type":"Person","@id":"https:\/\/basquetgirona.com\/en\/#\/schema\/person\/9196efe7de3d62004e09ea79cd72b8d5","name":"Pau De Castro","image":{"@type":"ImageObject","inLanguage":"en-US","@id":"https:\/\/basquetgirona.com\/en\/#\/schema\/person\/image\/","url":"https:\/\/secure.gravatar.com\/avatar\/311a301e125ef9f088e17c727474e75fb5b82151095ccfc4b6e27ae4855b5814?s=96&d=mm&r=g","contentUrl":"https:\/\/secure.gravatar.com\/avatar\/311a301e125ef9f088e17c727474e75fb5b82151095ccfc4b6e27ae4855b5814?s=96&d=mm&r=g","caption":"Pau De Castro"},"url":"https:\/\/basquetgirona.com\/en\/author\/pdcastro\/"}]}},"acf":[],"_links":{"self":[{"href":"https:\/\/basquetgirona.com\/en\/wp-json\/wp\/v2\/noticia\/62234","targetHints":{"allow":["GET"]}}],"collection":[{"href":"https:\/\/basquetgirona.com\/en\/wp-json\/wp\/v2\/noticia"}],"about":[{"href":"https:\/\/basquetgirona.com\/en\/wp-json\/wp\/v2\/types\/noticia"}],"author":[{"embeddable":true,"href":"https:\/\/basquetgirona.com\/en\/wp-json\/wp\/v2\/users\/4"}],"version-history":[{"count":1,"href":"https:\/\/basquetgirona.com\/en\/wp-json\/wp\/v2\/noticia\/62234\/revisions"}],"predecessor-version":[{"id":62235,"href":"https:\/\/basquetgirona.com\/en\/wp-json\/wp\/v2\/noticia\/62234\/revisions\/62235"}],"wp:featuredmedia":[{"embeddable":true,"href":"https:\/\/basquetgirona.com\/en\/wp-json\/wp\/v2\/media\/62229"}],"wp:attachment":[{"href":"https:\/\/basquetgirona.com\/en\/wp-json\/wp\/v2\/media?parent=62234"}],"wp:term":[{"taxonomy":"categoria_noticia","embeddable":true,"href":"https:\/\/basquetgirona.com\/en\/wp-json\/wp\/v2\/categoria_noticia?post=62234"}],"curies":[{"name":"wp","href":"https:\/\/api.w.org\/{rel}","templated":true}]}}