{"id":10817,"date":"2022-06-11T00:00:00","date_gmt":"2022-06-11T00:00:00","guid":{"rendered":"https:\/\/basquetgirona.com\/?post_type=noticia&#038;p=10817"},"modified":"2025-08-20T07:40:34","modified_gmt":"2025-08-20T07:40:34","slug":"derrota-en-el-palau","status":"publish","type":"noticia","link":"https:\/\/basquetgirona.com\/es\/noticia\/derrota-en-el-palau\/","title":{"rendered":"Derrota en el Palau"},"content":{"rendered":"<p style=\"text-align: justify;\">FC Barcelona y Baloncesto Girona se han visto hoy las caras situadas en posiciones muy distantes en la clasificaci\u00f3n: el Bar\u00e7a, l\u00edder con 5 victorias, se ha impuesto desde el acierto y la solidez defensiva.<\/p>\n<p style=\"text-align: justify;\">El enfrentamiento ha comenzado con un parcial de 0-6. Los gerundenses han marcado el ritmo y la intensidad en el inicio, sabiendo aguantar el empuje durante los 8 primeros minutos. A partir de ese momento, el Bar\u00e7a ha reaccionado, con un gran parcial, para situarse por delante en el marcador al final del primer cuarto (23-19).<\/p>\n<p style=\"text-align: justify;\">El dominio azulgrana se ha incrementado en el segundo per\u00edodo: los locales han sabido correr m\u00e1s y mejor y han encontrado el acierto desde pr\u00e1cticamente todas las zonas de ataque, consiguiendo una ventaja m\u00e1xima de +15. La segunda mitad se inici\u00f3 con un 50-38 en el marcador, y tuvo una t\u00f3nica muy similar, s\u00f3lo rota por un buen parcial que situ\u00f3 a los hombres de A\u00edto por debajo de la barrera de los 10 puntos.<\/p>\n<p style=\"text-align: justify;\">En los \u00faltimos minutos del tercer cuarto, el Bar\u00e7a ha encontrado de nuevo todo su acierto para romper el partido y decidir el derbi hacia su lado, pero los rojos han sabido volver a engancharse compitiendo hasta el \u00faltimo instante. Al final, 72-69.<\/p>\n<p style=\"text-align: justify;\">Esta pr\u00f3xima semana la competici\u00f3n se detendr\u00e1 para dejar paso a la ventana FIBA. El siguiente partido del Baloncesto Girona ser\u00e1 el s\u00e1bado, 19 de noviembre, frente al Gran Canaria, en Fontajau.<\/p>\n<p style=\"text-align: justify;\">VALORACI\u00d3N POSTPARTIDO:<\/p>\n<p class=\"p1\">A\u00edto: \u201cHa sido un partido irregular. En la primera parte ha habido un momento en que hemos bajado los brazos bastante y no hemos luchado como deber\u00edamos y, en el segundo tiempo, el Bar\u00e7a ha hecho lo mismo con la diferencia de que ellos juegan tres o cuatro partidos a la semana. Estoy descontento en esta primera parte en la que no hemos trabajado y mucho m\u00e1s contento del principio del partido y de la segunda parte en la que hemos trabajado m\u00e1s. Si queremos seguir mejorando no vale ahora trabajar y ahora no trabajar: siempre debemos trabajar.\u201d<span class=\"Apple-converted-space\">&nbsp;<\/span><\/p>\n","protected":false},"excerpt":{"rendered":"<p>El B\u00e0squet Girona cae en el Palau Blaugrana de 3 puntos, compitiendo hasta el \u00faltimo instante (72-69)<\/p>\n","protected":false},"author":1,"featured_media":4985,"menu_order":0,"template":"","categoria_noticia":[],"class_list":["post-10817","noticia","type-noticia","status-publish","has-post-thumbnail","hentry"],"yoast_head":"<!-- This site is optimized with the Yoast SEO plugin v22.0 - https:\/\/yoast.com\/wordpress\/plugins\/seo\/ -->\n<title>Derrota en el Palau - Basquet Girona<\/title>\n<meta name=\"robots\" content=\"index, follow, max-snippet:-1, max-image-preview:large, max-video-preview:-1\" \/>\n<link rel=\"canonical\" href=\"https:\/\/basquetgirona.com\/es\/noticia\/derrota-en-el-palau\/\" \/>\n<meta property=\"og:locale\" content=\"es_ES\" \/>\n<meta property=\"og:type\" content=\"article\" \/>\n<meta property=\"og:title\" content=\"Derrota en el Palau - Basquet Girona\" \/>\n<meta property=\"og:description\" content=\"El B\u00e0squet Girona cae en el Palau Blaugrana de 3 puntos, compitiendo hasta el \u00faltimo instante (72-69)\" \/>\n<meta property=\"og:url\" content=\"https:\/\/basquetgirona.com\/es\/noticia\/derrota-en-el-palau\/\" \/>\n<meta property=\"og:site_name\" content=\"Basquet Girona\" \/>\n<meta property=\"article:publisher\" content=\"https:\/\/www.facebook.com\/BasquetGironaOficial\" \/>\n<meta property=\"article:modified_time\" content=\"2025-08-20T07:40:34+00:00\" \/>\n<meta property=\"og:image\" content=\"https:\/\/basquetgirona.com\/wp-content\/uploads\/2022\/06\/minicrobarb.jpg\" \/>\n\t<meta property=\"og:image:width\" content=\"1228\" \/>\n\t<meta property=\"og:image:height\" content=\"649\" \/>\n\t<meta property=\"og:image:type\" content=\"image\/jpeg\" \/>\n<meta name=\"twitter:card\" content=\"summary_large_image\" \/>\n<meta name=\"twitter:site\" content=\"@BasquetGirona\" \/>\n<meta name=\"twitter:label1\" content=\"Tiempo de lectura\" \/>\n\t<meta name=\"twitter:data1\" content=\"3 minutos\" \/>\n<!-- \/ Yoast SEO plugin. -->","yoast_head_json":{"title":"Derrota en el Palau - Basquet Girona","robots":{"index":"index","follow":"follow","max-snippet":"max-snippet:-1","max-image-preview":"max-image-preview:large","max-video-preview":"max-video-preview:-1"},"canonical":"https:\/\/basquetgirona.com\/es\/noticia\/derrota-en-el-palau\/","og_locale":"es_ES","og_type":"article","og_title":"Derrota en el Palau - Basquet Girona","og_description":"El B\u00e0squet Girona cae en el Palau Blaugrana de 3 puntos, compitiendo hasta el \u00faltimo instante (72-69)","og_url":"https:\/\/basquetgirona.com\/es\/noticia\/derrota-en-el-palau\/","og_site_name":"Basquet Girona","article_publisher":"https:\/\/www.facebook.com\/BasquetGironaOficial","article_modified_time":"2025-08-20T07:40:34+00:00","og_image":[{"width":1228,"height":649,"url":"https:\/\/basquetgirona.com\/wp-content\/uploads\/2022\/06\/minicrobarb.jpg","type":"image\/jpeg"}],"twitter_card":"summary_large_image","twitter_site":"@BasquetGirona","twitter_misc":{"Tiempo de lectura":"3 minutos"},"schema":{"@context":"https:\/\/schema.org","@graph":[{"@type":"NewsArticle","@id":"https:\/\/basquetgirona.com\/es\/noticia\/derrota-en-el-palau\/#article","isPartOf":{"@id":"https:\/\/basquetgirona.com\/es\/noticia\/derrota-en-el-palau\/"},"author":{"name":"wp6tems","@id":"https:\/\/basquetgirona.com\/es\/#\/schema\/person\/23e2f6077a380ef4bcbafe12c1c99532"},"headline":"Derrota en el Palau","datePublished":"2022-06-11T00:00:00+00:00","dateModified":"2025-08-20T07:40:34+00:00","mainEntityOfPage":{"@id":"https:\/\/basquetgirona.com\/es\/noticia\/derrota-en-el-palau\/"},"wordCount":362,"commentCount":0,"publisher":{"@id":"https:\/\/basquetgirona.com\/es\/#organization"},"inLanguage":"es"},{"@type":["WebPage","ItemPage"],"@id":"https:\/\/basquetgirona.com\/es\/noticia\/derrota-en-el-palau\/","url":"https:\/\/basquetgirona.com\/es\/noticia\/derrota-en-el-palau\/","name":"Derrota en el Palau - Basquet Girona","isPartOf":{"@id":"https:\/\/basquetgirona.com\/es\/#website"},"datePublished":"2022-06-11T00:00:00+00:00","dateModified":"2025-08-20T07:40:34+00:00","breadcrumb":{"@id":"https:\/\/basquetgirona.com\/es\/noticia\/derrota-en-el-palau\/#breadcrumb"},"inLanguage":"es","potentialAction":[{"@type":"ReadAction","target":["https:\/\/basquetgirona.com\/es\/noticia\/derrota-en-el-palau\/"]}]},{"@type":"BreadcrumbList","@id":"https:\/\/basquetgirona.com\/es\/noticia\/derrota-en-el-palau\/#breadcrumb","itemListElement":[{"@type":"ListItem","position":1,"name":"Inici","item":"https:\/\/basquetgirona.com\/es\/"},{"@type":"ListItem","position":2,"name":"Derrota en el Palau"}]},{"@type":"WebSite","@id":"https:\/\/basquetgirona.com\/es\/#website","url":"https:\/\/basquetgirona.com\/es\/","name":"Basquet Girona","description":"","publisher":{"@id":"https:\/\/basquetgirona.com\/es\/#organization"},"potentialAction":[{"@type":"SearchAction","target":{"@type":"EntryPoint","urlTemplate":"https:\/\/basquetgirona.com\/es\/?s={search_term_string}"},"query-input":"required name=search_term_string"}],"inLanguage":"es"},{"@type":"Organization","@id":"https:\/\/basquetgirona.com\/es\/#organization","name":"Basquet Girona","url":"https:\/\/basquetgirona.com\/es\/","logo":{"@type":"ImageObject","inLanguage":"es","@id":"https:\/\/basquetgirona.com\/es\/#\/schema\/logo\/image\/","url":"https:\/\/basquetgirona.com\/wp-content\/uploads\/2023\/02\/girona-logo1.png","contentUrl":"https:\/\/basquetgirona.com\/wp-content\/uploads\/2023\/02\/girona-logo1.png","width":124,"height":136,"caption":"Basquet Girona"},"image":{"@id":"https:\/\/basquetgirona.com\/es\/#\/schema\/logo\/image\/"},"sameAs":["https:\/\/www.facebook.com\/BasquetGironaOficial","https:\/\/twitter.com\/BasquetGirona","https:\/\/www.instagram.com\/basquetgirona\/","https:\/\/es.linkedin.com\/company\/bsquet-girona","https:\/\/www.tiktok.com\/@basquetgirona"]},{"@type":"Person","@id":"https:\/\/basquetgirona.com\/es\/#\/schema\/person\/23e2f6077a380ef4bcbafe12c1c99532","name":"wp6tems","image":{"@type":"ImageObject","inLanguage":"es","@id":"https:\/\/basquetgirona.com\/es\/#\/schema\/person\/image\/","url":"https:\/\/secure.gravatar.com\/avatar\/bb7e7b41fd75599f16e2481d79259374553199dc2bee29aa20aa615e30729456?s=96&d=mm&r=g","contentUrl":"https:\/\/secure.gravatar.com\/avatar\/bb7e7b41fd75599f16e2481d79259374553199dc2bee29aa20aa615e30729456?s=96&d=mm&r=g","caption":"wp6tems"},"sameAs":["https:\/\/basquetgirona.com"],"url":"https:\/\/basquetgirona.com\/es\/author\/wp6tems\/"}]}},"acf":[],"_links":{"self":[{"href":"https:\/\/basquetgirona.com\/es\/wp-json\/wp\/v2\/noticia\/10817","targetHints":{"allow":["GET"]}}],"collection":[{"href":"https:\/\/basquetgirona.com\/es\/wp-json\/wp\/v2\/noticia"}],"about":[{"href":"https:\/\/basquetgirona.com\/es\/wp-json\/wp\/v2\/types\/noticia"}],"author":[{"embeddable":true,"href":"https:\/\/basquetgirona.com\/es\/wp-json\/wp\/v2\/users\/1"}],"version-history":[{"count":6,"href":"https:\/\/basquetgirona.com\/es\/wp-json\/wp\/v2\/noticia\/10817\/revisions"}],"predecessor-version":[{"id":46718,"href":"https:\/\/basquetgirona.com\/es\/wp-json\/wp\/v2\/noticia\/10817\/revisions\/46718"}],"wp:featuredmedia":[{"embeddable":true,"href":"https:\/\/basquetgirona.com\/es\/wp-json\/wp\/v2\/media\/4985"}],"wp:attachment":[{"href":"https:\/\/basquetgirona.com\/es\/wp-json\/wp\/v2\/media?parent=10817"}],"wp:term":[{"taxonomy":"categoria_noticia","embeddable":true,"href":"https:\/\/basquetgirona.com\/es\/wp-json\/wp\/v2\/categoria_noticia?post=10817"}],"curies":[{"name":"wp","href":"https:\/\/api.w.org\/{rel}","templated":true}]}}