{"id":10885,"date":"2022-10-14T00:00:00","date_gmt":"2022-10-14T00:00:00","guid":{"rendered":"https:\/\/basquetgirona.com\/?post_type=noticia&#038;p=10885"},"modified":"2023-10-20T09:28:48","modified_gmt":"2023-10-20T09:28:48","slug":"con-ganas-de-fontajau","status":"publish","type":"noticia","link":"https:\/\/basquetgirona.com\/es\/noticia\/con-ganas-de-fontajau\/","title":{"rendered":"Con ganas de Fontajau"},"content":{"rendered":"<p>La cuarta jornada de la ACB pasar&aacute; por Fontajau, despu&eacute;s de dos partidos consecutivos lejos de casa. El rival ser&aacute; un equipo hist&oacute;rico de la categoria: el Unicaja M&aacute;laga.<\/p>\n<p>Los andaluces empezaron la temporada con un balance negativo, con una victoria y dos derrotas. En casa, cayeron ante el Real Madrid y lograron la &uacute;nica victoria de la liga contra el Gran Canaria. Lejos del Mart&iacute;n Carpena, en la jornada 1, perdieron contra Cazoo Bakonia por 103-89.<\/p>\n<p>Por su parte, el B&agrave;squet Girona a&uacute;n no ha estrenado su casillero de victorias esta campa&ntilde;a. El equipo de A&iacute;to Garc&iacute;a Reneses acumula tres derrotas consecutivas: tambi&eacute;n contra el Real Madrid en Fontajau, y ante Lenovo Tenerife y Monbus Obradoiro a domicilio.&nbsp;<\/p>\n<p>El partido se disputar&aacute; este domingo 16 de octubre, a las 12.30 h, en el Pabell&oacute;n de Fontajau, donde se espera pr&aacute;cticamente un lleno de asistencia. Tambi&eacute;n se podr&aacute; seguir por el dial 59 de Movistar+.<\/p>\n<p>&nbsp;<\/p>\n<p>CONVOCATORIA<\/p>\n<p>Maxi Fjellerup, &Egrave;ric Vila, Kameron Taylor, Pol Figueras, Roko Prka\u010din, Quino Colom, Du&scaron;an Mileti\u0107, Aleksandar Bursa\u0107, Josep Franch, Ondrej Hanzl&iacute;k, Pato Garino i Marc Gasol.<\/p>\n<p>&nbsp;<\/p>\n<p>DECLARACIONES<\/p>\n<p>A&iacute;to Garc&iacute;a Reneses: &ldquo;Seguimos trabajando en el aspecto psicol&oacute;gico, porque es importante que los jugadores se sientan c&oacute;modos jugando en casa&rdquo;.<\/p>\n<p>&lsquo;Unicaja es un equipo muy vers&aacute;til, puede hacer muchas cosas, tienen puntos en las manos y tienen jugadores que pueden atacar de muchas maneras. Defensaivamente es un equipo muy agresivo y nosotros tuvimos un problema con esto contra Obradoiro. Ser&aacute; una buena prueba para reaccionar mejor a esto&rdquo;.<\/p>\n","protected":false},"excerpt":{"rendered":"<p><em>El equipo vuelve el domingo a casa (12.30 h) con el objetivo de conseguir la primera victoria ante el Unicaja M&aacute;laga<\/em><\/p>\n","protected":false},"author":1,"featured_media":0,"menu_order":0,"template":"","categoria_noticia":[],"class_list":["post-10885","noticia","type-noticia","status-publish","hentry"],"yoast_head":"<!-- This site is optimized with the Yoast SEO plugin v22.0 - https:\/\/yoast.com\/wordpress\/plugins\/seo\/ -->\n<title>Con ganas de Fontajau - Basquet Girona<\/title>\n<meta name=\"robots\" content=\"index, follow, max-snippet:-1, max-image-preview:large, max-video-preview:-1\" \/>\n<link rel=\"canonical\" href=\"https:\/\/basquetgirona.com\/es\/noticia\/con-ganas-de-fontajau\/\" \/>\n<meta property=\"og:locale\" content=\"es_ES\" \/>\n<meta property=\"og:type\" content=\"article\" \/>\n<meta property=\"og:title\" content=\"Con ganas de Fontajau - Basquet Girona\" \/>\n<meta property=\"og:description\" content=\"El equipo vuelve el domingo a casa (12.30 h) con el objetivo de conseguir la primera victoria ante el Unicaja M&aacute;laga\" \/>\n<meta property=\"og:url\" content=\"https:\/\/basquetgirona.com\/es\/noticia\/con-ganas-de-fontajau\/\" \/>\n<meta property=\"og:site_name\" content=\"Basquet Girona\" \/>\n<meta property=\"article:publisher\" content=\"https:\/\/www.facebook.com\/BasquetGironaOficial\" \/>\n<meta property=\"article:modified_time\" content=\"2023-10-20T09:28:48+00:00\" \/>\n<meta name=\"twitter:card\" content=\"summary_large_image\" \/>\n<meta name=\"twitter:site\" content=\"@BasquetGirona\" \/>\n<meta name=\"twitter:label1\" content=\"Tiempo de lectura\" \/>\n\t<meta name=\"twitter:data1\" content=\"2 minutos\" \/>\n<!-- \/ Yoast SEO plugin. -->","yoast_head_json":{"title":"Con ganas de Fontajau - Basquet Girona","robots":{"index":"index","follow":"follow","max-snippet":"max-snippet:-1","max-image-preview":"max-image-preview:large","max-video-preview":"max-video-preview:-1"},"canonical":"https:\/\/basquetgirona.com\/es\/noticia\/con-ganas-de-fontajau\/","og_locale":"es_ES","og_type":"article","og_title":"Con ganas de Fontajau - Basquet Girona","og_description":"El equipo vuelve el domingo a casa (12.30 h) con el objetivo de conseguir la primera victoria ante el Unicaja M&aacute;laga","og_url":"https:\/\/basquetgirona.com\/es\/noticia\/con-ganas-de-fontajau\/","og_site_name":"Basquet Girona","article_publisher":"https:\/\/www.facebook.com\/BasquetGironaOficial","article_modified_time":"2023-10-20T09:28:48+00:00","twitter_card":"summary_large_image","twitter_site":"@BasquetGirona","twitter_misc":{"Tiempo de lectura":"2 minutos"},"schema":{"@context":"https:\/\/schema.org","@graph":[{"@type":"NewsArticle","@id":"https:\/\/basquetgirona.com\/es\/noticia\/con-ganas-de-fontajau\/#article","isPartOf":{"@id":"https:\/\/basquetgirona.com\/es\/noticia\/con-ganas-de-fontajau\/"},"author":{"name":"wp6tems","@id":"https:\/\/basquetgirona.com\/es\/#\/schema\/person\/23e2f6077a380ef4bcbafe12c1c99532"},"headline":"Con ganas de Fontajau","datePublished":"2022-10-14T00:00:00+00:00","dateModified":"2023-10-20T09:28:48+00:00","mainEntityOfPage":{"@id":"https:\/\/basquetgirona.com\/es\/noticia\/con-ganas-de-fontajau\/"},"wordCount":306,"commentCount":0,"publisher":{"@id":"https:\/\/basquetgirona.com\/es\/#organization"},"inLanguage":"es"},{"@type":["WebPage","ItemPage"],"@id":"https:\/\/basquetgirona.com\/es\/noticia\/con-ganas-de-fontajau\/","url":"https:\/\/basquetgirona.com\/es\/noticia\/con-ganas-de-fontajau\/","name":"Con ganas de Fontajau - Basquet Girona","isPartOf":{"@id":"https:\/\/basquetgirona.com\/es\/#website"},"datePublished":"2022-10-14T00:00:00+00:00","dateModified":"2023-10-20T09:28:48+00:00","breadcrumb":{"@id":"https:\/\/basquetgirona.com\/es\/noticia\/con-ganas-de-fontajau\/#breadcrumb"},"inLanguage":"es","potentialAction":[{"@type":"ReadAction","target":["https:\/\/basquetgirona.com\/es\/noticia\/con-ganas-de-fontajau\/"]}]},{"@type":"BreadcrumbList","@id":"https:\/\/basquetgirona.com\/es\/noticia\/con-ganas-de-fontajau\/#breadcrumb","itemListElement":[{"@type":"ListItem","position":1,"name":"Inici","item":"https:\/\/basquetgirona.com\/es\/"},{"@type":"ListItem","position":2,"name":"Con ganas de Fontajau"}]},{"@type":"WebSite","@id":"https:\/\/basquetgirona.com\/es\/#website","url":"https:\/\/basquetgirona.com\/es\/","name":"Basquet Girona","description":"","publisher":{"@id":"https:\/\/basquetgirona.com\/es\/#organization"},"potentialAction":[{"@type":"SearchAction","target":{"@type":"EntryPoint","urlTemplate":"https:\/\/basquetgirona.com\/es\/?s={search_term_string}"},"query-input":"required name=search_term_string"}],"inLanguage":"es"},{"@type":"Organization","@id":"https:\/\/basquetgirona.com\/es\/#organization","name":"Basquet Girona","url":"https:\/\/basquetgirona.com\/es\/","logo":{"@type":"ImageObject","inLanguage":"es","@id":"https:\/\/basquetgirona.com\/es\/#\/schema\/logo\/image\/","url":"https:\/\/basquetgirona.com\/wp-content\/uploads\/2023\/02\/girona-logo1.png","contentUrl":"https:\/\/basquetgirona.com\/wp-content\/uploads\/2023\/02\/girona-logo1.png","width":124,"height":136,"caption":"Basquet Girona"},"image":{"@id":"https:\/\/basquetgirona.com\/es\/#\/schema\/logo\/image\/"},"sameAs":["https:\/\/www.facebook.com\/BasquetGironaOficial","https:\/\/twitter.com\/BasquetGirona","https:\/\/www.instagram.com\/basquetgirona\/","https:\/\/es.linkedin.com\/company\/bsquet-girona","https:\/\/www.tiktok.com\/@basquetgirona"]},{"@type":"Person","@id":"https:\/\/basquetgirona.com\/es\/#\/schema\/person\/23e2f6077a380ef4bcbafe12c1c99532","name":"wp6tems","image":{"@type":"ImageObject","inLanguage":"es","@id":"https:\/\/basquetgirona.com\/es\/#\/schema\/person\/image\/","url":"https:\/\/secure.gravatar.com\/avatar\/bb7e7b41fd75599f16e2481d79259374553199dc2bee29aa20aa615e30729456?s=96&d=mm&r=g","contentUrl":"https:\/\/secure.gravatar.com\/avatar\/bb7e7b41fd75599f16e2481d79259374553199dc2bee29aa20aa615e30729456?s=96&d=mm&r=g","caption":"wp6tems"},"sameAs":["https:\/\/basquetgirona.com"],"url":"https:\/\/basquetgirona.com\/es\/author\/wp6tems\/"}]}},"acf":[],"_links":{"self":[{"href":"https:\/\/basquetgirona.com\/es\/wp-json\/wp\/v2\/noticia\/10885","targetHints":{"allow":["GET"]}}],"collection":[{"href":"https:\/\/basquetgirona.com\/es\/wp-json\/wp\/v2\/noticia"}],"about":[{"href":"https:\/\/basquetgirona.com\/es\/wp-json\/wp\/v2\/types\/noticia"}],"author":[{"embeddable":true,"href":"https:\/\/basquetgirona.com\/es\/wp-json\/wp\/v2\/users\/1"}],"version-history":[{"count":1,"href":"https:\/\/basquetgirona.com\/es\/wp-json\/wp\/v2\/noticia\/10885\/revisions"}],"predecessor-version":[{"id":15286,"href":"https:\/\/basquetgirona.com\/es\/wp-json\/wp\/v2\/noticia\/10885\/revisions\/15286"}],"wp:attachment":[{"href":"https:\/\/basquetgirona.com\/es\/wp-json\/wp\/v2\/media?parent=10885"}],"wp:term":[{"taxonomy":"categoria_noticia","embeddable":true,"href":"https:\/\/basquetgirona.com\/es\/wp-json\/wp\/v2\/categoria_noticia?post=10885"}],"curies":[{"name":"wp","href":"https:\/\/api.w.org\/{rel}","templated":true}]}}