{"id":12288,"date":"2020-10-15T00:00:00","date_gmt":"2020-10-15T00:00:00","guid":{"rendered":"https:\/\/basquetgirona.com\/?post_type=noticia&#038;p=12288"},"modified":"2025-10-06T14:14:55","modified_gmt":"2025-10-06T14:14:55","slug":"llega-la-app-del-basquet-girona","status":"publish","type":"noticia","link":"https:\/\/basquetgirona.com\/es\/noticia\/llega-la-app-del-basquet-girona\/","title":{"rendered":"Llega la APP del B\u00e0squet Girona"},"content":{"rendered":"<p style=\"text-align: justify;\">Desde este jueves ya se puede descargar la aplicaci\u00f3n del B\u00e0squet Girona, creada por Sixtemia. En la APP, el usuario vivir\u00e1 la experiencia B\u00e0squet Girona desde una nueva dimensi\u00f3n, con todo lo que necesita saber del club al instante: actualidad, calendario, resultados, primer equipo y acceso a la tienda.<\/p>\n<p style=\"text-align: justify;\">Por otra parte, \u00fanicamente a trav\u00e9s de la plataforma, el socio podr\u00e1 acceder a su carn\u00e9, que esta temporada ser\u00e1 personal e intransferible. De este modo, es OBLIGATORIO para todo socio que la app est\u00e9 descargada para el partido del domingo.<\/p>\n<p style=\"text-align: justify;\">Para conocer los pasos a seguir para la sincronizaci\u00f3n del carn\u00e9 de socio, pulsa <span style=\"text-decoration: underline;\"><a href=\"https:\/\/basquetgirona.com\/senior\/files\/Funcionament_APP.pdf\">aqu\u00ed<\/a><\/span>.<\/p>\n<p style=\"text-align: justify;\">La iniciativa virtual significa un antes y un despu\u00e9s en la digitalizaci\u00f3n que est\u00e1 realizando el club, con el prop\u00f3sito de ser una entidad sostenible y responsable con el medio ambiente.<\/p>\n<p style=\"text-align: justify;\">Para cualquier duda, los socios pueden atender los canales comunicativos del club:<\/p>\n<p style=\"text-align: justify;\">&#8211; Llamando al 972 28 29 04<br \/>\n&#8211; Enviando un correo a socis@basquetgirona.com<br \/>\n&#8211; Visit\u00e1ndonos en las oficinas de 9:00 h a 13:00 h<\/p>\n","protected":false},"excerpt":{"rendered":"<p>La introducci&oacute;n de la aplicaci&oacute;n supone un paso determinante en el proceso digital del club<\/p>\n","protected":false},"author":1,"featured_media":0,"menu_order":0,"template":"","categoria_noticia":[],"class_list":["post-12288","noticia","type-noticia","status-publish","hentry"],"yoast_head":"<!-- This site is optimized with the Yoast SEO plugin v22.0 - https:\/\/yoast.com\/wordpress\/plugins\/seo\/ -->\n<title>Llega la APP del B\u00e0squet Girona - Basquet Girona<\/title>\n<meta name=\"robots\" content=\"index, follow, max-snippet:-1, max-image-preview:large, max-video-preview:-1\" \/>\n<link rel=\"canonical\" href=\"https:\/\/basquetgirona.com\/es\/noticia\/llega-la-app-del-basquet-girona\/\" \/>\n<meta property=\"og:locale\" content=\"es_ES\" \/>\n<meta property=\"og:type\" content=\"article\" \/>\n<meta property=\"og:title\" content=\"Llega la APP del B\u00e0squet Girona - Basquet Girona\" \/>\n<meta property=\"og:description\" content=\"La introducci&oacute;n de la aplicaci&oacute;n supone un paso determinante en el proceso digital del club\" \/>\n<meta property=\"og:url\" content=\"https:\/\/basquetgirona.com\/es\/noticia\/llega-la-app-del-basquet-girona\/\" \/>\n<meta property=\"og:site_name\" content=\"Basquet Girona\" \/>\n<meta property=\"article:publisher\" content=\"https:\/\/www.facebook.com\/BasquetGironaOficial\" \/>\n<meta property=\"article:modified_time\" content=\"2025-10-06T14:14:55+00:00\" \/>\n<meta name=\"twitter:card\" content=\"summary_large_image\" \/>\n<meta name=\"twitter:site\" content=\"@BasquetGirona\" \/>\n<meta name=\"twitter:label1\" content=\"Tiempo de lectura\" \/>\n\t<meta name=\"twitter:data1\" content=\"1 minuto\" \/>\n<!-- \/ Yoast SEO plugin. -->","yoast_head_json":{"title":"Llega la APP del B\u00e0squet Girona - Basquet Girona","robots":{"index":"index","follow":"follow","max-snippet":"max-snippet:-1","max-image-preview":"max-image-preview:large","max-video-preview":"max-video-preview:-1"},"canonical":"https:\/\/basquetgirona.com\/es\/noticia\/llega-la-app-del-basquet-girona\/","og_locale":"es_ES","og_type":"article","og_title":"Llega la APP del B\u00e0squet Girona - Basquet Girona","og_description":"La introducci&oacute;n de la aplicaci&oacute;n supone un paso determinante en el proceso digital del club","og_url":"https:\/\/basquetgirona.com\/es\/noticia\/llega-la-app-del-basquet-girona\/","og_site_name":"Basquet Girona","article_publisher":"https:\/\/www.facebook.com\/BasquetGironaOficial","article_modified_time":"2025-10-06T14:14:55+00:00","twitter_card":"summary_large_image","twitter_site":"@BasquetGirona","twitter_misc":{"Tiempo de lectura":"1 minuto"},"schema":{"@context":"https:\/\/schema.org","@graph":[{"@type":"NewsArticle","@id":"https:\/\/basquetgirona.com\/es\/noticia\/llega-la-app-del-basquet-girona\/#article","isPartOf":{"@id":"https:\/\/basquetgirona.com\/es\/noticia\/llega-la-app-del-basquet-girona\/"},"author":{"name":"wp6tems","@id":"https:\/\/basquetgirona.com\/es\/#\/schema\/person\/23e2f6077a380ef4bcbafe12c1c99532"},"headline":"Llega la APP del B\u00e0squet Girona","datePublished":"2020-10-15T00:00:00+00:00","dateModified":"2025-10-06T14:14:55+00:00","mainEntityOfPage":{"@id":"https:\/\/basquetgirona.com\/es\/noticia\/llega-la-app-del-basquet-girona\/"},"wordCount":185,"publisher":{"@id":"https:\/\/basquetgirona.com\/es\/#organization"},"inLanguage":"es"},{"@type":["WebPage","ItemPage"],"@id":"https:\/\/basquetgirona.com\/es\/noticia\/llega-la-app-del-basquet-girona\/","url":"https:\/\/basquetgirona.com\/es\/noticia\/llega-la-app-del-basquet-girona\/","name":"Llega la APP del B\u00e0squet Girona - Basquet Girona","isPartOf":{"@id":"https:\/\/basquetgirona.com\/es\/#website"},"datePublished":"2020-10-15T00:00:00+00:00","dateModified":"2025-10-06T14:14:55+00:00","breadcrumb":{"@id":"https:\/\/basquetgirona.com\/es\/noticia\/llega-la-app-del-basquet-girona\/#breadcrumb"},"inLanguage":"es","potentialAction":[{"@type":"ReadAction","target":["https:\/\/basquetgirona.com\/es\/noticia\/llega-la-app-del-basquet-girona\/"]}]},{"@type":"BreadcrumbList","@id":"https:\/\/basquetgirona.com\/es\/noticia\/llega-la-app-del-basquet-girona\/#breadcrumb","itemListElement":[{"@type":"ListItem","position":1,"name":"Inici","item":"https:\/\/basquetgirona.com\/es\/"},{"@type":"ListItem","position":2,"name":"Llega la APP del B\u00e0squet Girona"}]},{"@type":"WebSite","@id":"https:\/\/basquetgirona.com\/es\/#website","url":"https:\/\/basquetgirona.com\/es\/","name":"Basquet Girona","description":"","publisher":{"@id":"https:\/\/basquetgirona.com\/es\/#organization"},"potentialAction":[{"@type":"SearchAction","target":{"@type":"EntryPoint","urlTemplate":"https:\/\/basquetgirona.com\/es\/?s={search_term_string}"},"query-input":"required name=search_term_string"}],"inLanguage":"es"},{"@type":"Organization","@id":"https:\/\/basquetgirona.com\/es\/#organization","name":"Basquet Girona","url":"https:\/\/basquetgirona.com\/es\/","logo":{"@type":"ImageObject","inLanguage":"es","@id":"https:\/\/basquetgirona.com\/es\/#\/schema\/logo\/image\/","url":"https:\/\/basquetgirona.com\/wp-content\/uploads\/2023\/02\/girona-logo1.png","contentUrl":"https:\/\/basquetgirona.com\/wp-content\/uploads\/2023\/02\/girona-logo1.png","width":124,"height":136,"caption":"Basquet Girona"},"image":{"@id":"https:\/\/basquetgirona.com\/es\/#\/schema\/logo\/image\/"},"sameAs":["https:\/\/www.facebook.com\/BasquetGironaOficial","https:\/\/twitter.com\/BasquetGirona","https:\/\/www.instagram.com\/basquetgirona\/","https:\/\/es.linkedin.com\/company\/bsquet-girona","https:\/\/www.tiktok.com\/@basquetgirona"]},{"@type":"Person","@id":"https:\/\/basquetgirona.com\/es\/#\/schema\/person\/23e2f6077a380ef4bcbafe12c1c99532","name":"wp6tems","image":{"@type":"ImageObject","inLanguage":"es","@id":"https:\/\/basquetgirona.com\/es\/#\/schema\/person\/image\/","url":"https:\/\/secure.gravatar.com\/avatar\/bb7e7b41fd75599f16e2481d79259374553199dc2bee29aa20aa615e30729456?s=96&d=mm&r=g","contentUrl":"https:\/\/secure.gravatar.com\/avatar\/bb7e7b41fd75599f16e2481d79259374553199dc2bee29aa20aa615e30729456?s=96&d=mm&r=g","caption":"wp6tems"},"sameAs":["https:\/\/basquetgirona.com"],"url":"https:\/\/basquetgirona.com\/es\/author\/wp6tems\/"}]}},"acf":[],"_links":{"self":[{"href":"https:\/\/basquetgirona.com\/es\/wp-json\/wp\/v2\/noticia\/12288","targetHints":{"allow":["GET"]}}],"collection":[{"href":"https:\/\/basquetgirona.com\/es\/wp-json\/wp\/v2\/noticia"}],"about":[{"href":"https:\/\/basquetgirona.com\/es\/wp-json\/wp\/v2\/types\/noticia"}],"author":[{"embeddable":true,"href":"https:\/\/basquetgirona.com\/es\/wp-json\/wp\/v2\/users\/1"}],"version-history":[{"count":2,"href":"https:\/\/basquetgirona.com\/es\/wp-json\/wp\/v2\/noticia\/12288\/revisions"}],"predecessor-version":[{"id":56392,"href":"https:\/\/basquetgirona.com\/es\/wp-json\/wp\/v2\/noticia\/12288\/revisions\/56392"}],"wp:attachment":[{"href":"https:\/\/basquetgirona.com\/es\/wp-json\/wp\/v2\/media?parent=12288"}],"wp:term":[{"taxonomy":"categoria_noticia","embeddable":true,"href":"https:\/\/basquetgirona.com\/es\/wp-json\/wp\/v2\/categoria_noticia?post=12288"}],"curies":[{"name":"wp","href":"https:\/\/api.w.org\/{rel}","templated":true}]}}