{"id":22702,"date":"2023-03-07T00:00:00","date_gmt":"2023-03-07T00:00:00","guid":{"rendered":"https:\/\/basquetgirona.com\/noticia\/el-12-de-marzo-ven-en-bici-a-fontajau-juntos-haremos-el-partido-menos-contaminante-2\/"},"modified":"2025-08-18T08:06:25","modified_gmt":"2025-08-18T08:06:25","slug":"el-12-de-marzo-ven-en-bici-a-fontajau-juntos-haremos-el-partido-menos-contaminante-2","status":"publish","type":"noticia","link":"https:\/\/basquetgirona.com\/es\/noticia\/el-12-de-marzo-ven-en-bici-a-fontajau-juntos-haremos-el-partido-menos-contaminante-2\/","title":{"rendered":"El 12 de marzo, ven en bici a Fontajau: juntos haremos &#8216;El partido menos contaminante&#8217;"},"content":{"rendered":"<p style=\"text-align: justify;\">La jornada 22, en la que el Valencia&nbsp; Basket&nbsp; visitar\u00e1 el pabell\u00f3n de Fontajau, el B\u00e0squet Girona se ha propuesto un reto: conseguir que \u00e9ste sea &#8216;El partido menos contaminante&#8217;.<\/p>\n<p style=\"text-align: justify;\">El club estima en 850 los coches utilizados para acudir a un partido del B\u00e0squet Girona, de los que un 10% son el\u00e9ctricos o h\u00edbridos. Esto implica que la huella ambiental de cada partido se sit\u00faa en torno a los 7.800 kg de CO\u2082.&nbsp;<\/p>\n<p style=\"text-align: justify;\">Por eso proponemos reducir el uso de veh\u00edculos contaminantes. Se trata de una acci\u00f3n que se enmarca dentro del compromiso social y ecol\u00f3gico en el que est\u00e1 trabajando el club desde sus inicios. Con el fin de reducir la huella de&nbsp; CO\u2082&nbsp; provocada por veh\u00edculos motorizados, el Ayuntamiento de Girona ampliar\u00e1 el n\u00famero de aparcamientos de bicicletas.<\/p>\n<p style=\"text-align: justify;\"><strong>Entra en el sorteo de Yosoy<\/strong><\/p>\n<p style=\"text-align: justify;\">Los aficionados\/as que quieran acudir al partido en bici, pueden apuntarse a trav\u00e9s de este formulario https:\/\/basquetgirona.clubin.pro\/bike_inscriptions. Haci\u00e9ndolo disfrutar\u00e1n de aparcamiento vigilado en el exterior de Fontajau. Adem\u00e1s, entrar\u00e1n en un sorteo de un lote de productos&nbsp; Yosoy, el&nbsp; partner&nbsp; bebidas vegetales con compromiso ambiental que tambi\u00e9n ha querido formar parte de esta iniciativa.<\/p>\n<p>Adem\u00e1s, el club habilitar\u00e1 una consigna para guardar los cascos de sus bicicletas. El uso del&nbsp; candado&nbsp; de seguridad es obligatorio.<\/p>\n","protected":false},"excerpt":{"rendered":"<p><em><span>El Ayuntamiento de Girona ampl\u00eda los aparcamientos de bicicletas en el pabell\u00f3n y, con la colaboraci\u00f3n de&nbsp; Yosoy, el club quiere reducir la huella de&nbsp; CO\u2082<\/span><\/em><\/p>\n","protected":false},"author":1,"featured_media":4499,"menu_order":0,"template":"","categoria_noticia":[],"class_list":["post-22702","noticia","type-noticia","status-publish","has-post-thumbnail","hentry"],"yoast_head":"<!-- This site is optimized with the Yoast SEO plugin v22.0 - https:\/\/yoast.com\/wordpress\/plugins\/seo\/ -->\n<title>El 12 de marzo, ven en bici a Fontajau: juntos haremos &#039;El partido menos contaminante&#039; - Basquet Girona<\/title>\n<meta name=\"robots\" content=\"index, follow, max-snippet:-1, max-image-preview:large, max-video-preview:-1\" \/>\n<link rel=\"canonical\" href=\"https:\/\/basquetgirona.com\/es\/noticia\/el-12-de-marzo-ven-en-bici-a-fontajau-juntos-haremos-el-partido-menos-contaminante-2\/\" \/>\n<meta property=\"og:locale\" content=\"es_ES\" \/>\n<meta property=\"og:type\" content=\"article\" \/>\n<meta property=\"og:title\" content=\"El 12 de marzo, ven en bici a Fontajau: juntos haremos &#039;El partido menos contaminante&#039; - Basquet Girona\" \/>\n<meta property=\"og:description\" content=\"El Ayuntamiento de Girona ampl\u00eda los aparcamientos de bicicletas en el pabell\u00f3n y, con la colaboraci\u00f3n de&nbsp; Yosoy, el club quiere reducir la huella de&nbsp; CO\u2082\" \/>\n<meta property=\"og:url\" content=\"https:\/\/basquetgirona.com\/es\/noticia\/el-12-de-marzo-ven-en-bici-a-fontajau-juntos-haremos-el-partido-menos-contaminante-2\/\" \/>\n<meta property=\"og:site_name\" content=\"Basquet Girona\" \/>\n<meta property=\"article:publisher\" content=\"https:\/\/www.facebook.com\/BasquetGironaOficial\" \/>\n<meta property=\"article:modified_time\" content=\"2025-08-18T08:06:25+00:00\" \/>\n<meta property=\"og:image\" content=\"https:\/\/basquetgirona.com\/wp-content\/uploads\/2023\/07\/mini-yosoy-post-web.jpg\" \/>\n\t<meta property=\"og:image:width\" content=\"344\" \/>\n\t<meta property=\"og:image:height\" content=\"184\" \/>\n\t<meta property=\"og:image:type\" content=\"image\/jpeg\" \/>\n<meta name=\"twitter:card\" content=\"summary_large_image\" \/>\n<meta name=\"twitter:site\" content=\"@BasquetGirona\" \/>\n<meta name=\"twitter:label1\" content=\"Tiempo de lectura\" \/>\n\t<meta name=\"twitter:data1\" content=\"1 minuto\" \/>\n<!-- \/ Yoast SEO plugin. -->","yoast_head_json":{"title":"El 12 de marzo, ven en bici a Fontajau: juntos haremos 'El partido menos contaminante' - Basquet Girona","robots":{"index":"index","follow":"follow","max-snippet":"max-snippet:-1","max-image-preview":"max-image-preview:large","max-video-preview":"max-video-preview:-1"},"canonical":"https:\/\/basquetgirona.com\/es\/noticia\/el-12-de-marzo-ven-en-bici-a-fontajau-juntos-haremos-el-partido-menos-contaminante-2\/","og_locale":"es_ES","og_type":"article","og_title":"El 12 de marzo, ven en bici a Fontajau: juntos haremos 'El partido menos contaminante' - Basquet Girona","og_description":"El Ayuntamiento de Girona ampl\u00eda los aparcamientos de bicicletas en el pabell\u00f3n y, con la colaboraci\u00f3n de&nbsp; Yosoy, el club quiere reducir la huella de&nbsp; CO\u2082","og_url":"https:\/\/basquetgirona.com\/es\/noticia\/el-12-de-marzo-ven-en-bici-a-fontajau-juntos-haremos-el-partido-menos-contaminante-2\/","og_site_name":"Basquet Girona","article_publisher":"https:\/\/www.facebook.com\/BasquetGironaOficial","article_modified_time":"2025-08-18T08:06:25+00:00","og_image":[{"width":344,"height":184,"url":"https:\/\/basquetgirona.com\/wp-content\/uploads\/2023\/07\/mini-yosoy-post-web.jpg","type":"image\/jpeg"}],"twitter_card":"summary_large_image","twitter_site":"@BasquetGirona","twitter_misc":{"Tiempo de lectura":"1 minuto"},"schema":{"@context":"https:\/\/schema.org","@graph":[{"@type":"NewsArticle","@id":"https:\/\/basquetgirona.com\/es\/noticia\/el-12-de-marzo-ven-en-bici-a-fontajau-juntos-haremos-el-partido-menos-contaminante-2\/#article","isPartOf":{"@id":"https:\/\/basquetgirona.com\/es\/noticia\/el-12-de-marzo-ven-en-bici-a-fontajau-juntos-haremos-el-partido-menos-contaminante-2\/"},"author":{"name":"wp6tems","@id":"https:\/\/basquetgirona.com\/es\/#\/schema\/person\/23e2f6077a380ef4bcbafe12c1c99532"},"headline":"El 12 de marzo, ven en bici a Fontajau: juntos haremos &#8216;El partido menos contaminante&#8217;","datePublished":"2023-03-07T00:00:00+00:00","dateModified":"2025-08-18T08:06:25+00:00","mainEntityOfPage":{"@id":"https:\/\/basquetgirona.com\/es\/noticia\/el-12-de-marzo-ven-en-bici-a-fontajau-juntos-haremos-el-partido-menos-contaminante-2\/"},"wordCount":256,"commentCount":0,"publisher":{"@id":"https:\/\/basquetgirona.com\/es\/#organization"},"inLanguage":"es"},{"@type":["WebPage","ItemPage"],"@id":"https:\/\/basquetgirona.com\/es\/noticia\/el-12-de-marzo-ven-en-bici-a-fontajau-juntos-haremos-el-partido-menos-contaminante-2\/","url":"https:\/\/basquetgirona.com\/es\/noticia\/el-12-de-marzo-ven-en-bici-a-fontajau-juntos-haremos-el-partido-menos-contaminante-2\/","name":"El 12 de marzo, ven en bici a Fontajau: juntos haremos 'El partido menos contaminante' - Basquet Girona","isPartOf":{"@id":"https:\/\/basquetgirona.com\/es\/#website"},"datePublished":"2023-03-07T00:00:00+00:00","dateModified":"2025-08-18T08:06:25+00:00","breadcrumb":{"@id":"https:\/\/basquetgirona.com\/es\/noticia\/el-12-de-marzo-ven-en-bici-a-fontajau-juntos-haremos-el-partido-menos-contaminante-2\/#breadcrumb"},"inLanguage":"es","potentialAction":[{"@type":"ReadAction","target":["https:\/\/basquetgirona.com\/es\/noticia\/el-12-de-marzo-ven-en-bici-a-fontajau-juntos-haremos-el-partido-menos-contaminante-2\/"]}]},{"@type":"BreadcrumbList","@id":"https:\/\/basquetgirona.com\/es\/noticia\/el-12-de-marzo-ven-en-bici-a-fontajau-juntos-haremos-el-partido-menos-contaminante-2\/#breadcrumb","itemListElement":[{"@type":"ListItem","position":1,"name":"Inici","item":"https:\/\/basquetgirona.com\/es\/"},{"@type":"ListItem","position":2,"name":"El 12 de marzo, ven en bici a Fontajau: juntos haremos &#8216;El partido menos contaminante&#8217;"}]},{"@type":"WebSite","@id":"https:\/\/basquetgirona.com\/es\/#website","url":"https:\/\/basquetgirona.com\/es\/","name":"Basquet Girona","description":"","publisher":{"@id":"https:\/\/basquetgirona.com\/es\/#organization"},"potentialAction":[{"@type":"SearchAction","target":{"@type":"EntryPoint","urlTemplate":"https:\/\/basquetgirona.com\/es\/?s={search_term_string}"},"query-input":"required name=search_term_string"}],"inLanguage":"es"},{"@type":"Organization","@id":"https:\/\/basquetgirona.com\/es\/#organization","name":"Basquet Girona","url":"https:\/\/basquetgirona.com\/es\/","logo":{"@type":"ImageObject","inLanguage":"es","@id":"https:\/\/basquetgirona.com\/es\/#\/schema\/logo\/image\/","url":"https:\/\/basquetgirona.com\/wp-content\/uploads\/2023\/02\/girona-logo1.png","contentUrl":"https:\/\/basquetgirona.com\/wp-content\/uploads\/2023\/02\/girona-logo1.png","width":124,"height":136,"caption":"Basquet Girona"},"image":{"@id":"https:\/\/basquetgirona.com\/es\/#\/schema\/logo\/image\/"},"sameAs":["https:\/\/www.facebook.com\/BasquetGironaOficial","https:\/\/twitter.com\/BasquetGirona","https:\/\/www.instagram.com\/basquetgirona\/","https:\/\/es.linkedin.com\/company\/bsquet-girona","https:\/\/www.tiktok.com\/@basquetgirona"]},{"@type":"Person","@id":"https:\/\/basquetgirona.com\/es\/#\/schema\/person\/23e2f6077a380ef4bcbafe12c1c99532","name":"wp6tems","image":{"@type":"ImageObject","inLanguage":"es","@id":"https:\/\/basquetgirona.com\/es\/#\/schema\/person\/image\/","url":"https:\/\/secure.gravatar.com\/avatar\/bb7e7b41fd75599f16e2481d79259374553199dc2bee29aa20aa615e30729456?s=96&d=mm&r=g","contentUrl":"https:\/\/secure.gravatar.com\/avatar\/bb7e7b41fd75599f16e2481d79259374553199dc2bee29aa20aa615e30729456?s=96&d=mm&r=g","caption":"wp6tems"},"sameAs":["https:\/\/basquetgirona.com"],"url":"https:\/\/basquetgirona.com\/es\/author\/wp6tems\/"}]}},"acf":[],"_links":{"self":[{"href":"https:\/\/basquetgirona.com\/es\/wp-json\/wp\/v2\/noticia\/22702","targetHints":{"allow":["GET"]}}],"collection":[{"href":"https:\/\/basquetgirona.com\/es\/wp-json\/wp\/v2\/noticia"}],"about":[{"href":"https:\/\/basquetgirona.com\/es\/wp-json\/wp\/v2\/types\/noticia"}],"author":[{"embeddable":true,"href":"https:\/\/basquetgirona.com\/es\/wp-json\/wp\/v2\/users\/1"}],"version-history":[{"count":3,"href":"https:\/\/basquetgirona.com\/es\/wp-json\/wp\/v2\/noticia\/22702\/revisions"}],"predecessor-version":[{"id":46156,"href":"https:\/\/basquetgirona.com\/es\/wp-json\/wp\/v2\/noticia\/22702\/revisions\/46156"}],"wp:featuredmedia":[{"embeddable":true,"href":"https:\/\/basquetgirona.com\/es\/wp-json\/wp\/v2\/media\/4499"}],"wp:attachment":[{"href":"https:\/\/basquetgirona.com\/es\/wp-json\/wp\/v2\/media?parent=22702"}],"wp:term":[{"taxonomy":"categoria_noticia","embeddable":true,"href":"https:\/\/basquetgirona.com\/es\/wp-json\/wp\/v2\/categoria_noticia?post=22702"}],"curies":[{"name":"wp","href":"https:\/\/api.w.org\/{rel}","templated":true}]}}