{"id":23036,"date":"2023-09-13T00:00:00","date_gmt":"2023-09-13T00:00:00","guid":{"rendered":"https:\/\/basquetgirona.com\/noticia\/de-menos-a-mas-2\/"},"modified":"2026-02-11T09:05:58","modified_gmt":"2026-02-11T09:05:58","slug":"de-menos-a-mas-2","status":"publish","type":"noticia","link":"https:\/\/basquetgirona.com\/es\/noticia\/de-menos-a-mas-2\/","title":{"rendered":"De menos a m\u00e1s"},"content":{"rendered":"<p class=\"p1\" style=\"text-align: justify;\">La Penya ha empezado el partido dominando los dos lados de la pista, lo que le ha permitido tomar una distancia de hasta 22 puntos en el primer cuarto (9-31). El conjunto gerundense ha logrado ser m\u00e1s efectivo en los primeros comicios del segundo per\u00edodo, reduciendo la distancia hasta los 15 puntos y haci\u00e9ndose valer del tiro exterior (6 triples al descanso).<span class=\"Apple-converted-space\">&nbsp;<\/span><\/p>\n<p class=\"p1\" style=\"text-align: justify;\">La buena t\u00f3nica gerundense se mantuvo en la reanudaci\u00f3n, en la que el equipo mejor\u00f3 los registros anotadores hasta el punto de casi igualar el marcador ofensivo que hab\u00eda conseguido en toda la primera parte (30 puntos) gracias a un en\u00e9rgico e incisivo Mindaugas Su\u0161inskas, autor de un tercio de los puntos. La reacci\u00f3n en el apartado atacante ha sido est\u00e9ril sin embargo, porque el Joventut ha igualado el enfrentamiento en el aspecto anotador tras el 59-66 que se hab\u00eda llegado con triple de Quino (64-80).<span class=\"Apple-converted-space\">&nbsp;<\/span><\/p>\n<p class=\"p1\" style=\"text-align: justify;\">En el \u00faltimo cuarto, un parcial de 14-3 ha puesto el miedo en el cuerpo de la Penya, que ha acabado siendo real despu\u00e9s de que Maxi Fjellerup consiguiera el empate y Yves Pons culminara la remontada con una acci\u00f3n bajo el aro (92- 90). El jugador franc\u00e9s ha sido el protagonista indiscutible del \u00faltimo per\u00edodo, con trece puntos, algunos en momentos clave, y dos tapones espectaculares que han hecho creer en la victoria que se ha escapado en el \u00faltimo minuto de partido (95-101).<span class=\"Apple-converted-space\">&nbsp;<\/span><\/p>\n<p class=\"p1\" style=\"text-align: justify;\"><strong>Declaraciones Salva Camps:<\/strong><\/p>\n<p class=\"p1\" style=\"text-align: justify;\">\u201cHoy me gustar\u00eda quedarme con lo positivo que hemos hecho en los \u00faltimos tres cuartos, m\u00e1s all\u00e1 del primer cuarto que ha sido negativo. Hemos sido capaces de devolver el partido cuando lo ten\u00edamos muy cuesta abajo.\u201d<\/p>\n","protected":false},"excerpt":{"rendered":"<p class=\"p1\">El equipo consigue darle la vuelta a una desventaja de 23 puntos pero pierde en el tramo final en el tercer partido en seis d\u00edas (95-101)<\/p>\n","protected":false},"author":1,"featured_media":2636,"menu_order":0,"template":"","categoria_noticia":[190],"class_list":["post-23036","noticia","type-noticia","status-publish","has-post-thumbnail","hentry","categoria_noticia-equipos"],"yoast_head":"<!-- This site is optimized with the Yoast SEO plugin v22.0 - https:\/\/yoast.com\/wordpress\/plugins\/seo\/ -->\n<title>De menos a m\u00e1s - Basquet Girona<\/title>\n<meta name=\"robots\" content=\"index, follow, max-snippet:-1, max-image-preview:large, max-video-preview:-1\" \/>\n<link rel=\"canonical\" href=\"https:\/\/basquetgirona.com\/es\/noticia\/de-menos-a-mas-2\/\" \/>\n<meta property=\"og:locale\" content=\"es_ES\" \/>\n<meta property=\"og:type\" content=\"article\" \/>\n<meta property=\"og:title\" content=\"De menos a m\u00e1s - Basquet Girona\" \/>\n<meta property=\"og:description\" content=\"El equipo consigue darle la vuelta a una desventaja de 23 puntos pero pierde en el tramo final en el tercer partido en seis d\u00edas (95-101)\" \/>\n<meta property=\"og:url\" content=\"https:\/\/basquetgirona.com\/es\/noticia\/de-menos-a-mas-2\/\" \/>\n<meta property=\"og:site_name\" content=\"Basquet Girona\" \/>\n<meta property=\"article:publisher\" content=\"https:\/\/www.facebook.com\/BasquetGironaOficial\" \/>\n<meta property=\"article:modified_time\" content=\"2026-02-11T09:05:58+00:00\" \/>\n<meta property=\"og:image\" content=\"https:\/\/basquetgirona.com\/wp-content\/uploads\/2023\/09\/enya-semis.png\" \/>\n\t<meta property=\"og:image:width\" content=\"1200\" \/>\n\t<meta property=\"og:image:height\" content=\"711\" \/>\n\t<meta property=\"og:image:type\" content=\"image\/png\" \/>\n<meta name=\"twitter:card\" content=\"summary_large_image\" \/>\n<meta name=\"twitter:site\" content=\"@BasquetGirona\" \/>\n<meta name=\"twitter:label1\" content=\"Tiempo de lectura\" \/>\n\t<meta name=\"twitter:data1\" content=\"2 minutos\" \/>\n<!-- \/ Yoast SEO plugin. -->","yoast_head_json":{"title":"De menos a m\u00e1s - Basquet Girona","robots":{"index":"index","follow":"follow","max-snippet":"max-snippet:-1","max-image-preview":"max-image-preview:large","max-video-preview":"max-video-preview:-1"},"canonical":"https:\/\/basquetgirona.com\/es\/noticia\/de-menos-a-mas-2\/","og_locale":"es_ES","og_type":"article","og_title":"De menos a m\u00e1s - Basquet Girona","og_description":"El equipo consigue darle la vuelta a una desventaja de 23 puntos pero pierde en el tramo final en el tercer partido en seis d\u00edas (95-101)","og_url":"https:\/\/basquetgirona.com\/es\/noticia\/de-menos-a-mas-2\/","og_site_name":"Basquet Girona","article_publisher":"https:\/\/www.facebook.com\/BasquetGironaOficial","article_modified_time":"2026-02-11T09:05:58+00:00","og_image":[{"width":1200,"height":711,"url":"https:\/\/basquetgirona.com\/wp-content\/uploads\/2023\/09\/enya-semis.png","type":"image\/png"}],"twitter_card":"summary_large_image","twitter_site":"@BasquetGirona","twitter_misc":{"Tiempo de lectura":"2 minutos"},"schema":{"@context":"https:\/\/schema.org","@graph":[{"@type":"NewsArticle","@id":"https:\/\/basquetgirona.com\/es\/noticia\/de-menos-a-mas-2\/#article","isPartOf":{"@id":"https:\/\/basquetgirona.com\/es\/noticia\/de-menos-a-mas-2\/"},"author":{"name":"wp6tems","@id":"https:\/\/basquetgirona.com\/es\/#\/schema\/person\/23e2f6077a380ef4bcbafe12c1c99532"},"headline":"De menos a m\u00e1s","datePublished":"2023-09-13T00:00:00+00:00","dateModified":"2026-02-11T09:05:58+00:00","mainEntityOfPage":{"@id":"https:\/\/basquetgirona.com\/es\/noticia\/de-menos-a-mas-2\/"},"wordCount":294,"publisher":{"@id":"https:\/\/basquetgirona.com\/es\/#organization"},"inLanguage":"es"},{"@type":["WebPage","ItemPage"],"@id":"https:\/\/basquetgirona.com\/es\/noticia\/de-menos-a-mas-2\/","url":"https:\/\/basquetgirona.com\/es\/noticia\/de-menos-a-mas-2\/","name":"De menos a m\u00e1s - Basquet Girona","isPartOf":{"@id":"https:\/\/basquetgirona.com\/es\/#website"},"datePublished":"2023-09-13T00:00:00+00:00","dateModified":"2026-02-11T09:05:58+00:00","breadcrumb":{"@id":"https:\/\/basquetgirona.com\/es\/noticia\/de-menos-a-mas-2\/#breadcrumb"},"inLanguage":"es","potentialAction":[{"@type":"ReadAction","target":["https:\/\/basquetgirona.com\/es\/noticia\/de-menos-a-mas-2\/"]}]},{"@type":"BreadcrumbList","@id":"https:\/\/basquetgirona.com\/es\/noticia\/de-menos-a-mas-2\/#breadcrumb","itemListElement":[{"@type":"ListItem","position":1,"name":"Inici","item":"https:\/\/basquetgirona.com\/es\/"},{"@type":"ListItem","position":2,"name":"De menos a m\u00e1s"}]},{"@type":"WebSite","@id":"https:\/\/basquetgirona.com\/es\/#website","url":"https:\/\/basquetgirona.com\/es\/","name":"Basquet Girona","description":"","publisher":{"@id":"https:\/\/basquetgirona.com\/es\/#organization"},"potentialAction":[{"@type":"SearchAction","target":{"@type":"EntryPoint","urlTemplate":"https:\/\/basquetgirona.com\/es\/?s={search_term_string}"},"query-input":"required name=search_term_string"}],"inLanguage":"es"},{"@type":"Organization","@id":"https:\/\/basquetgirona.com\/es\/#organization","name":"Basquet Girona","url":"https:\/\/basquetgirona.com\/es\/","logo":{"@type":"ImageObject","inLanguage":"es","@id":"https:\/\/basquetgirona.com\/es\/#\/schema\/logo\/image\/","url":"https:\/\/basquetgirona.com\/wp-content\/uploads\/2023\/02\/girona-logo1.png","contentUrl":"https:\/\/basquetgirona.com\/wp-content\/uploads\/2023\/02\/girona-logo1.png","width":124,"height":136,"caption":"Basquet Girona"},"image":{"@id":"https:\/\/basquetgirona.com\/es\/#\/schema\/logo\/image\/"},"sameAs":["https:\/\/www.facebook.com\/BasquetGironaOficial","https:\/\/twitter.com\/BasquetGirona","https:\/\/www.instagram.com\/basquetgirona\/","https:\/\/es.linkedin.com\/company\/bsquet-girona","https:\/\/www.tiktok.com\/@basquetgirona"]},{"@type":"Person","@id":"https:\/\/basquetgirona.com\/es\/#\/schema\/person\/23e2f6077a380ef4bcbafe12c1c99532","name":"wp6tems","image":{"@type":"ImageObject","inLanguage":"es","@id":"https:\/\/basquetgirona.com\/es\/#\/schema\/person\/image\/","url":"https:\/\/secure.gravatar.com\/avatar\/bb7e7b41fd75599f16e2481d79259374553199dc2bee29aa20aa615e30729456?s=96&d=mm&r=g","contentUrl":"https:\/\/secure.gravatar.com\/avatar\/bb7e7b41fd75599f16e2481d79259374553199dc2bee29aa20aa615e30729456?s=96&d=mm&r=g","caption":"wp6tems"},"sameAs":["https:\/\/basquetgirona.com"],"url":"https:\/\/basquetgirona.com\/es\/author\/wp6tems\/"}]}},"acf":[],"_links":{"self":[{"href":"https:\/\/basquetgirona.com\/es\/wp-json\/wp\/v2\/noticia\/23036","targetHints":{"allow":["GET"]}}],"collection":[{"href":"https:\/\/basquetgirona.com\/es\/wp-json\/wp\/v2\/noticia"}],"about":[{"href":"https:\/\/basquetgirona.com\/es\/wp-json\/wp\/v2\/types\/noticia"}],"author":[{"embeddable":true,"href":"https:\/\/basquetgirona.com\/es\/wp-json\/wp\/v2\/users\/1"}],"version-history":[{"count":5,"href":"https:\/\/basquetgirona.com\/es\/wp-json\/wp\/v2\/noticia\/23036\/revisions"}],"predecessor-version":[{"id":46045,"href":"https:\/\/basquetgirona.com\/es\/wp-json\/wp\/v2\/noticia\/23036\/revisions\/46045"}],"wp:featuredmedia":[{"embeddable":true,"href":"https:\/\/basquetgirona.com\/es\/wp-json\/wp\/v2\/media\/2636"}],"wp:attachment":[{"href":"https:\/\/basquetgirona.com\/es\/wp-json\/wp\/v2\/media?parent=23036"}],"wp:term":[{"taxonomy":"categoria_noticia","embeddable":true,"href":"https:\/\/basquetgirona.com\/es\/wp-json\/wp\/v2\/categoria_noticia?post=23036"}],"curies":[{"name":"wp","href":"https:\/\/api.w.org\/{rel}","templated":true}]}}