{"id":23279,"date":"2023-08-26T00:00:00","date_gmt":"2023-08-26T00:00:00","guid":{"rendered":"https:\/\/basquetgirona.com\/noticia\/comunicado-oficial-2\/"},"modified":"2025-08-20T07:03:27","modified_gmt":"2025-08-20T07:03:27","slug":"comunicado-oficial-2","status":"publish","type":"noticia","link":"https:\/\/basquetgirona.com\/es\/noticia\/comunicado-oficial-2\/","title":{"rendered":"COMUNICADO OFICIAL"},"content":{"rendered":"<p style=\"text-align: justify;\">A ra\u00edz de los hechos ocurridos durante la Final del 20 de agosto de la FIFA World Cup femenina 2023 y protagonizados por el m\u00e1ximo dirigente de la Federaci\u00f3n Espa\u00f1ola de F\u00fatbol, \u200b\u200bLuis Rubiales, el Baloncesto Girona quiere expresar, de forma firme, que condena toda violencia de g\u00e9nero en el \u00e1mbito del deporte, sea \u00e9sta verbal, f\u00edsica o de cualquier car\u00e1cter.<\/p>\n<p style=\"text-align: justify;\">Sin embargo, reitera de forma fehaciente su posicionamiento en favor de la igualdad en derechos y la dignidad de las mujeres, en general en la sociedad y, por supuesto, tambi\u00e9n en el \u00e1mbito del deporte, y en contra de cualquier expresi\u00f3n o actividad que vaya contra los valores del deporte y del respeto.<\/p>\n<p style=\"text-align: justify;\">El club quiere hacer expl\u00edcita, con este comunicado, su responsabilidad con el deporte femenino para defender los intereses de las jugadoras de la base y del equipo de 3&#215;3 femenino del B\u00e0squet Girona, as\u00ed como contribuir a garantizar un futuro libre de violencia de g\u00e9nero en toda la sociedad.<\/p>\n","protected":false},"excerpt":{"rendered":"<p>A ra\u00edz de los hechos ocurridos durante la Final del 20 de agosto de la FIFA World Cup femenina 2023 y protagonizados por el m\u00e1ximo dirigente de la Federaci\u00f3n Espa\u00f1ola de F\u00fatbol, \u200b\u200bLuis Rubiales, el Baloncesto Girona quiere expresar, de forma firme, que condena toda violencia de g\u00e9nero en el \u00e1mbito del deporte, sea \u00e9sta [&hellip;]<\/p>\n","protected":false},"author":1,"featured_media":2713,"menu_order":0,"template":"","categoria_noticia":[190],"class_list":["post-23279","noticia","type-noticia","status-publish","has-post-thumbnail","hentry","categoria_noticia-equipos"],"yoast_head":"<!-- This site is optimized with the Yoast SEO plugin v22.0 - https:\/\/yoast.com\/wordpress\/plugins\/seo\/ -->\n<title>COMUNICADO OFICIAL - Basquet Girona<\/title>\n<meta name=\"robots\" content=\"index, follow, max-snippet:-1, max-image-preview:large, max-video-preview:-1\" \/>\n<link rel=\"canonical\" href=\"https:\/\/basquetgirona.com\/es\/noticia\/comunicado-oficial-2\/\" \/>\n<meta property=\"og:locale\" content=\"es_ES\" \/>\n<meta property=\"og:type\" content=\"article\" \/>\n<meta property=\"og:title\" content=\"COMUNICADO OFICIAL - Basquet Girona\" \/>\n<meta property=\"og:description\" content=\"A ra\u00edz de los hechos ocurridos durante la Final del 20 de agosto de la FIFA World Cup femenina 2023 y protagonizados por el m\u00e1ximo dirigente de la Federaci\u00f3n Espa\u00f1ola de F\u00fatbol, \u200b\u200bLuis Rubiales, el Baloncesto Girona quiere expresar, de forma firme, que condena toda violencia de g\u00e9nero en el \u00e1mbito del deporte, sea \u00e9sta [&hellip;]\" \/>\n<meta property=\"og:url\" content=\"https:\/\/basquetgirona.com\/es\/noticia\/comunicado-oficial-2\/\" \/>\n<meta property=\"og:site_name\" content=\"Basquet Girona\" \/>\n<meta property=\"article:publisher\" content=\"https:\/\/www.facebook.com\/BasquetGironaOficial\" \/>\n<meta property=\"article:modified_time\" content=\"2025-08-20T07:03:27+00:00\" \/>\n<meta property=\"og:image\" content=\"https:\/\/basquetgirona.com\/wp-content\/uploads\/2023\/09\/minicomunicatoficial.jpg\" \/>\n\t<meta property=\"og:image:width\" content=\"715\" \/>\n\t<meta property=\"og:image:height\" content=\"378\" \/>\n\t<meta property=\"og:image:type\" content=\"image\/jpeg\" \/>\n<meta name=\"twitter:card\" content=\"summary_large_image\" \/>\n<meta name=\"twitter:site\" content=\"@BasquetGirona\" \/>\n<meta name=\"twitter:label1\" content=\"Tiempo de lectura\" \/>\n\t<meta name=\"twitter:data1\" content=\"2 minutos\" \/>\n<!-- \/ Yoast SEO plugin. -->","yoast_head_json":{"title":"COMUNICADO OFICIAL - Basquet Girona","robots":{"index":"index","follow":"follow","max-snippet":"max-snippet:-1","max-image-preview":"max-image-preview:large","max-video-preview":"max-video-preview:-1"},"canonical":"https:\/\/basquetgirona.com\/es\/noticia\/comunicado-oficial-2\/","og_locale":"es_ES","og_type":"article","og_title":"COMUNICADO OFICIAL - Basquet Girona","og_description":"A ra\u00edz de los hechos ocurridos durante la Final del 20 de agosto de la FIFA World Cup femenina 2023 y protagonizados por el m\u00e1ximo dirigente de la Federaci\u00f3n Espa\u00f1ola de F\u00fatbol, \u200b\u200bLuis Rubiales, el Baloncesto Girona quiere expresar, de forma firme, que condena toda violencia de g\u00e9nero en el \u00e1mbito del deporte, sea \u00e9sta [&hellip;]","og_url":"https:\/\/basquetgirona.com\/es\/noticia\/comunicado-oficial-2\/","og_site_name":"Basquet Girona","article_publisher":"https:\/\/www.facebook.com\/BasquetGironaOficial","article_modified_time":"2025-08-20T07:03:27+00:00","og_image":[{"width":715,"height":378,"url":"https:\/\/basquetgirona.com\/wp-content\/uploads\/2023\/09\/minicomunicatoficial.jpg","type":"image\/jpeg"}],"twitter_card":"summary_large_image","twitter_site":"@BasquetGirona","twitter_misc":{"Tiempo de lectura":"2 minutos"},"schema":{"@context":"https:\/\/schema.org","@graph":[{"@type":"NewsArticle","@id":"https:\/\/basquetgirona.com\/es\/noticia\/comunicado-oficial-2\/#article","isPartOf":{"@id":"https:\/\/basquetgirona.com\/es\/noticia\/comunicado-oficial-2\/"},"author":{"name":"wp6tems","@id":"https:\/\/basquetgirona.com\/es\/#\/schema\/person\/23e2f6077a380ef4bcbafe12c1c99532"},"headline":"COMUNICADO OFICIAL","datePublished":"2023-08-26T00:00:00+00:00","dateModified":"2025-08-20T07:03:27+00:00","mainEntityOfPage":{"@id":"https:\/\/basquetgirona.com\/es\/noticia\/comunicado-oficial-2\/"},"wordCount":176,"publisher":{"@id":"https:\/\/basquetgirona.com\/es\/#organization"},"inLanguage":"es"},{"@type":["WebPage","ItemPage"],"@id":"https:\/\/basquetgirona.com\/es\/noticia\/comunicado-oficial-2\/","url":"https:\/\/basquetgirona.com\/es\/noticia\/comunicado-oficial-2\/","name":"COMUNICADO OFICIAL - Basquet Girona","isPartOf":{"@id":"https:\/\/basquetgirona.com\/es\/#website"},"datePublished":"2023-08-26T00:00:00+00:00","dateModified":"2025-08-20T07:03:27+00:00","breadcrumb":{"@id":"https:\/\/basquetgirona.com\/es\/noticia\/comunicado-oficial-2\/#breadcrumb"},"inLanguage":"es","potentialAction":[{"@type":"ReadAction","target":["https:\/\/basquetgirona.com\/es\/noticia\/comunicado-oficial-2\/"]}]},{"@type":"BreadcrumbList","@id":"https:\/\/basquetgirona.com\/es\/noticia\/comunicado-oficial-2\/#breadcrumb","itemListElement":[{"@type":"ListItem","position":1,"name":"Inici","item":"https:\/\/basquetgirona.com\/es\/"},{"@type":"ListItem","position":2,"name":"COMUNICADO OFICIAL"}]},{"@type":"WebSite","@id":"https:\/\/basquetgirona.com\/es\/#website","url":"https:\/\/basquetgirona.com\/es\/","name":"Basquet Girona","description":"","publisher":{"@id":"https:\/\/basquetgirona.com\/es\/#organization"},"potentialAction":[{"@type":"SearchAction","target":{"@type":"EntryPoint","urlTemplate":"https:\/\/basquetgirona.com\/es\/?s={search_term_string}"},"query-input":"required name=search_term_string"}],"inLanguage":"es"},{"@type":"Organization","@id":"https:\/\/basquetgirona.com\/es\/#organization","name":"Basquet Girona","url":"https:\/\/basquetgirona.com\/es\/","logo":{"@type":"ImageObject","inLanguage":"es","@id":"https:\/\/basquetgirona.com\/es\/#\/schema\/logo\/image\/","url":"https:\/\/basquetgirona.com\/wp-content\/uploads\/2023\/02\/girona-logo1.png","contentUrl":"https:\/\/basquetgirona.com\/wp-content\/uploads\/2023\/02\/girona-logo1.png","width":124,"height":136,"caption":"Basquet Girona"},"image":{"@id":"https:\/\/basquetgirona.com\/es\/#\/schema\/logo\/image\/"},"sameAs":["https:\/\/www.facebook.com\/BasquetGironaOficial","https:\/\/twitter.com\/BasquetGirona","https:\/\/www.instagram.com\/basquetgirona\/","https:\/\/es.linkedin.com\/company\/bsquet-girona","https:\/\/www.tiktok.com\/@basquetgirona"]},{"@type":"Person","@id":"https:\/\/basquetgirona.com\/es\/#\/schema\/person\/23e2f6077a380ef4bcbafe12c1c99532","name":"wp6tems","image":{"@type":"ImageObject","inLanguage":"es","@id":"https:\/\/basquetgirona.com\/es\/#\/schema\/person\/image\/","url":"https:\/\/secure.gravatar.com\/avatar\/bb7e7b41fd75599f16e2481d79259374553199dc2bee29aa20aa615e30729456?s=96&d=mm&r=g","contentUrl":"https:\/\/secure.gravatar.com\/avatar\/bb7e7b41fd75599f16e2481d79259374553199dc2bee29aa20aa615e30729456?s=96&d=mm&r=g","caption":"wp6tems"},"sameAs":["https:\/\/basquetgirona.com"],"url":"https:\/\/basquetgirona.com\/es\/author\/wp6tems\/"}]}},"acf":[],"_links":{"self":[{"href":"https:\/\/basquetgirona.com\/es\/wp-json\/wp\/v2\/noticia\/23279","targetHints":{"allow":["GET"]}}],"collection":[{"href":"https:\/\/basquetgirona.com\/es\/wp-json\/wp\/v2\/noticia"}],"about":[{"href":"https:\/\/basquetgirona.com\/es\/wp-json\/wp\/v2\/types\/noticia"}],"author":[{"embeddable":true,"href":"https:\/\/basquetgirona.com\/es\/wp-json\/wp\/v2\/users\/1"}],"version-history":[{"count":5,"href":"https:\/\/basquetgirona.com\/es\/wp-json\/wp\/v2\/noticia\/23279\/revisions"}],"predecessor-version":[{"id":46669,"href":"https:\/\/basquetgirona.com\/es\/wp-json\/wp\/v2\/noticia\/23279\/revisions\/46669"}],"wp:featuredmedia":[{"embeddable":true,"href":"https:\/\/basquetgirona.com\/es\/wp-json\/wp\/v2\/media\/2713"}],"wp:attachment":[{"href":"https:\/\/basquetgirona.com\/es\/wp-json\/wp\/v2\/media?parent=23279"}],"wp:term":[{"taxonomy":"categoria_noticia","embeddable":true,"href":"https:\/\/basquetgirona.com\/es\/wp-json\/wp\/v2\/categoria_noticia?post=23279"}],"curies":[{"name":"wp","href":"https:\/\/api.w.org\/{rel}","templated":true}]}}