{"id":23512,"date":"2022-08-26T00:00:00","date_gmt":"2022-08-26T00:00:00","guid":{"rendered":"https:\/\/basquetgirona.com\/noticia\/primer-test-de-pretemporada-contra-el-baxi-manresa\/"},"modified":"2025-08-01T09:02:06","modified_gmt":"2025-08-01T09:02:06","slug":"primer-test-de-pretemporada-contra-el-baxi-manresa","status":"publish","type":"noticia","link":"https:\/\/basquetgirona.com\/es\/noticia\/primer-test-de-pretemporada-contra-el-baxi-manresa\/","title":{"rendered":"Primer test de pretemporada contra el Baxi Manresa"},"content":{"rendered":"<p>El primer test de pretemporada por los hombres de A\u00edto Garc\u00eda Reneses llega apenas en la segunda semana de entrenamientos. El 36 Torneo de Baloncesto Sant Juli\u00e0 de Vilatorta ser\u00e1 el escenario, a las 20.30 hy en directo por el canal Esport3, del primer derbi de la temporada entre gerundenses y manresanos.&nbsp;<\/p>\n<p>El rival de hoy del Baloncesto Girona ha vuelto al trabajo despu\u00e9s de realizar una de sus mejores temporadas en la \u00e9lite espa\u00f1ola, la pasada 2021-2022. El conjunto entrenado por Pedro Mart\u00ednez termin\u00f3 la temporada en s\u00e9ptima posici\u00f3n, con un r\u00e9cord de 20 victorias y 14 derrotas en su fase regular.<\/p>\n<p>Ahora mismo, A\u00edto y su staff tienen en din\u00e1mica de entrenamientos a toda la plantilla, salvo Pato Garino, Maxi Fjellerup y Roko Prkacin, que todav\u00eda se encuentran concentrados con sus selecciones.&nbsp;<\/p>\n<p>DECLARACIONES PREVIAS:<\/p>\n<p>A\u00edto Garc\u00eda: \u201cEsperamos jugar con intensidad. El equipo no est\u00e1 completo pero nos ir\u00e1 bien jugar contra Manresa para entrenar el 5&#215;5. Siempre se sacan conclusiones, no en lo que se refiere al resultado sino en la concentraci\u00f3n e intensidad\u201d.<\/p>\n","protected":false},"excerpt":{"rendered":"<p><em>El B\u00e0squet Girona se enfrentar\u00e1 a los del Bages en el 36 torneo de Sant Juli\u00e0 de Vilatorta<\/em><\/p>\n","protected":false},"author":1,"featured_media":5316,"menu_order":0,"template":"","categoria_noticia":[],"class_list":["post-23512","noticia","type-noticia","status-publish","has-post-thumbnail","hentry"],"yoast_head":"<!-- This site is optimized with the Yoast SEO plugin v22.0 - https:\/\/yoast.com\/wordpress\/plugins\/seo\/ -->\n<title>Primer test de pretemporada contra el Baxi Manresa - Basquet Girona<\/title>\n<meta name=\"robots\" content=\"index, follow, max-snippet:-1, max-image-preview:large, max-video-preview:-1\" \/>\n<link rel=\"canonical\" href=\"https:\/\/basquetgirona.com\/es\/noticia\/primer-test-de-pretemporada-contra-el-baxi-manresa\/\" \/>\n<meta property=\"og:locale\" content=\"es_ES\" \/>\n<meta property=\"og:type\" content=\"article\" \/>\n<meta property=\"og:title\" content=\"Primer test de pretemporada contra el Baxi Manresa - Basquet Girona\" \/>\n<meta property=\"og:description\" content=\"El B\u00e0squet Girona se enfrentar\u00e1 a los del Bages en el 36 torneo de Sant Juli\u00e0 de Vilatorta\" \/>\n<meta property=\"og:url\" content=\"https:\/\/basquetgirona.com\/es\/noticia\/primer-test-de-pretemporada-contra-el-baxi-manresa\/\" \/>\n<meta property=\"og:site_name\" content=\"Basquet Girona\" \/>\n<meta property=\"article:publisher\" content=\"https:\/\/www.facebook.com\/BasquetGironaOficial\" \/>\n<meta property=\"article:modified_time\" content=\"2025-08-01T09:02:06+00:00\" \/>\n<meta property=\"og:image\" content=\"https:\/\/basquetgirona.com\/wp-content\/uploads\/2023\/09\/miniatura-pre-via-baxi.jpg\" \/>\n\t<meta property=\"og:image:width\" content=\"344\" \/>\n\t<meta property=\"og:image:height\" content=\"182\" \/>\n\t<meta property=\"og:image:type\" content=\"image\/jpeg\" \/>\n<meta name=\"twitter:card\" content=\"summary_large_image\" \/>\n<meta name=\"twitter:site\" content=\"@BasquetGirona\" \/>\n<meta name=\"twitter:label1\" content=\"Tiempo de lectura\" \/>\n\t<meta name=\"twitter:data1\" content=\"2 minutos\" \/>\n<!-- \/ Yoast SEO plugin. -->","yoast_head_json":{"title":"Primer test de pretemporada contra el Baxi Manresa - Basquet Girona","robots":{"index":"index","follow":"follow","max-snippet":"max-snippet:-1","max-image-preview":"max-image-preview:large","max-video-preview":"max-video-preview:-1"},"canonical":"https:\/\/basquetgirona.com\/es\/noticia\/primer-test-de-pretemporada-contra-el-baxi-manresa\/","og_locale":"es_ES","og_type":"article","og_title":"Primer test de pretemporada contra el Baxi Manresa - Basquet Girona","og_description":"El B\u00e0squet Girona se enfrentar\u00e1 a los del Bages en el 36 torneo de Sant Juli\u00e0 de Vilatorta","og_url":"https:\/\/basquetgirona.com\/es\/noticia\/primer-test-de-pretemporada-contra-el-baxi-manresa\/","og_site_name":"Basquet Girona","article_publisher":"https:\/\/www.facebook.com\/BasquetGironaOficial","article_modified_time":"2025-08-01T09:02:06+00:00","og_image":[{"width":344,"height":182,"url":"https:\/\/basquetgirona.com\/wp-content\/uploads\/2023\/09\/miniatura-pre-via-baxi.jpg","type":"image\/jpeg"}],"twitter_card":"summary_large_image","twitter_site":"@BasquetGirona","twitter_misc":{"Tiempo de lectura":"2 minutos"},"schema":{"@context":"https:\/\/schema.org","@graph":[{"@type":"NewsArticle","@id":"https:\/\/basquetgirona.com\/es\/noticia\/primer-test-de-pretemporada-contra-el-baxi-manresa\/#article","isPartOf":{"@id":"https:\/\/basquetgirona.com\/es\/noticia\/primer-test-de-pretemporada-contra-el-baxi-manresa\/"},"author":{"name":"wp6tems","@id":"https:\/\/basquetgirona.com\/es\/#\/schema\/person\/23e2f6077a380ef4bcbafe12c1c99532"},"headline":"Primer test de pretemporada contra el Baxi Manresa","datePublished":"2022-08-26T00:00:00+00:00","dateModified":"2025-08-01T09:02:06+00:00","mainEntityOfPage":{"@id":"https:\/\/basquetgirona.com\/es\/noticia\/primer-test-de-pretemporada-contra-el-baxi-manresa\/"},"wordCount":196,"commentCount":0,"publisher":{"@id":"https:\/\/basquetgirona.com\/es\/#organization"},"inLanguage":"es"},{"@type":["WebPage","ItemPage"],"@id":"https:\/\/basquetgirona.com\/es\/noticia\/primer-test-de-pretemporada-contra-el-baxi-manresa\/","url":"https:\/\/basquetgirona.com\/es\/noticia\/primer-test-de-pretemporada-contra-el-baxi-manresa\/","name":"Primer test de pretemporada contra el Baxi Manresa - Basquet Girona","isPartOf":{"@id":"https:\/\/basquetgirona.com\/es\/#website"},"datePublished":"2022-08-26T00:00:00+00:00","dateModified":"2025-08-01T09:02:06+00:00","breadcrumb":{"@id":"https:\/\/basquetgirona.com\/es\/noticia\/primer-test-de-pretemporada-contra-el-baxi-manresa\/#breadcrumb"},"inLanguage":"es","potentialAction":[{"@type":"ReadAction","target":["https:\/\/basquetgirona.com\/es\/noticia\/primer-test-de-pretemporada-contra-el-baxi-manresa\/"]}]},{"@type":"BreadcrumbList","@id":"https:\/\/basquetgirona.com\/es\/noticia\/primer-test-de-pretemporada-contra-el-baxi-manresa\/#breadcrumb","itemListElement":[{"@type":"ListItem","position":1,"name":"Inici","item":"https:\/\/basquetgirona.com\/es\/"},{"@type":"ListItem","position":2,"name":"Primer test de pretemporada contra el Baxi Manresa"}]},{"@type":"WebSite","@id":"https:\/\/basquetgirona.com\/es\/#website","url":"https:\/\/basquetgirona.com\/es\/","name":"Basquet Girona","description":"","publisher":{"@id":"https:\/\/basquetgirona.com\/es\/#organization"},"potentialAction":[{"@type":"SearchAction","target":{"@type":"EntryPoint","urlTemplate":"https:\/\/basquetgirona.com\/es\/?s={search_term_string}"},"query-input":"required name=search_term_string"}],"inLanguage":"es"},{"@type":"Organization","@id":"https:\/\/basquetgirona.com\/es\/#organization","name":"Basquet Girona","url":"https:\/\/basquetgirona.com\/es\/","logo":{"@type":"ImageObject","inLanguage":"es","@id":"https:\/\/basquetgirona.com\/es\/#\/schema\/logo\/image\/","url":"https:\/\/basquetgirona.com\/wp-content\/uploads\/2023\/02\/girona-logo1.png","contentUrl":"https:\/\/basquetgirona.com\/wp-content\/uploads\/2023\/02\/girona-logo1.png","width":124,"height":136,"caption":"Basquet Girona"},"image":{"@id":"https:\/\/basquetgirona.com\/es\/#\/schema\/logo\/image\/"},"sameAs":["https:\/\/www.facebook.com\/BasquetGironaOficial","https:\/\/twitter.com\/BasquetGirona","https:\/\/www.instagram.com\/basquetgirona\/","https:\/\/es.linkedin.com\/company\/bsquet-girona","https:\/\/www.tiktok.com\/@basquetgirona"]},{"@type":"Person","@id":"https:\/\/basquetgirona.com\/es\/#\/schema\/person\/23e2f6077a380ef4bcbafe12c1c99532","name":"wp6tems","image":{"@type":"ImageObject","inLanguage":"es","@id":"https:\/\/basquetgirona.com\/es\/#\/schema\/person\/image\/","url":"https:\/\/secure.gravatar.com\/avatar\/bb7e7b41fd75599f16e2481d79259374553199dc2bee29aa20aa615e30729456?s=96&d=mm&r=g","contentUrl":"https:\/\/secure.gravatar.com\/avatar\/bb7e7b41fd75599f16e2481d79259374553199dc2bee29aa20aa615e30729456?s=96&d=mm&r=g","caption":"wp6tems"},"sameAs":["https:\/\/basquetgirona.com"],"url":"https:\/\/basquetgirona.com\/es\/author\/wp6tems\/"}]}},"acf":[],"_links":{"self":[{"href":"https:\/\/basquetgirona.com\/es\/wp-json\/wp\/v2\/noticia\/23512","targetHints":{"allow":["GET"]}}],"collection":[{"href":"https:\/\/basquetgirona.com\/es\/wp-json\/wp\/v2\/noticia"}],"about":[{"href":"https:\/\/basquetgirona.com\/es\/wp-json\/wp\/v2\/types\/noticia"}],"author":[{"embeddable":true,"href":"https:\/\/basquetgirona.com\/es\/wp-json\/wp\/v2\/users\/1"}],"version-history":[{"count":3,"href":"https:\/\/basquetgirona.com\/es\/wp-json\/wp\/v2\/noticia\/23512\/revisions"}],"predecessor-version":[{"id":36675,"href":"https:\/\/basquetgirona.com\/es\/wp-json\/wp\/v2\/noticia\/23512\/revisions\/36675"}],"wp:featuredmedia":[{"embeddable":true,"href":"https:\/\/basquetgirona.com\/es\/wp-json\/wp\/v2\/media\/5316"}],"wp:attachment":[{"href":"https:\/\/basquetgirona.com\/es\/wp-json\/wp\/v2\/media?parent=23512"}],"wp:term":[{"taxonomy":"categoria_noticia","embeddable":true,"href":"https:\/\/basquetgirona.com\/es\/wp-json\/wp\/v2\/categoria_noticia?post=23512"}],"curies":[{"name":"wp","href":"https:\/\/api.w.org\/{rel}","templated":true}]}}