{"id":23822,"date":"2021-09-28T00:00:00","date_gmt":"2021-09-28T00:00:00","guid":{"rendered":"https:\/\/basquetgirona.com\/noticia\/derrota-en-castellon-2\/"},"modified":"2025-05-30T08:23:30","modified_gmt":"2025-05-30T08:23:30","slug":"derrota-en-castellon-2","status":"publish","type":"noticia","link":"https:\/\/basquetgirona.com\/es\/noticia\/derrota-en-castellon-2\/","title":{"rendered":"Derrota en Castell\u00f3n"},"content":{"rendered":"<p class=\"p1\" style=\"text-align: justify;\">Los primeros minutos del partido empezaron con poca anotaci\u00f3n y posesiones r\u00e1pidas que desembocaron en un marcador bajo junto al ecuador del primer cuarto (3-5, 4&#8242;). A partir de entonces, el conjunto gerundense ha generado un parcial de 2-14 -del 4-8 al 6-22- que lo ha catapultado en el electr\u00f3nico a partir de una circulaci\u00f3n muy fluida en ataque y una actuaci\u00f3n s\u00f3lida en defensa, tapando muy bien el ataque interior del Castell\u00f3, su principal arma (9-24).<\/p>\n<p class=\"p1\" style=\"text-align: justify;\">Tras una canasta en transici\u00f3n de Karamo Jawara, el B\u00e0squet Girona ha conseguido la segunda m\u00e1xima de diecinueve puntos (13-32, 14&#8242;). Entonces, apareci\u00f3 el exgerundense Davis Rozitis en la parcela ofensiva local para sumar doce puntos en el segundo cuarto y subir a su equipo en el marcador -del 13-32 al 28-39-. Un parcial de 2-5 gerundense casi restableci\u00f3 la misma diferencia que la del final del primer cuarto (30-44).<\/p>\n<p class=\"p1\" style=\"text-align: justify;\">La segunda parte fue negativa por los intereses gerundenses. Tras reanudar el partido con el mismo parcial de cinco puntos con los que se hab\u00eda terminado la primera mitad (30-49), el TAU Castell\u00f3 ha hecho un parcial de 20-8 que ha reducido la desventaja por debajo de los diez puntos despu\u00e9s de muchos minutos (50-57). El \u00faltimo per\u00edodo ha sido demoledor. Un parcial de 26-6 ha desvanecido las aspiraciones de victoria visitantes con un rival en\u00e9rgico en ambos lados de la pista (76-63).<\/p>\n<p class=\"p1\" style=\"text-align: justify;\">Declaraciones Carlos Marco:<\/p>\n<p class=\"p1\" style=\"text-align: justify;\">&#8220;Hemos jugado a buen nivel treinta minutos y despu\u00e9s se han ido acercando con los altibajos de la pretemporada. No era f\u00e1cil despu\u00e9s del partido contra El Prat, donde s\u00ed estuvimos mal, jugar esos treinta minutos con el nivel que hemos jugado contra Castell\u00f3n.&#8221;<\/p>\n","protected":false},"excerpt":{"rendered":"<p class=\"p1\">El primer equipo cae en el Ciudad de Castell\u00f3n tras perder una ventaja importante en el \u00faltimo cuarto<\/p>\n","protected":false},"author":1,"featured_media":6368,"menu_order":0,"template":"","categoria_noticia":[],"class_list":["post-23822","noticia","type-noticia","status-publish","has-post-thumbnail","hentry"],"yoast_head":"<!-- This site is optimized with the Yoast SEO plugin v22.0 - https:\/\/yoast.com\/wordpress\/plugins\/seo\/ -->\n<title>Derrota en Castell\u00f3n - Basquet Girona<\/title>\n<meta name=\"robots\" content=\"index, follow, max-snippet:-1, max-image-preview:large, max-video-preview:-1\" \/>\n<link rel=\"canonical\" href=\"https:\/\/basquetgirona.com\/es\/noticia\/derrota-en-castellon-2\/\" \/>\n<meta property=\"og:locale\" content=\"es_ES\" \/>\n<meta property=\"og:type\" content=\"article\" \/>\n<meta property=\"og:title\" content=\"Derrota en Castell\u00f3n - Basquet Girona\" \/>\n<meta property=\"og:description\" content=\"El primer equipo cae en el Ciudad de Castell\u00f3n tras perder una ventaja importante en el \u00faltimo cuarto\" \/>\n<meta property=\"og:url\" content=\"https:\/\/basquetgirona.com\/es\/noticia\/derrota-en-castellon-2\/\" \/>\n<meta property=\"og:site_name\" content=\"Basquet Girona\" \/>\n<meta property=\"article:publisher\" content=\"https:\/\/www.facebook.com\/BasquetGironaOficial\" \/>\n<meta property=\"article:modified_time\" content=\"2025-05-30T08:23:30+00:00\" \/>\n<meta property=\"og:image\" content=\"https:\/\/basquetgirona.com\/wp-content\/uploads\/2023\/09\/minicronicacastello.jpg\" \/>\n\t<meta property=\"og:image:width\" content=\"1665\" \/>\n\t<meta property=\"og:image:height\" content=\"881\" \/>\n\t<meta property=\"og:image:type\" content=\"image\/jpeg\" \/>\n<meta name=\"twitter:card\" content=\"summary_large_image\" \/>\n<meta name=\"twitter:site\" content=\"@BasquetGirona\" \/>\n<meta name=\"twitter:label1\" content=\"Tiempo de lectura\" \/>\n\t<meta name=\"twitter:data1\" content=\"1 minuto\" \/>\n<!-- \/ Yoast SEO plugin. -->","yoast_head_json":{"title":"Derrota en Castell\u00f3n - Basquet Girona","robots":{"index":"index","follow":"follow","max-snippet":"max-snippet:-1","max-image-preview":"max-image-preview:large","max-video-preview":"max-video-preview:-1"},"canonical":"https:\/\/basquetgirona.com\/es\/noticia\/derrota-en-castellon-2\/","og_locale":"es_ES","og_type":"article","og_title":"Derrota en Castell\u00f3n - Basquet Girona","og_description":"El primer equipo cae en el Ciudad de Castell\u00f3n tras perder una ventaja importante en el \u00faltimo cuarto","og_url":"https:\/\/basquetgirona.com\/es\/noticia\/derrota-en-castellon-2\/","og_site_name":"Basquet Girona","article_publisher":"https:\/\/www.facebook.com\/BasquetGironaOficial","article_modified_time":"2025-05-30T08:23:30+00:00","og_image":[{"width":1665,"height":881,"url":"https:\/\/basquetgirona.com\/wp-content\/uploads\/2023\/09\/minicronicacastello.jpg","type":"image\/jpeg"}],"twitter_card":"summary_large_image","twitter_site":"@BasquetGirona","twitter_misc":{"Tiempo de lectura":"1 minuto"},"schema":{"@context":"https:\/\/schema.org","@graph":[{"@type":"NewsArticle","@id":"https:\/\/basquetgirona.com\/es\/noticia\/derrota-en-castellon-2\/#article","isPartOf":{"@id":"https:\/\/basquetgirona.com\/es\/noticia\/derrota-en-castellon-2\/"},"author":{"name":"wp6tems","@id":"https:\/\/basquetgirona.com\/es\/#\/schema\/person\/23e2f6077a380ef4bcbafe12c1c99532"},"headline":"Derrota en Castell\u00f3n","datePublished":"2021-09-28T00:00:00+00:00","dateModified":"2025-05-30T08:23:30+00:00","mainEntityOfPage":{"@id":"https:\/\/basquetgirona.com\/es\/noticia\/derrota-en-castellon-2\/"},"wordCount":300,"commentCount":0,"publisher":{"@id":"https:\/\/basquetgirona.com\/es\/#organization"},"inLanguage":"es"},{"@type":["WebPage","ItemPage"],"@id":"https:\/\/basquetgirona.com\/es\/noticia\/derrota-en-castellon-2\/","url":"https:\/\/basquetgirona.com\/es\/noticia\/derrota-en-castellon-2\/","name":"Derrota en Castell\u00f3n - Basquet Girona","isPartOf":{"@id":"https:\/\/basquetgirona.com\/es\/#website"},"datePublished":"2021-09-28T00:00:00+00:00","dateModified":"2025-05-30T08:23:30+00:00","breadcrumb":{"@id":"https:\/\/basquetgirona.com\/es\/noticia\/derrota-en-castellon-2\/#breadcrumb"},"inLanguage":"es","potentialAction":[{"@type":"ReadAction","target":["https:\/\/basquetgirona.com\/es\/noticia\/derrota-en-castellon-2\/"]}]},{"@type":"BreadcrumbList","@id":"https:\/\/basquetgirona.com\/es\/noticia\/derrota-en-castellon-2\/#breadcrumb","itemListElement":[{"@type":"ListItem","position":1,"name":"Inici","item":"https:\/\/basquetgirona.com\/es\/"},{"@type":"ListItem","position":2,"name":"Derrota en Castell\u00f3n"}]},{"@type":"WebSite","@id":"https:\/\/basquetgirona.com\/es\/#website","url":"https:\/\/basquetgirona.com\/es\/","name":"Basquet Girona","description":"","publisher":{"@id":"https:\/\/basquetgirona.com\/es\/#organization"},"potentialAction":[{"@type":"SearchAction","target":{"@type":"EntryPoint","urlTemplate":"https:\/\/basquetgirona.com\/es\/?s={search_term_string}"},"query-input":"required name=search_term_string"}],"inLanguage":"es"},{"@type":"Organization","@id":"https:\/\/basquetgirona.com\/es\/#organization","name":"Basquet Girona","url":"https:\/\/basquetgirona.com\/es\/","logo":{"@type":"ImageObject","inLanguage":"es","@id":"https:\/\/basquetgirona.com\/es\/#\/schema\/logo\/image\/","url":"https:\/\/basquetgirona.com\/wp-content\/uploads\/2023\/02\/girona-logo1.png","contentUrl":"https:\/\/basquetgirona.com\/wp-content\/uploads\/2023\/02\/girona-logo1.png","width":124,"height":136,"caption":"Basquet Girona"},"image":{"@id":"https:\/\/basquetgirona.com\/es\/#\/schema\/logo\/image\/"},"sameAs":["https:\/\/www.facebook.com\/BasquetGironaOficial","https:\/\/twitter.com\/BasquetGirona","https:\/\/www.instagram.com\/basquetgirona\/","https:\/\/es.linkedin.com\/company\/bsquet-girona","https:\/\/www.tiktok.com\/@basquetgirona"]},{"@type":"Person","@id":"https:\/\/basquetgirona.com\/es\/#\/schema\/person\/23e2f6077a380ef4bcbafe12c1c99532","name":"wp6tems","image":{"@type":"ImageObject","inLanguage":"es","@id":"https:\/\/basquetgirona.com\/es\/#\/schema\/person\/image\/","url":"https:\/\/secure.gravatar.com\/avatar\/bb7e7b41fd75599f16e2481d79259374553199dc2bee29aa20aa615e30729456?s=96&d=mm&r=g","contentUrl":"https:\/\/secure.gravatar.com\/avatar\/bb7e7b41fd75599f16e2481d79259374553199dc2bee29aa20aa615e30729456?s=96&d=mm&r=g","caption":"wp6tems"},"sameAs":["https:\/\/basquetgirona.com"],"url":"https:\/\/basquetgirona.com\/es\/author\/wp6tems\/"}]}},"acf":[],"_links":{"self":[{"href":"https:\/\/basquetgirona.com\/es\/wp-json\/wp\/v2\/noticia\/23822","targetHints":{"allow":["GET"]}}],"collection":[{"href":"https:\/\/basquetgirona.com\/es\/wp-json\/wp\/v2\/noticia"}],"about":[{"href":"https:\/\/basquetgirona.com\/es\/wp-json\/wp\/v2\/types\/noticia"}],"author":[{"embeddable":true,"href":"https:\/\/basquetgirona.com\/es\/wp-json\/wp\/v2\/users\/1"}],"version-history":[{"count":1,"href":"https:\/\/basquetgirona.com\/es\/wp-json\/wp\/v2\/noticia\/23822\/revisions"}],"predecessor-version":[{"id":26742,"href":"https:\/\/basquetgirona.com\/es\/wp-json\/wp\/v2\/noticia\/23822\/revisions\/26742"}],"wp:featuredmedia":[{"embeddable":true,"href":"https:\/\/basquetgirona.com\/es\/wp-json\/wp\/v2\/media\/6368"}],"wp:attachment":[{"href":"https:\/\/basquetgirona.com\/es\/wp-json\/wp\/v2\/media?parent=23822"}],"wp:term":[{"taxonomy":"categoria_noticia","embeddable":true,"href":"https:\/\/basquetgirona.com\/es\/wp-json\/wp\/v2\/categoria_noticia?post=23822"}],"curies":[{"name":"wp","href":"https:\/\/api.w.org\/{rel}","templated":true}]}}