{"id":23859,"date":"2021-07-08T00:00:00","date_gmt":"2021-07-08T00:00:00","guid":{"rendered":"https:\/\/basquetgirona.com\/noticia\/primer-fin-de-semana-largo-2\/"},"modified":"2025-08-18T08:15:37","modified_gmt":"2025-08-18T08:15:37","slug":"primer-fin-de-semana-largo-2","status":"publish","type":"noticia","link":"https:\/\/basquetgirona.com\/es\/noticia\/primer-fin-de-semana-largo-2\/","title":{"rendered":"Primer fin de semana largo"},"content":{"rendered":"<p class=\"p1\" style=\"text-align: justify;\">Tras estrenar el palmar\u00e9s de t\u00edtulos en Metz, el Baloncesto Girona 3&#215;3 vivir\u00e1 un fin de semana intenso, con la participaci\u00f3n en dos torneos de forma consecutiva. El primero corresponde al circuito estatal, que empezar\u00e1 su recorrido el viernes y el s\u00e1bado en Madrid, y el segundo al catal\u00e1n, que celebrar\u00e1 el cuarto evento de la temporada en Balaguer el pr\u00f3ximo domingo.<span class=\"Apple-converted-space\">&nbsp;<\/span>&nbsp;<\/p>\n<p class=\"p1\" style=\"text-align: justify;\"><strong>Primera parada: Madrid<\/strong><\/p>\n<p class=\"p1\" style=\"text-align: justify;\">El viernes 9 y el s\u00e1bado 10 de julio tendr\u00e1 lugar en la plaza Salvador Dal\u00ed de Madrid el primer torneo de Herbalife 3&#215;3 Series de la temporada. El conjunto gerundense ser\u00e1 uno de los diecis\u00e9is participantes que se dividir\u00e1n en cuatro grupos de cuatro equipos. Encuadrado en el grupo A, se enfrentar\u00e1 la primera tarde contra el BE GOAT TEAM (17:00), el FlowerSix (18:20) y Barcelona Sants (19:40). Los dos primeros de cada grupo acceder\u00e1n a la fase eliminatoria que empezar\u00e1 durante la ma\u00f1ana del s\u00e1bado.<\/p>\n<p class=\"p1\" style=\"text-align: justify;\"><strong>Segunda participaci\u00f3n en el circuito catal\u00e1n<\/strong><\/p>\n<p class=\"p1\" style=\"text-align: justify;\">Seguido del evento inaugural de la temporada estatal llegar\u00e1 el cuarto torneo del circuito catal\u00e1n que se concentrar\u00e1 en la ciudad de Balaguer el domingo 9. En la competici\u00f3n habr\u00e1 cuatro grupos: el A y el B de tres equipos y el C y el D de cuatro equipos. Al igual que la cita en Madrid, el B\u00e0squet Girona ser\u00e1 uno de los integrantes del grupo A, debiendo jugar dos partidos, contra el 3&#215;3 Ball.on primero (13:00) y el Silla despu\u00e9s (14:00). Los dos primeros de cada grupo pasar\u00e1n a la fase eliminatoria que empezar\u00e1 por la tarde.<\/p>\n<p class=\"p1\" style=\"text-align: justify;\">Los partidos podr\u00e1n seguirse a trav\u00e9s de las redes sociales del club.<\/p>\n","protected":false},"excerpt":{"rendered":"<p class=\"p1\">El equipo empezar\u00e1 la temporada Herbalife 3&#215;3 Series en Madrid y jugar\u00e1 el segundo torneo del circuito catal\u00e1n<\/p>\n","protected":false},"author":1,"featured_media":6564,"menu_order":0,"template":"","categoria_noticia":[],"class_list":["post-23859","noticia","type-noticia","status-publish","has-post-thumbnail","hentry"],"yoast_head":"<!-- This site is optimized with the Yoast SEO plugin v22.0 - https:\/\/yoast.com\/wordpress\/plugins\/seo\/ -->\n<title>Primer fin de semana largo - Basquet Girona<\/title>\n<meta name=\"robots\" content=\"index, follow, max-snippet:-1, max-image-preview:large, max-video-preview:-1\" \/>\n<link rel=\"canonical\" href=\"https:\/\/basquetgirona.com\/es\/noticia\/primer-fin-de-semana-largo-2\/\" \/>\n<meta property=\"og:locale\" content=\"es_ES\" \/>\n<meta property=\"og:type\" content=\"article\" \/>\n<meta property=\"og:title\" content=\"Primer fin de semana largo - Basquet Girona\" \/>\n<meta property=\"og:description\" content=\"El equipo empezar\u00e1 la temporada Herbalife 3x3 Series en Madrid y jugar\u00e1 el segundo torneo del circuito catal\u00e1n\" \/>\n<meta property=\"og:url\" content=\"https:\/\/basquetgirona.com\/es\/noticia\/primer-fin-de-semana-largo-2\/\" \/>\n<meta property=\"og:site_name\" content=\"Basquet Girona\" \/>\n<meta property=\"article:publisher\" content=\"https:\/\/www.facebook.com\/BasquetGironaOficial\" \/>\n<meta property=\"article:modified_time\" content=\"2025-08-18T08:15:37+00:00\" \/>\n<meta property=\"og:image\" content=\"https:\/\/basquetgirona.com\/wp-content\/uploads\/2021\/08\/captura-de-pantalla-2021-07-08-a-les-20-41-43.png\" \/>\n\t<meta property=\"og:image:width\" content=\"1400\" \/>\n\t<meta property=\"og:image:height\" content=\"741\" \/>\n\t<meta property=\"og:image:type\" content=\"image\/png\" \/>\n<meta name=\"twitter:card\" content=\"summary_large_image\" \/>\n<meta name=\"twitter:site\" content=\"@BasquetGirona\" \/>\n<meta name=\"twitter:label1\" content=\"Tiempo de lectura\" \/>\n\t<meta name=\"twitter:data1\" content=\"1 minuto\" \/>\n<!-- \/ Yoast SEO plugin. -->","yoast_head_json":{"title":"Primer fin de semana largo - Basquet Girona","robots":{"index":"index","follow":"follow","max-snippet":"max-snippet:-1","max-image-preview":"max-image-preview:large","max-video-preview":"max-video-preview:-1"},"canonical":"https:\/\/basquetgirona.com\/es\/noticia\/primer-fin-de-semana-largo-2\/","og_locale":"es_ES","og_type":"article","og_title":"Primer fin de semana largo - Basquet Girona","og_description":"El equipo empezar\u00e1 la temporada Herbalife 3x3 Series en Madrid y jugar\u00e1 el segundo torneo del circuito catal\u00e1n","og_url":"https:\/\/basquetgirona.com\/es\/noticia\/primer-fin-de-semana-largo-2\/","og_site_name":"Basquet Girona","article_publisher":"https:\/\/www.facebook.com\/BasquetGironaOficial","article_modified_time":"2025-08-18T08:15:37+00:00","og_image":[{"width":1400,"height":741,"url":"https:\/\/basquetgirona.com\/wp-content\/uploads\/2021\/08\/captura-de-pantalla-2021-07-08-a-les-20-41-43.png","type":"image\/png"}],"twitter_card":"summary_large_image","twitter_site":"@BasquetGirona","twitter_misc":{"Tiempo de lectura":"1 minuto"},"schema":{"@context":"https:\/\/schema.org","@graph":[{"@type":"NewsArticle","@id":"https:\/\/basquetgirona.com\/es\/noticia\/primer-fin-de-semana-largo-2\/#article","isPartOf":{"@id":"https:\/\/basquetgirona.com\/es\/noticia\/primer-fin-de-semana-largo-2\/"},"author":{"name":"wp6tems","@id":"https:\/\/basquetgirona.com\/es\/#\/schema\/person\/23e2f6077a380ef4bcbafe12c1c99532"},"headline":"Primer fin de semana largo","datePublished":"2021-07-08T00:00:00+00:00","dateModified":"2025-08-18T08:15:37+00:00","mainEntityOfPage":{"@id":"https:\/\/basquetgirona.com\/es\/noticia\/primer-fin-de-semana-largo-2\/"},"wordCount":289,"commentCount":0,"publisher":{"@id":"https:\/\/basquetgirona.com\/es\/#organization"},"inLanguage":"es"},{"@type":["WebPage","ItemPage"],"@id":"https:\/\/basquetgirona.com\/es\/noticia\/primer-fin-de-semana-largo-2\/","url":"https:\/\/basquetgirona.com\/es\/noticia\/primer-fin-de-semana-largo-2\/","name":"Primer fin de semana largo - Basquet Girona","isPartOf":{"@id":"https:\/\/basquetgirona.com\/es\/#website"},"datePublished":"2021-07-08T00:00:00+00:00","dateModified":"2025-08-18T08:15:37+00:00","breadcrumb":{"@id":"https:\/\/basquetgirona.com\/es\/noticia\/primer-fin-de-semana-largo-2\/#breadcrumb"},"inLanguage":"es","potentialAction":[{"@type":"ReadAction","target":["https:\/\/basquetgirona.com\/es\/noticia\/primer-fin-de-semana-largo-2\/"]}]},{"@type":"BreadcrumbList","@id":"https:\/\/basquetgirona.com\/es\/noticia\/primer-fin-de-semana-largo-2\/#breadcrumb","itemListElement":[{"@type":"ListItem","position":1,"name":"Inici","item":"https:\/\/basquetgirona.com\/es\/"},{"@type":"ListItem","position":2,"name":"Primer fin de semana largo"}]},{"@type":"WebSite","@id":"https:\/\/basquetgirona.com\/es\/#website","url":"https:\/\/basquetgirona.com\/es\/","name":"Basquet Girona","description":"","publisher":{"@id":"https:\/\/basquetgirona.com\/es\/#organization"},"potentialAction":[{"@type":"SearchAction","target":{"@type":"EntryPoint","urlTemplate":"https:\/\/basquetgirona.com\/es\/?s={search_term_string}"},"query-input":"required name=search_term_string"}],"inLanguage":"es"},{"@type":"Organization","@id":"https:\/\/basquetgirona.com\/es\/#organization","name":"Basquet Girona","url":"https:\/\/basquetgirona.com\/es\/","logo":{"@type":"ImageObject","inLanguage":"es","@id":"https:\/\/basquetgirona.com\/es\/#\/schema\/logo\/image\/","url":"https:\/\/basquetgirona.com\/wp-content\/uploads\/2023\/02\/girona-logo1.png","contentUrl":"https:\/\/basquetgirona.com\/wp-content\/uploads\/2023\/02\/girona-logo1.png","width":124,"height":136,"caption":"Basquet Girona"},"image":{"@id":"https:\/\/basquetgirona.com\/es\/#\/schema\/logo\/image\/"},"sameAs":["https:\/\/www.facebook.com\/BasquetGironaOficial","https:\/\/twitter.com\/BasquetGirona","https:\/\/www.instagram.com\/basquetgirona\/","https:\/\/es.linkedin.com\/company\/bsquet-girona","https:\/\/www.tiktok.com\/@basquetgirona"]},{"@type":"Person","@id":"https:\/\/basquetgirona.com\/es\/#\/schema\/person\/23e2f6077a380ef4bcbafe12c1c99532","name":"wp6tems","image":{"@type":"ImageObject","inLanguage":"es","@id":"https:\/\/basquetgirona.com\/es\/#\/schema\/person\/image\/","url":"https:\/\/secure.gravatar.com\/avatar\/bb7e7b41fd75599f16e2481d79259374553199dc2bee29aa20aa615e30729456?s=96&d=mm&r=g","contentUrl":"https:\/\/secure.gravatar.com\/avatar\/bb7e7b41fd75599f16e2481d79259374553199dc2bee29aa20aa615e30729456?s=96&d=mm&r=g","caption":"wp6tems"},"sameAs":["https:\/\/basquetgirona.com"],"url":"https:\/\/basquetgirona.com\/es\/author\/wp6tems\/"}]}},"acf":[],"_links":{"self":[{"href":"https:\/\/basquetgirona.com\/es\/wp-json\/wp\/v2\/noticia\/23859","targetHints":{"allow":["GET"]}}],"collection":[{"href":"https:\/\/basquetgirona.com\/es\/wp-json\/wp\/v2\/noticia"}],"about":[{"href":"https:\/\/basquetgirona.com\/es\/wp-json\/wp\/v2\/types\/noticia"}],"author":[{"embeddable":true,"href":"https:\/\/basquetgirona.com\/es\/wp-json\/wp\/v2\/users\/1"}],"version-history":[{"count":1,"href":"https:\/\/basquetgirona.com\/es\/wp-json\/wp\/v2\/noticia\/23859\/revisions"}],"predecessor-version":[{"id":26762,"href":"https:\/\/basquetgirona.com\/es\/wp-json\/wp\/v2\/noticia\/23859\/revisions\/26762"}],"wp:featuredmedia":[{"embeddable":true,"href":"https:\/\/basquetgirona.com\/es\/wp-json\/wp\/v2\/media\/6564"}],"wp:attachment":[{"href":"https:\/\/basquetgirona.com\/es\/wp-json\/wp\/v2\/media?parent=23859"}],"wp:term":[{"taxonomy":"categoria_noticia","embeddable":true,"href":"https:\/\/basquetgirona.com\/es\/wp-json\/wp\/v2\/categoria_noticia?post=23859"}],"curies":[{"name":"wp","href":"https:\/\/api.w.org\/{rel}","templated":true}]}}