{"id":23874,"date":"2021-07-04T00:00:00","date_gmt":"2021-07-04T00:00:00","guid":{"rendered":"https:\/\/basquetgirona.com\/noticia\/primer-torneo-del-baloncesto-girona-en-metz\/"},"modified":"2025-05-28T13:07:09","modified_gmt":"2025-05-28T13:07:09","slug":"primer-torneo-del-baloncesto-girona-en-metz","status":"publish","type":"noticia","link":"https:\/\/basquetgirona.com\/es\/noticia\/primer-torneo-del-baloncesto-girona-en-metz\/","title":{"rendered":"Primer torneo del Baloncesto Girona en Metz"},"content":{"rendered":"<p class=\"p1\" style=\"text-align: justify;\">En la tercera ha ido la vencida. Despu\u00e9s de conseguir dos subcampeonatos en los dos primeros torneos que disput\u00f3 el equipo, el B\u00e0squet Girona 3&#215;3 ha ganado el primer evento de su trayectoria en el Frescaty Tour disputado en Metz. El equipo gerundense accedi\u00f3 a la fase eliminatoria como primero de grupo durante la tarde del s\u00e1bado despu\u00e9s de ganar dos de los tres partidos de la fase de grupos. Las victorias fueron contra el Rompish (22-6) y el Team Antwerp (22-9), futuro rival de la semifinal, mientras que la derrota llegar\u00eda contra el equipo que acabar\u00eda superando en la final, al Lowkey Squad (19- 16).<\/p>\n<p class=\"p1\" style=\"text-align: justify;\">Los cuartos de final de este domingo los ha disputado contra el African Team al que han vencido en un recital exterior liderado por Nacho Mart\u00edn. El equipo ha conseguido cinco triples -cuentan por dos puntos- casi de forma consecutiva que les ha permitido generar un primer margen significativo en el marcador. El conjunto rival logr\u00f3 secar la diferencia, con buenas acciones por dentro (14-8), pero no pudo acercarse a la remontada con un baloncesto \u00e1gil y efectivo de los gerundenses. En las semifinales, el equipo se enfrent\u00f3 al Team Antwerp, quien sum\u00f3 las primeras diferencias desde el tiro exterior con una primera m\u00e1xima de cinco puntos (1-6) y una segunda de siete (3-10). Sin embargo, el equipo se ha rehecho muy bien del resultado adverso con un parcial incre\u00edble de 12-1 liderado por los puntos -cinco seguidos cuando el equipo estaba por detr\u00e1s en el marcador- de Javi Vega y la aportaci\u00f3n exterior de Sergi Pino ha podido convertirse en finalista al agotarse el tiempo (15-12).<span class=\"Apple-converted-space\">&nbsp;<\/span><\/p>\n<p class=\"p1\" style=\"text-align: justify;\">En la gran final el rival fue el Lowkey Squad en un enfrentamiento competido pese a llevar el ritmo y la ventaja en el marcador durante la mayor parte del encuentro (21-17). El contrincante era el primero en adelantarse pero el conjunto gerundense le cogi\u00f3 el testigo con un triple de Sergi Pino (6-4), los primeros dos puntos de una din\u00e1mica de casi siete consecutivos del jugador catal\u00e1n que decantaron la final (12-5). El rival se ha rehecho con un parcial de 5-10 que le ha puesto dos puntos por debajo pero con el final del partido cuello abajo el equipo ha sido firme en defensa y ha sabido darle rentabilidad a las acciones individuales por hacerse con el primer t\u00edtulo del club.<\/p>\n","protected":false},"excerpt":{"rendered":"<p class=\"p1\">El equipo 3&#215;3 estrena vitrina al adjudicarse el Frescaty Tour<\/p>\n","protected":false},"author":1,"featured_media":6585,"menu_order":0,"template":"","categoria_noticia":[],"class_list":["post-23874","noticia","type-noticia","status-publish","has-post-thumbnail","hentry"],"yoast_head":"<!-- This site is optimized with the Yoast SEO plugin v22.0 - https:\/\/yoast.com\/wordpress\/plugins\/seo\/ -->\n<title>Primer torneo del Baloncesto Girona en Metz - Basquet Girona<\/title>\n<meta name=\"robots\" content=\"index, follow, max-snippet:-1, max-image-preview:large, max-video-preview:-1\" \/>\n<link rel=\"canonical\" href=\"https:\/\/basquetgirona.com\/es\/noticia\/primer-torneo-del-baloncesto-girona-en-metz\/\" \/>\n<meta property=\"og:locale\" content=\"es_ES\" \/>\n<meta property=\"og:type\" content=\"article\" \/>\n<meta property=\"og:title\" content=\"Primer torneo del Baloncesto Girona en Metz - Basquet Girona\" \/>\n<meta property=\"og:description\" content=\"El equipo 3x3 estrena vitrina al adjudicarse el Frescaty Tour\" \/>\n<meta property=\"og:url\" content=\"https:\/\/basquetgirona.com\/es\/noticia\/primer-torneo-del-baloncesto-girona-en-metz\/\" \/>\n<meta property=\"og:site_name\" content=\"Basquet Girona\" \/>\n<meta property=\"article:publisher\" content=\"https:\/\/www.facebook.com\/BasquetGironaOficial\" \/>\n<meta property=\"article:modified_time\" content=\"2025-05-28T13:07:09+00:00\" \/>\n<meta property=\"og:image\" content=\"https:\/\/basquetgirona.com\/wp-content\/uploads\/2021\/04\/16947741586504338eecc88.png\" \/>\n\t<meta property=\"og:image:width\" content=\"1500\" \/>\n\t<meta property=\"og:image:height\" content=\"793\" \/>\n\t<meta property=\"og:image:type\" content=\"image\/png\" \/>\n<meta name=\"twitter:card\" content=\"summary_large_image\" \/>\n<meta name=\"twitter:site\" content=\"@BasquetGirona\" \/>\n<meta name=\"twitter:label1\" content=\"Tiempo de lectura\" \/>\n\t<meta name=\"twitter:data1\" content=\"2 minutos\" \/>\n<!-- \/ Yoast SEO plugin. -->","yoast_head_json":{"title":"Primer torneo del Baloncesto Girona en Metz - Basquet Girona","robots":{"index":"index","follow":"follow","max-snippet":"max-snippet:-1","max-image-preview":"max-image-preview:large","max-video-preview":"max-video-preview:-1"},"canonical":"https:\/\/basquetgirona.com\/es\/noticia\/primer-torneo-del-baloncesto-girona-en-metz\/","og_locale":"es_ES","og_type":"article","og_title":"Primer torneo del Baloncesto Girona en Metz - Basquet Girona","og_description":"El equipo 3x3 estrena vitrina al adjudicarse el Frescaty Tour","og_url":"https:\/\/basquetgirona.com\/es\/noticia\/primer-torneo-del-baloncesto-girona-en-metz\/","og_site_name":"Basquet Girona","article_publisher":"https:\/\/www.facebook.com\/BasquetGironaOficial","article_modified_time":"2025-05-28T13:07:09+00:00","og_image":[{"width":1500,"height":793,"url":"https:\/\/basquetgirona.com\/wp-content\/uploads\/2021\/04\/16947741586504338eecc88.png","type":"image\/png"}],"twitter_card":"summary_large_image","twitter_site":"@BasquetGirona","twitter_misc":{"Tiempo de lectura":"2 minutos"},"schema":{"@context":"https:\/\/schema.org","@graph":[{"@type":"NewsArticle","@id":"https:\/\/basquetgirona.com\/es\/noticia\/primer-torneo-del-baloncesto-girona-en-metz\/#article","isPartOf":{"@id":"https:\/\/basquetgirona.com\/es\/noticia\/primer-torneo-del-baloncesto-girona-en-metz\/"},"author":{"name":"wp6tems","@id":"https:\/\/basquetgirona.com\/es\/#\/schema\/person\/23e2f6077a380ef4bcbafe12c1c99532"},"headline":"Primer torneo del Baloncesto Girona en Metz","datePublished":"2021-07-04T00:00:00+00:00","dateModified":"2025-05-28T13:07:09+00:00","mainEntityOfPage":{"@id":"https:\/\/basquetgirona.com\/es\/noticia\/primer-torneo-del-baloncesto-girona-en-metz\/"},"wordCount":417,"commentCount":0,"publisher":{"@id":"https:\/\/basquetgirona.com\/es\/#organization"},"inLanguage":"es"},{"@type":["WebPage","ItemPage"],"@id":"https:\/\/basquetgirona.com\/es\/noticia\/primer-torneo-del-baloncesto-girona-en-metz\/","url":"https:\/\/basquetgirona.com\/es\/noticia\/primer-torneo-del-baloncesto-girona-en-metz\/","name":"Primer torneo del Baloncesto Girona en Metz - Basquet Girona","isPartOf":{"@id":"https:\/\/basquetgirona.com\/es\/#website"},"datePublished":"2021-07-04T00:00:00+00:00","dateModified":"2025-05-28T13:07:09+00:00","breadcrumb":{"@id":"https:\/\/basquetgirona.com\/es\/noticia\/primer-torneo-del-baloncesto-girona-en-metz\/#breadcrumb"},"inLanguage":"es","potentialAction":[{"@type":"ReadAction","target":["https:\/\/basquetgirona.com\/es\/noticia\/primer-torneo-del-baloncesto-girona-en-metz\/"]}]},{"@type":"BreadcrumbList","@id":"https:\/\/basquetgirona.com\/es\/noticia\/primer-torneo-del-baloncesto-girona-en-metz\/#breadcrumb","itemListElement":[{"@type":"ListItem","position":1,"name":"Inici","item":"https:\/\/basquetgirona.com\/es\/"},{"@type":"ListItem","position":2,"name":"Primer torneo del Baloncesto Girona en Metz"}]},{"@type":"WebSite","@id":"https:\/\/basquetgirona.com\/es\/#website","url":"https:\/\/basquetgirona.com\/es\/","name":"Basquet Girona","description":"","publisher":{"@id":"https:\/\/basquetgirona.com\/es\/#organization"},"potentialAction":[{"@type":"SearchAction","target":{"@type":"EntryPoint","urlTemplate":"https:\/\/basquetgirona.com\/es\/?s={search_term_string}"},"query-input":"required name=search_term_string"}],"inLanguage":"es"},{"@type":"Organization","@id":"https:\/\/basquetgirona.com\/es\/#organization","name":"Basquet Girona","url":"https:\/\/basquetgirona.com\/es\/","logo":{"@type":"ImageObject","inLanguage":"es","@id":"https:\/\/basquetgirona.com\/es\/#\/schema\/logo\/image\/","url":"https:\/\/basquetgirona.com\/wp-content\/uploads\/2023\/02\/girona-logo1.png","contentUrl":"https:\/\/basquetgirona.com\/wp-content\/uploads\/2023\/02\/girona-logo1.png","width":124,"height":136,"caption":"Basquet Girona"},"image":{"@id":"https:\/\/basquetgirona.com\/es\/#\/schema\/logo\/image\/"},"sameAs":["https:\/\/www.facebook.com\/BasquetGironaOficial","https:\/\/twitter.com\/BasquetGirona","https:\/\/www.instagram.com\/basquetgirona\/","https:\/\/es.linkedin.com\/company\/bsquet-girona","https:\/\/www.tiktok.com\/@basquetgirona"]},{"@type":"Person","@id":"https:\/\/basquetgirona.com\/es\/#\/schema\/person\/23e2f6077a380ef4bcbafe12c1c99532","name":"wp6tems","image":{"@type":"ImageObject","inLanguage":"es","@id":"https:\/\/basquetgirona.com\/es\/#\/schema\/person\/image\/","url":"https:\/\/secure.gravatar.com\/avatar\/bb7e7b41fd75599f16e2481d79259374553199dc2bee29aa20aa615e30729456?s=96&d=mm&r=g","contentUrl":"https:\/\/secure.gravatar.com\/avatar\/bb7e7b41fd75599f16e2481d79259374553199dc2bee29aa20aa615e30729456?s=96&d=mm&r=g","caption":"wp6tems"},"sameAs":["https:\/\/basquetgirona.com"],"url":"https:\/\/basquetgirona.com\/es\/author\/wp6tems\/"}]}},"acf":[],"_links":{"self":[{"href":"https:\/\/basquetgirona.com\/es\/wp-json\/wp\/v2\/noticia\/23874","targetHints":{"allow":["GET"]}}],"collection":[{"href":"https:\/\/basquetgirona.com\/es\/wp-json\/wp\/v2\/noticia"}],"about":[{"href":"https:\/\/basquetgirona.com\/es\/wp-json\/wp\/v2\/types\/noticia"}],"author":[{"embeddable":true,"href":"https:\/\/basquetgirona.com\/es\/wp-json\/wp\/v2\/users\/1"}],"version-history":[{"count":1,"href":"https:\/\/basquetgirona.com\/es\/wp-json\/wp\/v2\/noticia\/23874\/revisions"}],"predecessor-version":[{"id":26772,"href":"https:\/\/basquetgirona.com\/es\/wp-json\/wp\/v2\/noticia\/23874\/revisions\/26772"}],"wp:featuredmedia":[{"embeddable":true,"href":"https:\/\/basquetgirona.com\/es\/wp-json\/wp\/v2\/media\/6585"}],"wp:attachment":[{"href":"https:\/\/basquetgirona.com\/es\/wp-json\/wp\/v2\/media?parent=23874"}],"wp:term":[{"taxonomy":"categoria_noticia","embeddable":true,"href":"https:\/\/basquetgirona.com\/es\/wp-json\/wp\/v2\/categoria_noticia?post=23874"}],"curies":[{"name":"wp","href":"https:\/\/api.w.org\/{rel}","templated":true}]}}