{"id":23925,"date":"2021-05-15T00:00:00","date_gmt":"2021-05-15T00:00:00","guid":{"rendered":"https:\/\/basquetgirona.com\/noticia\/ultimo-partido-de-la-segunda-fase-2\/"},"modified":"2025-07-31T08:59:43","modified_gmt":"2025-07-31T08:59:43","slug":"ultimo-partido-de-la-segunda-fase-2","status":"publish","type":"noticia","link":"https:\/\/basquetgirona.com\/es\/noticia\/ultimo-partido-de-la-segunda-fase-2\/","title":{"rendered":"\u00daltimo partido de la segunda fase"},"content":{"rendered":"<p style=\"text-align: justify;\">El B\u00e0squet Girona jugar\u00e1 este domingo 16 de mayo (12:30) el \u00faltimo encuentro de la segunda fase en el pabell\u00f3n Multiusos Ciudad de C\u00e1ceres. El equipo depende de s\u00ed mismo para conseguir una plaza en el play-off de ascenso. <\/p>\n<p style=\"text-align: justify;\">En el partido de ida de la segunda fase, el C\u00e1ceres logr\u00f3 llevarse la victoria a Fontajau por un punto de diferencia en un final ajustado (74-75). El conjunto extreme\u00f1o y el catal\u00e1n comparten balance de resultados: nueve victorias y seis derrotas. \u201cC\u00e1ceres llega siendo el \u00fanico equipo del grupo que no ha perdido en casa. Por tanto es un dato que muestra la consistencia que han tenido contra los ochos equipos que han jugado en esta segunda fase. A falta del nuestro ha ganado siete de siete&#8221;.    <\/p>\n<p style=\"text-align: justify;\">El C\u00e1ceres se encuentra en la segunda posici\u00f3n de la tabla, dado que el primer clasificado, el Levitec Huesca, ha jugado un partido m\u00e1s. Si el Baloncesto Girona gana acceder\u00e1 directamente al play-off a diferencia del C\u00e1ceres quien no depende de s\u00ed mismo pese a la victoria. El equipo extreme\u00f1o cuenta con una plantilla muy amplia, en la que destacan Devin Schimdt, que es el m\u00e1ximo anotador, y Roeland Schaftenaar, el jugador mejor valorado del equipo. En el apartado reboteador encontramos a Francisco del \u00c1guila, y como mejor pasador destaca Ferran Ventura.   <\/p>\n<p style=\"text-align: justify;\"><strong>Declaraciones Carlos Marco:<\/strong><\/p>\n<p style=\"text-align: justify;\">\u201cComo todos le afrontamos con ganas de que llegue ma\u00f1ana. Creo que hemos vuelto a realizar una buena semana de entrenamientos; no hemos perdido ni la exigencia ni la atenci\u00f3n y hemos estado bien. Tenemos muchas ganas de competir ma\u00f1ana y ganar a un equipo que es el \u00fanico que a\u00fan no hemos ganado en esta segunda fase. Sabemos que es un muy buen equipo que juega en un buen pabell\u00f3n y con mucha afici\u00f3n. Lo que queremos es seguir entrenando y seguir compitiendo y por eso s\u00f3lo queda una: hacer un buen partido ma\u00f1ana e intentar ganar.\u201d<\/p>\n","protected":false},"excerpt":{"rendered":"<p>El equipo se enfrentar\u00e1 al C\u00e1ceres Patrimonio de la Humanidad consciente de que una victoria abre la puerta al play-off<\/p>\n","protected":false},"author":1,"featured_media":6736,"menu_order":0,"template":"","categoria_noticia":[],"class_list":["post-23925","noticia","type-noticia","status-publish","has-post-thumbnail","hentry"],"yoast_head":"<!-- This site is optimized with the Yoast SEO plugin v22.0 - https:\/\/yoast.com\/wordpress\/plugins\/seo\/ -->\n<title>\u00daltimo partido de la segunda fase - Basquet Girona<\/title>\n<meta name=\"robots\" content=\"index, follow, max-snippet:-1, max-image-preview:large, max-video-preview:-1\" \/>\n<link rel=\"canonical\" href=\"https:\/\/basquetgirona.com\/es\/noticia\/ultimo-partido-de-la-segunda-fase-2\/\" \/>\n<meta property=\"og:locale\" content=\"es_ES\" \/>\n<meta property=\"og:type\" content=\"article\" \/>\n<meta property=\"og:title\" content=\"\u00daltimo partido de la segunda fase - Basquet Girona\" \/>\n<meta property=\"og:description\" content=\"El equipo se enfrentar\u00e1 al C\u00e1ceres Patrimonio de la Humanidad consciente de que una victoria abre la puerta al play-off\" \/>\n<meta property=\"og:url\" content=\"https:\/\/basquetgirona.com\/es\/noticia\/ultimo-partido-de-la-segunda-fase-2\/\" \/>\n<meta property=\"og:site_name\" content=\"Basquet Girona\" \/>\n<meta property=\"article:publisher\" content=\"https:\/\/www.facebook.com\/BasquetGironaOficial\" \/>\n<meta property=\"article:modified_time\" content=\"2025-07-31T08:59:43+00:00\" \/>\n<meta property=\"og:image\" content=\"https:\/\/basquetgirona.com\/wp-content\/uploads\/2023\/09\/miniquadrat-caceres1505.jpg\" \/>\n\t<meta property=\"og:image:width\" content=\"853\" \/>\n\t<meta property=\"og:image:height\" content=\"452\" \/>\n\t<meta property=\"og:image:type\" content=\"image\/jpeg\" \/>\n<meta name=\"twitter:card\" content=\"summary_large_image\" \/>\n<meta name=\"twitter:site\" content=\"@BasquetGirona\" \/>\n<meta name=\"twitter:label1\" content=\"Tiempo de lectura\" \/>\n\t<meta name=\"twitter:data1\" content=\"2 minutos\" \/>\n<!-- \/ Yoast SEO plugin. -->","yoast_head_json":{"title":"\u00daltimo partido de la segunda fase - Basquet Girona","robots":{"index":"index","follow":"follow","max-snippet":"max-snippet:-1","max-image-preview":"max-image-preview:large","max-video-preview":"max-video-preview:-1"},"canonical":"https:\/\/basquetgirona.com\/es\/noticia\/ultimo-partido-de-la-segunda-fase-2\/","og_locale":"es_ES","og_type":"article","og_title":"\u00daltimo partido de la segunda fase - Basquet Girona","og_description":"El equipo se enfrentar\u00e1 al C\u00e1ceres Patrimonio de la Humanidad consciente de que una victoria abre la puerta al play-off","og_url":"https:\/\/basquetgirona.com\/es\/noticia\/ultimo-partido-de-la-segunda-fase-2\/","og_site_name":"Basquet Girona","article_publisher":"https:\/\/www.facebook.com\/BasquetGironaOficial","article_modified_time":"2025-07-31T08:59:43+00:00","og_image":[{"width":853,"height":452,"url":"https:\/\/basquetgirona.com\/wp-content\/uploads\/2023\/09\/miniquadrat-caceres1505.jpg","type":"image\/jpeg"}],"twitter_card":"summary_large_image","twitter_site":"@BasquetGirona","twitter_misc":{"Tiempo de lectura":"2 minutos"},"schema":{"@context":"https:\/\/schema.org","@graph":[{"@type":"NewsArticle","@id":"https:\/\/basquetgirona.com\/es\/noticia\/ultimo-partido-de-la-segunda-fase-2\/#article","isPartOf":{"@id":"https:\/\/basquetgirona.com\/es\/noticia\/ultimo-partido-de-la-segunda-fase-2\/"},"author":{"name":"wp6tems","@id":"https:\/\/basquetgirona.com\/es\/#\/schema\/person\/23e2f6077a380ef4bcbafe12c1c99532"},"headline":"\u00daltimo partido de la segunda fase","datePublished":"2021-05-15T00:00:00+00:00","dateModified":"2025-07-31T08:59:43+00:00","mainEntityOfPage":{"@id":"https:\/\/basquetgirona.com\/es\/noticia\/ultimo-partido-de-la-segunda-fase-2\/"},"wordCount":345,"commentCount":0,"publisher":{"@id":"https:\/\/basquetgirona.com\/es\/#organization"},"inLanguage":"es"},{"@type":["WebPage","ItemPage"],"@id":"https:\/\/basquetgirona.com\/es\/noticia\/ultimo-partido-de-la-segunda-fase-2\/","url":"https:\/\/basquetgirona.com\/es\/noticia\/ultimo-partido-de-la-segunda-fase-2\/","name":"\u00daltimo partido de la segunda fase - Basquet Girona","isPartOf":{"@id":"https:\/\/basquetgirona.com\/es\/#website"},"datePublished":"2021-05-15T00:00:00+00:00","dateModified":"2025-07-31T08:59:43+00:00","breadcrumb":{"@id":"https:\/\/basquetgirona.com\/es\/noticia\/ultimo-partido-de-la-segunda-fase-2\/#breadcrumb"},"inLanguage":"es","potentialAction":[{"@type":"ReadAction","target":["https:\/\/basquetgirona.com\/es\/noticia\/ultimo-partido-de-la-segunda-fase-2\/"]}]},{"@type":"BreadcrumbList","@id":"https:\/\/basquetgirona.com\/es\/noticia\/ultimo-partido-de-la-segunda-fase-2\/#breadcrumb","itemListElement":[{"@type":"ListItem","position":1,"name":"Inici","item":"https:\/\/basquetgirona.com\/es\/"},{"@type":"ListItem","position":2,"name":"\u00daltimo partido de la segunda fase"}]},{"@type":"WebSite","@id":"https:\/\/basquetgirona.com\/es\/#website","url":"https:\/\/basquetgirona.com\/es\/","name":"Basquet Girona","description":"","publisher":{"@id":"https:\/\/basquetgirona.com\/es\/#organization"},"potentialAction":[{"@type":"SearchAction","target":{"@type":"EntryPoint","urlTemplate":"https:\/\/basquetgirona.com\/es\/?s={search_term_string}"},"query-input":"required name=search_term_string"}],"inLanguage":"es"},{"@type":"Organization","@id":"https:\/\/basquetgirona.com\/es\/#organization","name":"Basquet Girona","url":"https:\/\/basquetgirona.com\/es\/","logo":{"@type":"ImageObject","inLanguage":"es","@id":"https:\/\/basquetgirona.com\/es\/#\/schema\/logo\/image\/","url":"https:\/\/basquetgirona.com\/wp-content\/uploads\/2023\/02\/girona-logo1.png","contentUrl":"https:\/\/basquetgirona.com\/wp-content\/uploads\/2023\/02\/girona-logo1.png","width":124,"height":136,"caption":"Basquet Girona"},"image":{"@id":"https:\/\/basquetgirona.com\/es\/#\/schema\/logo\/image\/"},"sameAs":["https:\/\/www.facebook.com\/BasquetGironaOficial","https:\/\/twitter.com\/BasquetGirona","https:\/\/www.instagram.com\/basquetgirona\/","https:\/\/es.linkedin.com\/company\/bsquet-girona","https:\/\/www.tiktok.com\/@basquetgirona"]},{"@type":"Person","@id":"https:\/\/basquetgirona.com\/es\/#\/schema\/person\/23e2f6077a380ef4bcbafe12c1c99532","name":"wp6tems","image":{"@type":"ImageObject","inLanguage":"es","@id":"https:\/\/basquetgirona.com\/es\/#\/schema\/person\/image\/","url":"https:\/\/secure.gravatar.com\/avatar\/bb7e7b41fd75599f16e2481d79259374553199dc2bee29aa20aa615e30729456?s=96&d=mm&r=g","contentUrl":"https:\/\/secure.gravatar.com\/avatar\/bb7e7b41fd75599f16e2481d79259374553199dc2bee29aa20aa615e30729456?s=96&d=mm&r=g","caption":"wp6tems"},"sameAs":["https:\/\/basquetgirona.com"],"url":"https:\/\/basquetgirona.com\/es\/author\/wp6tems\/"}]}},"acf":[],"_links":{"self":[{"href":"https:\/\/basquetgirona.com\/es\/wp-json\/wp\/v2\/noticia\/23925","targetHints":{"allow":["GET"]}}],"collection":[{"href":"https:\/\/basquetgirona.com\/es\/wp-json\/wp\/v2\/noticia"}],"about":[{"href":"https:\/\/basquetgirona.com\/es\/wp-json\/wp\/v2\/types\/noticia"}],"author":[{"embeddable":true,"href":"https:\/\/basquetgirona.com\/es\/wp-json\/wp\/v2\/users\/1"}],"version-history":[{"count":4,"href":"https:\/\/basquetgirona.com\/es\/wp-json\/wp\/v2\/noticia\/23925\/revisions"}],"predecessor-version":[{"id":44764,"href":"https:\/\/basquetgirona.com\/es\/wp-json\/wp\/v2\/noticia\/23925\/revisions\/44764"}],"wp:featuredmedia":[{"embeddable":true,"href":"https:\/\/basquetgirona.com\/es\/wp-json\/wp\/v2\/media\/6736"}],"wp:attachment":[{"href":"https:\/\/basquetgirona.com\/es\/wp-json\/wp\/v2\/media?parent=23925"}],"wp:term":[{"taxonomy":"categoria_noticia","embeddable":true,"href":"https:\/\/basquetgirona.com\/es\/wp-json\/wp\/v2\/categoria_noticia?post=23925"}],"curies":[{"name":"wp","href":"https:\/\/api.w.org\/{rel}","templated":true}]}}