{"id":23933,"date":"2021-05-17T00:00:00","date_gmt":"2021-05-17T00:00:00","guid":{"rendered":"https:\/\/basquetgirona.com\/noticia\/domingo-victorioso-2\/"},"modified":"2025-03-31T06:46:33","modified_gmt":"2025-03-31T06:46:33","slug":"domingo-victorioso-2","status":"publish","type":"noticia","link":"https:\/\/basquetgirona.com\/es\/noticia\/domingo-victorioso-2\/","title":{"rendered":"Domingo victorioso"},"content":{"rendered":"<p class=\"p1\" style=\"text-align: justify;\"><strong>U18<\/strong><\/p>\n<p class=\"p1\" style=\"text-align: justify;\">El U18 perdi\u00f3 en la Ciudad Deportiva a Joan Gamper el \u00faltimo partido de la temporada ante el Bar\u00e7a (84-45). El equipo gerundense sali\u00f3 intenso, predispuesto a mejorar la imagen del partido de ida, llegando al descanso s\u00f3lo nueve puntos por debajo (31-22). Un parcial de 14-2 en la reanudaci\u00f3n catapultar\u00eda la ventaja cul\u00e9 hasta los veinte puntos antes de los diez minutos finales, cuando engordar\u00edan la diferencia a\u00fan m\u00e1s.  <\/p>\n<p class=\"p1\" style=\"text-align: justify;\"><strong>U17<\/strong><\/p>\n<p class=\"p1\" style=\"text-align: justify;\">El equipo entrenado por Rafel Fexas y Oriol Ribas venci\u00f3 en la pista del CB Mollet C por 59-70. Un comienzo en\u00e9rgico del conjunto gerundense, dominando el rebote y atacando al contragolpe gener\u00f3 las primeras ventajas en un marcador que siempre les fue favorable. En el resto del encuentro, el grupo local plante\u00f3 obst\u00e1culos a la transici\u00f3n visitante pero las buenas defensas gerundenses acabaron decantando la balanza.  <\/p>\n<p class=\"p1\" style=\"text-align: justify;\"><strong>U16<\/strong><\/p>\n<p class=\"p1\" style=\"text-align: justify;\">El cadete de segundo a\u00f1o gan\u00f3 en el \u00faltimo per\u00edodo en Olesa de Montserrat (65-72). El grupo gerundense lleg\u00f3 por detr\u00e1s al marcador al final del primer cuarto, ante un buen planteamiento ofensivo rival, pero se rehizo en el segundo a partir de buenas acciones ofensivas que le permitieron ir a vestuarios con un colch\u00f3n de puntos positivo (30 -41). Pero el rival volvi\u00f3 a entrar en el partido y, gracias a la buena puesta en escena en ataque, el conjunto de Arnau Sargatal y Enric Corominas se llev\u00f3 la victoria.  <\/p>\n<p class=\"p1\" style=\"text-align: justify;\"><strong>U14<\/strong><\/p>\n<p class=\"p1\" style=\"text-align: justify;\">La generaci\u00f3n del 2007 gan\u00f3 en el Ol\u00edmpic de Badalona contra el Club Joventut de Badalona B (66-97). Ambos conjuntos firmaron una primera parte especialmente efectiva en la anotaci\u00f3n tanto desde el disparo exterior como al contragolpe (23-35). En el segundo per\u00edodo, la actuaci\u00f3n defensiva fue m\u00e1s s\u00f3lida, lo que permiti\u00f3 alargar la ventaja al descanso (34-53). En la reanudaci\u00f3n, los gerundenses lograron ensanchar el marcador desde la presi\u00f3n en toda la pista, que les permit\u00eda encontrar situaciones cercanas a canasta.   <span class=\"Apple-converted-space\">&nbsp;<\/span><\/p>\n","protected":false},"excerpt":{"rendered":"<p>El U18 termin\u00f3 su recorrido competitivo en la fase regular de Preferente A<\/p>\n","protected":false},"author":1,"featured_media":6715,"menu_order":0,"template":"","categoria_noticia":[],"class_list":["post-23933","noticia","type-noticia","status-publish","has-post-thumbnail","hentry"],"yoast_head":"<!-- This site is optimized with the Yoast SEO plugin v22.0 - https:\/\/yoast.com\/wordpress\/plugins\/seo\/ -->\n<title>Domingo victorioso - Basquet Girona<\/title>\n<meta name=\"robots\" content=\"index, follow, max-snippet:-1, max-image-preview:large, max-video-preview:-1\" \/>\n<link rel=\"canonical\" href=\"https:\/\/basquetgirona.com\/es\/noticia\/domingo-victorioso-2\/\" \/>\n<meta property=\"og:locale\" content=\"es_ES\" \/>\n<meta property=\"og:type\" content=\"article\" \/>\n<meta property=\"og:title\" content=\"Domingo victorioso - Basquet Girona\" \/>\n<meta property=\"og:description\" content=\"El U18 termin\u00f3 su recorrido competitivo en la fase regular de Preferente A\" \/>\n<meta property=\"og:url\" content=\"https:\/\/basquetgirona.com\/es\/noticia\/domingo-victorioso-2\/\" \/>\n<meta property=\"og:site_name\" content=\"Basquet Girona\" \/>\n<meta property=\"article:publisher\" content=\"https:\/\/www.facebook.com\/BasquetGironaOficial\" \/>\n<meta property=\"article:modified_time\" content=\"2025-03-31T06:46:33+00:00\" \/>\n<meta property=\"og:image\" content=\"https:\/\/basquetgirona.com\/wp-content\/uploads\/2023\/09\/minicronica-base1705.jpg\" \/>\n\t<meta property=\"og:image:width\" content=\"992\" \/>\n\t<meta property=\"og:image:height\" content=\"525\" \/>\n\t<meta property=\"og:image:type\" content=\"image\/jpeg\" \/>\n<meta name=\"twitter:card\" content=\"summary_large_image\" \/>\n<meta name=\"twitter:site\" content=\"@BasquetGirona\" \/>\n<meta name=\"twitter:label1\" content=\"Tiempo de lectura\" \/>\n\t<meta name=\"twitter:data1\" content=\"2 minutos\" \/>\n<!-- \/ Yoast SEO plugin. -->","yoast_head_json":{"title":"Domingo victorioso - Basquet Girona","robots":{"index":"index","follow":"follow","max-snippet":"max-snippet:-1","max-image-preview":"max-image-preview:large","max-video-preview":"max-video-preview:-1"},"canonical":"https:\/\/basquetgirona.com\/es\/noticia\/domingo-victorioso-2\/","og_locale":"es_ES","og_type":"article","og_title":"Domingo victorioso - Basquet Girona","og_description":"El U18 termin\u00f3 su recorrido competitivo en la fase regular de Preferente A","og_url":"https:\/\/basquetgirona.com\/es\/noticia\/domingo-victorioso-2\/","og_site_name":"Basquet Girona","article_publisher":"https:\/\/www.facebook.com\/BasquetGironaOficial","article_modified_time":"2025-03-31T06:46:33+00:00","og_image":[{"width":992,"height":525,"url":"https:\/\/basquetgirona.com\/wp-content\/uploads\/2023\/09\/minicronica-base1705.jpg","type":"image\/jpeg"}],"twitter_card":"summary_large_image","twitter_site":"@BasquetGirona","twitter_misc":{"Tiempo de lectura":"2 minutos"},"schema":{"@context":"https:\/\/schema.org","@graph":[{"@type":"NewsArticle","@id":"https:\/\/basquetgirona.com\/es\/noticia\/domingo-victorioso-2\/#article","isPartOf":{"@id":"https:\/\/basquetgirona.com\/es\/noticia\/domingo-victorioso-2\/"},"author":{"name":"wp6tems","@id":"https:\/\/basquetgirona.com\/es\/#\/schema\/person\/23e2f6077a380ef4bcbafe12c1c99532"},"headline":"Domingo victorioso","datePublished":"2021-05-17T00:00:00+00:00","dateModified":"2025-03-31T06:46:33+00:00","mainEntityOfPage":{"@id":"https:\/\/basquetgirona.com\/es\/noticia\/domingo-victorioso-2\/"},"wordCount":338,"commentCount":0,"publisher":{"@id":"https:\/\/basquetgirona.com\/es\/#organization"},"inLanguage":"es"},{"@type":["WebPage","ItemPage"],"@id":"https:\/\/basquetgirona.com\/es\/noticia\/domingo-victorioso-2\/","url":"https:\/\/basquetgirona.com\/es\/noticia\/domingo-victorioso-2\/","name":"Domingo victorioso - Basquet Girona","isPartOf":{"@id":"https:\/\/basquetgirona.com\/es\/#website"},"datePublished":"2021-05-17T00:00:00+00:00","dateModified":"2025-03-31T06:46:33+00:00","breadcrumb":{"@id":"https:\/\/basquetgirona.com\/es\/noticia\/domingo-victorioso-2\/#breadcrumb"},"inLanguage":"es","potentialAction":[{"@type":"ReadAction","target":["https:\/\/basquetgirona.com\/es\/noticia\/domingo-victorioso-2\/"]}]},{"@type":"BreadcrumbList","@id":"https:\/\/basquetgirona.com\/es\/noticia\/domingo-victorioso-2\/#breadcrumb","itemListElement":[{"@type":"ListItem","position":1,"name":"Inici","item":"https:\/\/basquetgirona.com\/es\/"},{"@type":"ListItem","position":2,"name":"Domingo victorioso"}]},{"@type":"WebSite","@id":"https:\/\/basquetgirona.com\/es\/#website","url":"https:\/\/basquetgirona.com\/es\/","name":"Basquet Girona","description":"","publisher":{"@id":"https:\/\/basquetgirona.com\/es\/#organization"},"potentialAction":[{"@type":"SearchAction","target":{"@type":"EntryPoint","urlTemplate":"https:\/\/basquetgirona.com\/es\/?s={search_term_string}"},"query-input":"required name=search_term_string"}],"inLanguage":"es"},{"@type":"Organization","@id":"https:\/\/basquetgirona.com\/es\/#organization","name":"Basquet Girona","url":"https:\/\/basquetgirona.com\/es\/","logo":{"@type":"ImageObject","inLanguage":"es","@id":"https:\/\/basquetgirona.com\/es\/#\/schema\/logo\/image\/","url":"https:\/\/basquetgirona.com\/wp-content\/uploads\/2023\/02\/girona-logo1.png","contentUrl":"https:\/\/basquetgirona.com\/wp-content\/uploads\/2023\/02\/girona-logo1.png","width":124,"height":136,"caption":"Basquet Girona"},"image":{"@id":"https:\/\/basquetgirona.com\/es\/#\/schema\/logo\/image\/"},"sameAs":["https:\/\/www.facebook.com\/BasquetGironaOficial","https:\/\/twitter.com\/BasquetGirona","https:\/\/www.instagram.com\/basquetgirona\/","https:\/\/es.linkedin.com\/company\/bsquet-girona","https:\/\/www.tiktok.com\/@basquetgirona"]},{"@type":"Person","@id":"https:\/\/basquetgirona.com\/es\/#\/schema\/person\/23e2f6077a380ef4bcbafe12c1c99532","name":"wp6tems","image":{"@type":"ImageObject","inLanguage":"es","@id":"https:\/\/basquetgirona.com\/es\/#\/schema\/person\/image\/","url":"https:\/\/secure.gravatar.com\/avatar\/bb7e7b41fd75599f16e2481d79259374553199dc2bee29aa20aa615e30729456?s=96&d=mm&r=g","contentUrl":"https:\/\/secure.gravatar.com\/avatar\/bb7e7b41fd75599f16e2481d79259374553199dc2bee29aa20aa615e30729456?s=96&d=mm&r=g","caption":"wp6tems"},"sameAs":["https:\/\/basquetgirona.com"],"url":"https:\/\/basquetgirona.com\/es\/author\/wp6tems\/"}]}},"acf":[],"_links":{"self":[{"href":"https:\/\/basquetgirona.com\/es\/wp-json\/wp\/v2\/noticia\/23933","targetHints":{"allow":["GET"]}}],"collection":[{"href":"https:\/\/basquetgirona.com\/es\/wp-json\/wp\/v2\/noticia"}],"about":[{"href":"https:\/\/basquetgirona.com\/es\/wp-json\/wp\/v2\/types\/noticia"}],"author":[{"embeddable":true,"href":"https:\/\/basquetgirona.com\/es\/wp-json\/wp\/v2\/users\/1"}],"version-history":[{"count":4,"href":"https:\/\/basquetgirona.com\/es\/wp-json\/wp\/v2\/noticia\/23933\/revisions"}],"predecessor-version":[{"id":44559,"href":"https:\/\/basquetgirona.com\/es\/wp-json\/wp\/v2\/noticia\/23933\/revisions\/44559"}],"wp:featuredmedia":[{"embeddable":true,"href":"https:\/\/basquetgirona.com\/es\/wp-json\/wp\/v2\/media\/6715"}],"wp:attachment":[{"href":"https:\/\/basquetgirona.com\/es\/wp-json\/wp\/v2\/media?parent=23933"}],"wp:term":[{"taxonomy":"categoria_noticia","embeddable":true,"href":"https:\/\/basquetgirona.com\/es\/wp-json\/wp\/v2\/categoria_noticia?post=23933"}],"curies":[{"name":"wp","href":"https:\/\/api.w.org\/{rel}","templated":true}]}}