{"id":24047,"date":"2021-01-21T00:00:00","date_gmt":"2021-01-21T00:00:00","guid":{"rendered":"https:\/\/basquetgirona.com\/noticia\/daniel-garcia-vuelve-al-baloncesto-manresa\/"},"modified":"2025-03-17T10:41:18","modified_gmt":"2025-03-17T10:41:18","slug":"daniel-garcia-vuelve-al-baloncesto-manresa","status":"publish","type":"noticia","link":"https:\/\/basquetgirona.com\/es\/noticia\/daniel-garcia-vuelve-al-baloncesto-manresa\/","title":{"rendered":"Daniel Garc\u00eda vuelve al Baloncesto Manresa"},"content":{"rendered":"<p style=\"text-align: justify;\"><span lang=\"CA\">Daniel Garc\u00eda<\/span> <span>ha concluido su cesi\u00f3n al B\u00e0squet Girona para volver al B\u00e0squet Manresa, la entidad propietaria del jugador.<\/span>&nbsp;<\/p>\n<p style=\"text-align: justify;\"><span>Desde el B\u00e0squet Girona agradecemos especialmente su contribuci\u00f3n al club dentro y fuera de la pista y le deseamos toda la suerte en su futuro profesional.<\/span><\/p>\n<p style=\"text-align: justify;\"><span style=\"text-decoration: underline;\"><span>Daniel Garc\u00eda:<\/span><\/span> <span>\u201c<\/span><em><span lang=\"ES-TRAD\">Mi valoraci\u00f3n aqu\u00ed en el club es incre\u00edble. Hay un blog s\u00f3lido con muchas ganas de trabajar. Estoy ilusionado por el nuevo proyecto que tengo pero tambi\u00e9n estoy triste por dejar este club y esta ciudad. S\u00f3lo me llevo cosas positivas.\u201d   <\/span><\/em><\/p>\n<p style=\"text-align: justify;\"><em><span lang=\"ES-TRAD\">&#8220;Una l\u00e1stima que por la situaci\u00f3n del coronavirus no se ha podido aprovechar del todo el baloncesto pero seguro que pronto podremos disfrutar de Fontajau todos juntos.&#8221;&nbsp;<\/span><\/em><\/p>\n","protected":false},"excerpt":{"rendered":"<p style=\"text-align: justify;\" align=\"center\">El jugador mataronense acabar\u00e1 la temporada en el equipo de donde proven\u00eda cedido<\/p>\n","protected":false},"author":1,"featured_media":7183,"menu_order":0,"template":"","categoria_noticia":[],"class_list":["post-24047","noticia","type-noticia","status-publish","has-post-thumbnail","hentry"],"yoast_head":"<!-- This site is optimized with the Yoast SEO plugin v22.0 - https:\/\/yoast.com\/wordpress\/plugins\/seo\/ -->\n<title>Daniel Garc\u00eda vuelve al Baloncesto Manresa - Basquet Girona<\/title>\n<meta name=\"robots\" content=\"index, follow, max-snippet:-1, max-image-preview:large, max-video-preview:-1\" \/>\n<link rel=\"canonical\" href=\"https:\/\/basquetgirona.com\/es\/noticia\/daniel-garcia-vuelve-al-baloncesto-manresa\/\" \/>\n<meta property=\"og:locale\" content=\"es_ES\" \/>\n<meta property=\"og:type\" content=\"article\" \/>\n<meta property=\"og:title\" content=\"Daniel Garc\u00eda vuelve al Baloncesto Manresa - Basquet Girona\" \/>\n<meta property=\"og:description\" content=\"El jugador mataronense acabar\u00e1 la temporada en el equipo de donde proven\u00eda cedido\" \/>\n<meta property=\"og:url\" content=\"https:\/\/basquetgirona.com\/es\/noticia\/daniel-garcia-vuelve-al-baloncesto-manresa\/\" \/>\n<meta property=\"og:site_name\" content=\"Basquet Girona\" \/>\n<meta property=\"article:publisher\" content=\"https:\/\/www.facebook.com\/BasquetGironaOficial\" \/>\n<meta property=\"article:modified_time\" content=\"2025-03-17T10:41:18+00:00\" \/>\n<meta property=\"og:image\" content=\"https:\/\/basquetgirona.com\/wp-content\/uploads\/2023\/09\/minidani.jpg\" \/>\n\t<meta property=\"og:image:width\" content=\"826\" \/>\n\t<meta property=\"og:image:height\" content=\"437\" \/>\n\t<meta property=\"og:image:type\" content=\"image\/jpeg\" \/>\n<meta name=\"twitter:card\" content=\"summary_large_image\" \/>\n<meta name=\"twitter:site\" content=\"@BasquetGirona\" \/>\n<meta name=\"twitter:label1\" content=\"Tiempo de lectura\" \/>\n\t<meta name=\"twitter:data1\" content=\"1 minuto\" \/>\n<!-- \/ Yoast SEO plugin. -->","yoast_head_json":{"title":"Daniel Garc\u00eda vuelve al Baloncesto Manresa - Basquet Girona","robots":{"index":"index","follow":"follow","max-snippet":"max-snippet:-1","max-image-preview":"max-image-preview:large","max-video-preview":"max-video-preview:-1"},"canonical":"https:\/\/basquetgirona.com\/es\/noticia\/daniel-garcia-vuelve-al-baloncesto-manresa\/","og_locale":"es_ES","og_type":"article","og_title":"Daniel Garc\u00eda vuelve al Baloncesto Manresa - Basquet Girona","og_description":"El jugador mataronense acabar\u00e1 la temporada en el equipo de donde proven\u00eda cedido","og_url":"https:\/\/basquetgirona.com\/es\/noticia\/daniel-garcia-vuelve-al-baloncesto-manresa\/","og_site_name":"Basquet Girona","article_publisher":"https:\/\/www.facebook.com\/BasquetGironaOficial","article_modified_time":"2025-03-17T10:41:18+00:00","og_image":[{"width":826,"height":437,"url":"https:\/\/basquetgirona.com\/wp-content\/uploads\/2023\/09\/minidani.jpg","type":"image\/jpeg"}],"twitter_card":"summary_large_image","twitter_site":"@BasquetGirona","twitter_misc":{"Tiempo de lectura":"1 minuto"},"schema":{"@context":"https:\/\/schema.org","@graph":[{"@type":"NewsArticle","@id":"https:\/\/basquetgirona.com\/es\/noticia\/daniel-garcia-vuelve-al-baloncesto-manresa\/#article","isPartOf":{"@id":"https:\/\/basquetgirona.com\/es\/noticia\/daniel-garcia-vuelve-al-baloncesto-manresa\/"},"author":{"name":"wp6tems","@id":"https:\/\/basquetgirona.com\/es\/#\/schema\/person\/23e2f6077a380ef4bcbafe12c1c99532"},"headline":"Daniel Garc\u00eda vuelve al Baloncesto Manresa","datePublished":"2021-01-21T00:00:00+00:00","dateModified":"2025-03-17T10:41:18+00:00","mainEntityOfPage":{"@id":"https:\/\/basquetgirona.com\/es\/noticia\/daniel-garcia-vuelve-al-baloncesto-manresa\/"},"wordCount":138,"commentCount":0,"publisher":{"@id":"https:\/\/basquetgirona.com\/es\/#organization"},"inLanguage":"es"},{"@type":["WebPage","ItemPage"],"@id":"https:\/\/basquetgirona.com\/es\/noticia\/daniel-garcia-vuelve-al-baloncesto-manresa\/","url":"https:\/\/basquetgirona.com\/es\/noticia\/daniel-garcia-vuelve-al-baloncesto-manresa\/","name":"Daniel Garc\u00eda vuelve al Baloncesto Manresa - Basquet Girona","isPartOf":{"@id":"https:\/\/basquetgirona.com\/es\/#website"},"datePublished":"2021-01-21T00:00:00+00:00","dateModified":"2025-03-17T10:41:18+00:00","breadcrumb":{"@id":"https:\/\/basquetgirona.com\/es\/noticia\/daniel-garcia-vuelve-al-baloncesto-manresa\/#breadcrumb"},"inLanguage":"es","potentialAction":[{"@type":"ReadAction","target":["https:\/\/basquetgirona.com\/es\/noticia\/daniel-garcia-vuelve-al-baloncesto-manresa\/"]}]},{"@type":"BreadcrumbList","@id":"https:\/\/basquetgirona.com\/es\/noticia\/daniel-garcia-vuelve-al-baloncesto-manresa\/#breadcrumb","itemListElement":[{"@type":"ListItem","position":1,"name":"Inici","item":"https:\/\/basquetgirona.com\/es\/"},{"@type":"ListItem","position":2,"name":"Daniel Garc\u00eda vuelve al Baloncesto Manresa"}]},{"@type":"WebSite","@id":"https:\/\/basquetgirona.com\/es\/#website","url":"https:\/\/basquetgirona.com\/es\/","name":"Basquet Girona","description":"","publisher":{"@id":"https:\/\/basquetgirona.com\/es\/#organization"},"potentialAction":[{"@type":"SearchAction","target":{"@type":"EntryPoint","urlTemplate":"https:\/\/basquetgirona.com\/es\/?s={search_term_string}"},"query-input":"required name=search_term_string"}],"inLanguage":"es"},{"@type":"Organization","@id":"https:\/\/basquetgirona.com\/es\/#organization","name":"Basquet Girona","url":"https:\/\/basquetgirona.com\/es\/","logo":{"@type":"ImageObject","inLanguage":"es","@id":"https:\/\/basquetgirona.com\/es\/#\/schema\/logo\/image\/","url":"https:\/\/basquetgirona.com\/wp-content\/uploads\/2023\/02\/girona-logo1.png","contentUrl":"https:\/\/basquetgirona.com\/wp-content\/uploads\/2023\/02\/girona-logo1.png","width":124,"height":136,"caption":"Basquet Girona"},"image":{"@id":"https:\/\/basquetgirona.com\/es\/#\/schema\/logo\/image\/"},"sameAs":["https:\/\/www.facebook.com\/BasquetGironaOficial","https:\/\/twitter.com\/BasquetGirona","https:\/\/www.instagram.com\/basquetgirona\/","https:\/\/es.linkedin.com\/company\/bsquet-girona","https:\/\/www.tiktok.com\/@basquetgirona"]},{"@type":"Person","@id":"https:\/\/basquetgirona.com\/es\/#\/schema\/person\/23e2f6077a380ef4bcbafe12c1c99532","name":"wp6tems","image":{"@type":"ImageObject","inLanguage":"es","@id":"https:\/\/basquetgirona.com\/es\/#\/schema\/person\/image\/","url":"https:\/\/secure.gravatar.com\/avatar\/bb7e7b41fd75599f16e2481d79259374553199dc2bee29aa20aa615e30729456?s=96&d=mm&r=g","contentUrl":"https:\/\/secure.gravatar.com\/avatar\/bb7e7b41fd75599f16e2481d79259374553199dc2bee29aa20aa615e30729456?s=96&d=mm&r=g","caption":"wp6tems"},"sameAs":["https:\/\/basquetgirona.com"],"url":"https:\/\/basquetgirona.com\/es\/author\/wp6tems\/"}]}},"acf":[],"_links":{"self":[{"href":"https:\/\/basquetgirona.com\/es\/wp-json\/wp\/v2\/noticia\/24047","targetHints":{"allow":["GET"]}}],"collection":[{"href":"https:\/\/basquetgirona.com\/es\/wp-json\/wp\/v2\/noticia"}],"about":[{"href":"https:\/\/basquetgirona.com\/es\/wp-json\/wp\/v2\/types\/noticia"}],"author":[{"embeddable":true,"href":"https:\/\/basquetgirona.com\/es\/wp-json\/wp\/v2\/users\/1"}],"version-history":[{"count":2,"href":"https:\/\/basquetgirona.com\/es\/wp-json\/wp\/v2\/noticia\/24047\/revisions"}],"predecessor-version":[{"id":29597,"href":"https:\/\/basquetgirona.com\/es\/wp-json\/wp\/v2\/noticia\/24047\/revisions\/29597"}],"wp:featuredmedia":[{"embeddable":true,"href":"https:\/\/basquetgirona.com\/es\/wp-json\/wp\/v2\/media\/7183"}],"wp:attachment":[{"href":"https:\/\/basquetgirona.com\/es\/wp-json\/wp\/v2\/media?parent=24047"}],"wp:term":[{"taxonomy":"categoria_noticia","embeddable":true,"href":"https:\/\/basquetgirona.com\/es\/wp-json\/wp\/v2\/categoria_noticia?post=24047"}],"curies":[{"name":"wp","href":"https:\/\/api.w.org\/{rel}","templated":true}]}}