{"id":24093,"date":"2020-11-19T00:00:00","date_gmt":"2020-11-19T00:00:00","guid":{"rendered":"https:\/\/basquetgirona.com\/noticia\/el-coviran-granada-baloncesto-girona-a-la-espera-de-la-pcr-rival\/"},"modified":"2025-08-12T11:59:37","modified_gmt":"2025-08-12T11:59:37","slug":"el-coviran-granada-baloncesto-girona-a-la-espera-de-la-pcr-rival","status":"publish","type":"noticia","link":"https:\/\/basquetgirona.com\/es\/noticia\/el-coviran-granada-baloncesto-girona-a-la-espera-de-la-pcr-rival\/","title":{"rendered":"El Covir\u00e1n Granada &#8211; Baloncesto Girona, a la espera de la PCR rival"},"content":{"rendered":"<p style=\"text-align: justify;\">Un componente de la primera plantilla del Covir\u00e1n Granada ha dado positivo en Covid-19. Tras obtener un resultado dudoso en la prueba de ant\u00edgenos semanal realizada por el club granadino, se le realiz\u00f3 una PCR que confirm\u00f3 lo positivo. <\/p>\n<p style=\"text-align: justify;\">El viernes por la ma\u00f1ana se le volver\u00e1 a realizar una prueba PCR en todo el equipo,&nbsp; al no haber tenido contacto con el resto del equipo en las 48 horas previas a lo positivo y habiendo resultado negativo el resto de los componentes de la primera plantilla del Covir\u00e1n Granada en los test de ant\u00edgenos realizados.<\/p>\n","protected":false},"excerpt":{"rendered":"<p align=\"center\">Un miembro de la plantilla del conjunto andaluz ha dado positivo por Covid<\/p>\n","protected":false},"author":1,"featured_media":7438,"menu_order":0,"template":"","categoria_noticia":[],"class_list":["post-24093","noticia","type-noticia","status-publish","has-post-thumbnail","hentry"],"yoast_head":"<!-- This site is optimized with the Yoast SEO plugin v22.0 - https:\/\/yoast.com\/wordpress\/plugins\/seo\/ -->\n<title>El Covir\u00e1n Granada - Baloncesto Girona, a la espera de la PCR rival - Basquet Girona<\/title>\n<meta name=\"robots\" content=\"index, follow, max-snippet:-1, max-image-preview:large, max-video-preview:-1\" \/>\n<link rel=\"canonical\" href=\"https:\/\/basquetgirona.com\/es\/noticia\/el-coviran-granada-baloncesto-girona-a-la-espera-de-la-pcr-rival\/\" \/>\n<meta property=\"og:locale\" content=\"es_ES\" \/>\n<meta property=\"og:type\" content=\"article\" \/>\n<meta property=\"og:title\" content=\"El Covir\u00e1n Granada - Baloncesto Girona, a la espera de la PCR rival - Basquet Girona\" \/>\n<meta property=\"og:description\" content=\"Un miembro de la plantilla del conjunto andaluz ha dado positivo por Covid\" \/>\n<meta property=\"og:url\" content=\"https:\/\/basquetgirona.com\/es\/noticia\/el-coviran-granada-baloncesto-girona-a-la-espera-de-la-pcr-rival\/\" \/>\n<meta property=\"og:site_name\" content=\"Basquet Girona\" \/>\n<meta property=\"article:publisher\" content=\"https:\/\/www.facebook.com\/BasquetGironaOficial\" \/>\n<meta property=\"article:modified_time\" content=\"2025-08-12T11:59:37+00:00\" \/>\n<meta property=\"og:image\" content=\"https:\/\/basquetgirona.com\/wp-content\/uploads\/2023\/09\/minigranadapositiu.jpg\" \/>\n\t<meta property=\"og:image:width\" content=\"715\" \/>\n\t<meta property=\"og:image:height\" content=\"378\" \/>\n\t<meta property=\"og:image:type\" content=\"image\/jpeg\" \/>\n<meta name=\"twitter:card\" content=\"summary_large_image\" \/>\n<meta name=\"twitter:site\" content=\"@BasquetGirona\" \/>\n<meta name=\"twitter:label1\" content=\"Tiempo de lectura\" \/>\n\t<meta name=\"twitter:data1\" content=\"1 minuto\" \/>\n<!-- \/ Yoast SEO plugin. -->","yoast_head_json":{"title":"El Covir\u00e1n Granada - Baloncesto Girona, a la espera de la PCR rival - Basquet Girona","robots":{"index":"index","follow":"follow","max-snippet":"max-snippet:-1","max-image-preview":"max-image-preview:large","max-video-preview":"max-video-preview:-1"},"canonical":"https:\/\/basquetgirona.com\/es\/noticia\/el-coviran-granada-baloncesto-girona-a-la-espera-de-la-pcr-rival\/","og_locale":"es_ES","og_type":"article","og_title":"El Covir\u00e1n Granada - Baloncesto Girona, a la espera de la PCR rival - Basquet Girona","og_description":"Un miembro de la plantilla del conjunto andaluz ha dado positivo por Covid","og_url":"https:\/\/basquetgirona.com\/es\/noticia\/el-coviran-granada-baloncesto-girona-a-la-espera-de-la-pcr-rival\/","og_site_name":"Basquet Girona","article_publisher":"https:\/\/www.facebook.com\/BasquetGironaOficial","article_modified_time":"2025-08-12T11:59:37+00:00","og_image":[{"width":715,"height":378,"url":"https:\/\/basquetgirona.com\/wp-content\/uploads\/2023\/09\/minigranadapositiu.jpg","type":"image\/jpeg"}],"twitter_card":"summary_large_image","twitter_site":"@BasquetGirona","twitter_misc":{"Tiempo de lectura":"1 minuto"},"schema":{"@context":"https:\/\/schema.org","@graph":[{"@type":"NewsArticle","@id":"https:\/\/basquetgirona.com\/es\/noticia\/el-coviran-granada-baloncesto-girona-a-la-espera-de-la-pcr-rival\/#article","isPartOf":{"@id":"https:\/\/basquetgirona.com\/es\/noticia\/el-coviran-granada-baloncesto-girona-a-la-espera-de-la-pcr-rival\/"},"author":{"name":"wp6tems","@id":"https:\/\/basquetgirona.com\/es\/#\/schema\/person\/23e2f6077a380ef4bcbafe12c1c99532"},"headline":"El Covir\u00e1n Granada &#8211; Baloncesto Girona, a la espera de la PCR rival","datePublished":"2020-11-19T00:00:00+00:00","dateModified":"2025-08-12T11:59:37+00:00","mainEntityOfPage":{"@id":"https:\/\/basquetgirona.com\/es\/noticia\/el-coviran-granada-baloncesto-girona-a-la-espera-de-la-pcr-rival\/"},"wordCount":115,"commentCount":0,"publisher":{"@id":"https:\/\/basquetgirona.com\/es\/#organization"},"inLanguage":"es"},{"@type":["WebPage","ItemPage"],"@id":"https:\/\/basquetgirona.com\/es\/noticia\/el-coviran-granada-baloncesto-girona-a-la-espera-de-la-pcr-rival\/","url":"https:\/\/basquetgirona.com\/es\/noticia\/el-coviran-granada-baloncesto-girona-a-la-espera-de-la-pcr-rival\/","name":"El Covir\u00e1n Granada - Baloncesto Girona, a la espera de la PCR rival - Basquet Girona","isPartOf":{"@id":"https:\/\/basquetgirona.com\/es\/#website"},"datePublished":"2020-11-19T00:00:00+00:00","dateModified":"2025-08-12T11:59:37+00:00","breadcrumb":{"@id":"https:\/\/basquetgirona.com\/es\/noticia\/el-coviran-granada-baloncesto-girona-a-la-espera-de-la-pcr-rival\/#breadcrumb"},"inLanguage":"es","potentialAction":[{"@type":"ReadAction","target":["https:\/\/basquetgirona.com\/es\/noticia\/el-coviran-granada-baloncesto-girona-a-la-espera-de-la-pcr-rival\/"]}]},{"@type":"BreadcrumbList","@id":"https:\/\/basquetgirona.com\/es\/noticia\/el-coviran-granada-baloncesto-girona-a-la-espera-de-la-pcr-rival\/#breadcrumb","itemListElement":[{"@type":"ListItem","position":1,"name":"Inici","item":"https:\/\/basquetgirona.com\/es\/"},{"@type":"ListItem","position":2,"name":"El Covir\u00e1n Granada &#8211; Baloncesto Girona, a la espera de la PCR rival"}]},{"@type":"WebSite","@id":"https:\/\/basquetgirona.com\/es\/#website","url":"https:\/\/basquetgirona.com\/es\/","name":"Basquet Girona","description":"","publisher":{"@id":"https:\/\/basquetgirona.com\/es\/#organization"},"potentialAction":[{"@type":"SearchAction","target":{"@type":"EntryPoint","urlTemplate":"https:\/\/basquetgirona.com\/es\/?s={search_term_string}"},"query-input":"required name=search_term_string"}],"inLanguage":"es"},{"@type":"Organization","@id":"https:\/\/basquetgirona.com\/es\/#organization","name":"Basquet Girona","url":"https:\/\/basquetgirona.com\/es\/","logo":{"@type":"ImageObject","inLanguage":"es","@id":"https:\/\/basquetgirona.com\/es\/#\/schema\/logo\/image\/","url":"https:\/\/basquetgirona.com\/wp-content\/uploads\/2023\/02\/girona-logo1.png","contentUrl":"https:\/\/basquetgirona.com\/wp-content\/uploads\/2023\/02\/girona-logo1.png","width":124,"height":136,"caption":"Basquet Girona"},"image":{"@id":"https:\/\/basquetgirona.com\/es\/#\/schema\/logo\/image\/"},"sameAs":["https:\/\/www.facebook.com\/BasquetGironaOficial","https:\/\/twitter.com\/BasquetGirona","https:\/\/www.instagram.com\/basquetgirona\/","https:\/\/es.linkedin.com\/company\/bsquet-girona","https:\/\/www.tiktok.com\/@basquetgirona"]},{"@type":"Person","@id":"https:\/\/basquetgirona.com\/es\/#\/schema\/person\/23e2f6077a380ef4bcbafe12c1c99532","name":"wp6tems","image":{"@type":"ImageObject","inLanguage":"es","@id":"https:\/\/basquetgirona.com\/es\/#\/schema\/person\/image\/","url":"https:\/\/secure.gravatar.com\/avatar\/bb7e7b41fd75599f16e2481d79259374553199dc2bee29aa20aa615e30729456?s=96&d=mm&r=g","contentUrl":"https:\/\/secure.gravatar.com\/avatar\/bb7e7b41fd75599f16e2481d79259374553199dc2bee29aa20aa615e30729456?s=96&d=mm&r=g","caption":"wp6tems"},"sameAs":["https:\/\/basquetgirona.com"],"url":"https:\/\/basquetgirona.com\/es\/author\/wp6tems\/"}]}},"acf":[],"_links":{"self":[{"href":"https:\/\/basquetgirona.com\/es\/wp-json\/wp\/v2\/noticia\/24093","targetHints":{"allow":["GET"]}}],"collection":[{"href":"https:\/\/basquetgirona.com\/es\/wp-json\/wp\/v2\/noticia"}],"about":[{"href":"https:\/\/basquetgirona.com\/es\/wp-json\/wp\/v2\/types\/noticia"}],"author":[{"embeddable":true,"href":"https:\/\/basquetgirona.com\/es\/wp-json\/wp\/v2\/users\/1"}],"version-history":[{"count":2,"href":"https:\/\/basquetgirona.com\/es\/wp-json\/wp\/v2\/noticia\/24093\/revisions"}],"predecessor-version":[{"id":29678,"href":"https:\/\/basquetgirona.com\/es\/wp-json\/wp\/v2\/noticia\/24093\/revisions\/29678"}],"wp:featuredmedia":[{"embeddable":true,"href":"https:\/\/basquetgirona.com\/es\/wp-json\/wp\/v2\/media\/7438"}],"wp:attachment":[{"href":"https:\/\/basquetgirona.com\/es\/wp-json\/wp\/v2\/media?parent=24093"}],"wp:term":[{"taxonomy":"categoria_noticia","embeddable":true,"href":"https:\/\/basquetgirona.com\/es\/wp-json\/wp\/v2\/categoria_noticia?post=24093"}],"curies":[{"name":"wp","href":"https:\/\/api.w.org\/{rel}","templated":true}]}}