{"id":24239,"date":"2020-03-16T00:00:00","date_gmt":"2020-03-16T00:00:00","guid":{"rendered":"https:\/\/basquetgirona.com\/noticia\/la-actualidad-del-covid-19-al-por-menor\/"},"modified":"2025-04-01T21:32:32","modified_gmt":"2025-04-01T21:32:32","slug":"la-actualidad-del-covid-19-al-por-menor","status":"publish","type":"noticia","link":"https:\/\/basquetgirona.com\/es\/noticia\/la-actualidad-del-covid-19-al-por-menor\/","title":{"rendered":"La actualidad del COVID-19, al por menor"},"content":{"rendered":"<p><strong>Mi\u00e9rcoles 25 de marzo<\/strong><\/p>\n<p><span style=\"text-decoration: underline;\">19:00<\/span> La Federaci\u00f3n Espa\u00f1ola de Baloncesto comunica el aplazamiento de la competici\u00f3n hasta el 12 de abril<\/p>\n<p><strong>Mi\u00e9rcoles 18 de marzo<\/strong><\/p>\n<p><span style=\"text-decoration: underline;\">17:00<\/span> La Federaci\u00f3n Espa\u00f1ola de Baloncesto anuncia la suspensi\u00f3n de la sexta jornada de la segunda fase<\/p>\n<p><strong>Jueves 12 de marzo<\/strong><\/p>\n<p><span style=\"text-decoration: underline;\">21:00<\/span> La Federaci\u00f3n Espa\u00f1ola de Baloncesto hace oficial la suspensi\u00f3n de la competici\u00f3n en las dos pr\u00f3ximas jornadas<\/p>\n<p><strong>Mi\u00e9rcoles 11 de marzo<\/strong><\/p>\n<p><span style=\"text-decoration: underline;\">21:00<\/span>&nbsp; La Federaci\u00f3n Espa\u00f1ola de Baloncesto comunica que se suspende la cuarta jornada de la segunda fase de LEB Plata.&nbsp;<\/p>\n<p><strong>Martes 10 de marzo<\/strong><\/p>\n<p><span style=\"text-decoration: underline;\">18:00<\/span>&nbsp; La Federaci\u00f3n Espa\u00f1ola de Baloncesto y el Consejo Superior de Deportes anuncian que la competici\u00f3n se jugar\u00e1 a puerta cerrada.<\/p>\n","protected":false},"excerpt":{"rendered":"<p>Todo lo que necesitas saber sobre la situaci\u00f3n del coronavirus<\/p>\n","protected":false},"author":1,"featured_media":7807,"menu_order":0,"template":"","categoria_noticia":[],"class_list":["post-24239","noticia","type-noticia","status-publish","has-post-thumbnail","hentry"],"yoast_head":"<!-- This site is optimized with the Yoast SEO plugin v22.0 - https:\/\/yoast.com\/wordpress\/plugins\/seo\/ -->\n<title>La actualidad del COVID-19, al por menor - Basquet Girona<\/title>\n<meta name=\"robots\" content=\"index, follow, max-snippet:-1, max-image-preview:large, max-video-preview:-1\" \/>\n<link rel=\"canonical\" href=\"https:\/\/basquetgirona.com\/es\/noticia\/la-actualidad-del-covid-19-al-por-menor\/\" \/>\n<meta property=\"og:locale\" content=\"es_ES\" \/>\n<meta property=\"og:type\" content=\"article\" \/>\n<meta property=\"og:title\" content=\"La actualidad del COVID-19, al por menor - Basquet Girona\" \/>\n<meta property=\"og:description\" content=\"Todo lo que necesitas saber sobre la situaci\u00f3n del coronavirus\" \/>\n<meta property=\"og:url\" content=\"https:\/\/basquetgirona.com\/es\/noticia\/la-actualidad-del-covid-19-al-por-menor\/\" \/>\n<meta property=\"og:site_name\" content=\"Basquet Girona\" \/>\n<meta property=\"article:publisher\" content=\"https:\/\/www.facebook.com\/BasquetGironaOficial\" \/>\n<meta property=\"article:modified_time\" content=\"2025-04-01T21:32:32+00:00\" \/>\n<meta property=\"og:image\" content=\"https:\/\/basquetgirona.com\/wp-content\/uploads\/2023\/09\/minicorporatiu.jpg\" \/>\n\t<meta property=\"og:image:width\" content=\"709\" \/>\n\t<meta property=\"og:image:height\" content=\"376\" \/>\n\t<meta property=\"og:image:type\" content=\"image\/jpeg\" \/>\n<meta name=\"twitter:card\" content=\"summary_large_image\" \/>\n<meta name=\"twitter:site\" content=\"@BasquetGirona\" \/>\n<meta name=\"twitter:label1\" content=\"Tiempo de lectura\" \/>\n\t<meta name=\"twitter:data1\" content=\"1 minuto\" \/>\n<!-- \/ Yoast SEO plugin. -->","yoast_head_json":{"title":"La actualidad del COVID-19, al por menor - Basquet Girona","robots":{"index":"index","follow":"follow","max-snippet":"max-snippet:-1","max-image-preview":"max-image-preview:large","max-video-preview":"max-video-preview:-1"},"canonical":"https:\/\/basquetgirona.com\/es\/noticia\/la-actualidad-del-covid-19-al-por-menor\/","og_locale":"es_ES","og_type":"article","og_title":"La actualidad del COVID-19, al por menor - Basquet Girona","og_description":"Todo lo que necesitas saber sobre la situaci\u00f3n del coronavirus","og_url":"https:\/\/basquetgirona.com\/es\/noticia\/la-actualidad-del-covid-19-al-por-menor\/","og_site_name":"Basquet Girona","article_publisher":"https:\/\/www.facebook.com\/BasquetGironaOficial","article_modified_time":"2025-04-01T21:32:32+00:00","og_image":[{"width":709,"height":376,"url":"https:\/\/basquetgirona.com\/wp-content\/uploads\/2023\/09\/minicorporatiu.jpg","type":"image\/jpeg"}],"twitter_card":"summary_large_image","twitter_site":"@BasquetGirona","twitter_misc":{"Tiempo de lectura":"1 minuto"},"schema":{"@context":"https:\/\/schema.org","@graph":[{"@type":"NewsArticle","@id":"https:\/\/basquetgirona.com\/es\/noticia\/la-actualidad-del-covid-19-al-por-menor\/#article","isPartOf":{"@id":"https:\/\/basquetgirona.com\/es\/noticia\/la-actualidad-del-covid-19-al-por-menor\/"},"author":{"name":"wp6tems","@id":"https:\/\/basquetgirona.com\/es\/#\/schema\/person\/23e2f6077a380ef4bcbafe12c1c99532"},"headline":"La actualidad del COVID-19, al por menor","datePublished":"2020-03-16T00:00:00+00:00","dateModified":"2025-04-01T21:32:32+00:00","mainEntityOfPage":{"@id":"https:\/\/basquetgirona.com\/es\/noticia\/la-actualidad-del-covid-19-al-por-menor\/"},"wordCount":131,"commentCount":0,"publisher":{"@id":"https:\/\/basquetgirona.com\/es\/#organization"},"inLanguage":"es"},{"@type":["WebPage","ItemPage"],"@id":"https:\/\/basquetgirona.com\/es\/noticia\/la-actualidad-del-covid-19-al-por-menor\/","url":"https:\/\/basquetgirona.com\/es\/noticia\/la-actualidad-del-covid-19-al-por-menor\/","name":"La actualidad del COVID-19, al por menor - Basquet Girona","isPartOf":{"@id":"https:\/\/basquetgirona.com\/es\/#website"},"datePublished":"2020-03-16T00:00:00+00:00","dateModified":"2025-04-01T21:32:32+00:00","breadcrumb":{"@id":"https:\/\/basquetgirona.com\/es\/noticia\/la-actualidad-del-covid-19-al-por-menor\/#breadcrumb"},"inLanguage":"es","potentialAction":[{"@type":"ReadAction","target":["https:\/\/basquetgirona.com\/es\/noticia\/la-actualidad-del-covid-19-al-por-menor\/"]}]},{"@type":"BreadcrumbList","@id":"https:\/\/basquetgirona.com\/es\/noticia\/la-actualidad-del-covid-19-al-por-menor\/#breadcrumb","itemListElement":[{"@type":"ListItem","position":1,"name":"Inici","item":"https:\/\/basquetgirona.com\/es\/"},{"@type":"ListItem","position":2,"name":"La actualidad del COVID-19, al por menor"}]},{"@type":"WebSite","@id":"https:\/\/basquetgirona.com\/es\/#website","url":"https:\/\/basquetgirona.com\/es\/","name":"Basquet Girona","description":"","publisher":{"@id":"https:\/\/basquetgirona.com\/es\/#organization"},"potentialAction":[{"@type":"SearchAction","target":{"@type":"EntryPoint","urlTemplate":"https:\/\/basquetgirona.com\/es\/?s={search_term_string}"},"query-input":"required name=search_term_string"}],"inLanguage":"es"},{"@type":"Organization","@id":"https:\/\/basquetgirona.com\/es\/#organization","name":"Basquet Girona","url":"https:\/\/basquetgirona.com\/es\/","logo":{"@type":"ImageObject","inLanguage":"es","@id":"https:\/\/basquetgirona.com\/es\/#\/schema\/logo\/image\/","url":"https:\/\/basquetgirona.com\/wp-content\/uploads\/2023\/02\/girona-logo1.png","contentUrl":"https:\/\/basquetgirona.com\/wp-content\/uploads\/2023\/02\/girona-logo1.png","width":124,"height":136,"caption":"Basquet Girona"},"image":{"@id":"https:\/\/basquetgirona.com\/es\/#\/schema\/logo\/image\/"},"sameAs":["https:\/\/www.facebook.com\/BasquetGironaOficial","https:\/\/twitter.com\/BasquetGirona","https:\/\/www.instagram.com\/basquetgirona\/","https:\/\/es.linkedin.com\/company\/bsquet-girona","https:\/\/www.tiktok.com\/@basquetgirona"]},{"@type":"Person","@id":"https:\/\/basquetgirona.com\/es\/#\/schema\/person\/23e2f6077a380ef4bcbafe12c1c99532","name":"wp6tems","image":{"@type":"ImageObject","inLanguage":"es","@id":"https:\/\/basquetgirona.com\/es\/#\/schema\/person\/image\/","url":"https:\/\/secure.gravatar.com\/avatar\/bb7e7b41fd75599f16e2481d79259374553199dc2bee29aa20aa615e30729456?s=96&d=mm&r=g","contentUrl":"https:\/\/secure.gravatar.com\/avatar\/bb7e7b41fd75599f16e2481d79259374553199dc2bee29aa20aa615e30729456?s=96&d=mm&r=g","caption":"wp6tems"},"sameAs":["https:\/\/basquetgirona.com"],"url":"https:\/\/basquetgirona.com\/es\/author\/wp6tems\/"}]}},"acf":[],"_links":{"self":[{"href":"https:\/\/basquetgirona.com\/es\/wp-json\/wp\/v2\/noticia\/24239","targetHints":{"allow":["GET"]}}],"collection":[{"href":"https:\/\/basquetgirona.com\/es\/wp-json\/wp\/v2\/noticia"}],"about":[{"href":"https:\/\/basquetgirona.com\/es\/wp-json\/wp\/v2\/types\/noticia"}],"author":[{"embeddable":true,"href":"https:\/\/basquetgirona.com\/es\/wp-json\/wp\/v2\/users\/1"}],"version-history":[{"count":1,"href":"https:\/\/basquetgirona.com\/es\/wp-json\/wp\/v2\/noticia\/24239\/revisions"}],"predecessor-version":[{"id":27105,"href":"https:\/\/basquetgirona.com\/es\/wp-json\/wp\/v2\/noticia\/24239\/revisions\/27105"}],"wp:featuredmedia":[{"embeddable":true,"href":"https:\/\/basquetgirona.com\/es\/wp-json\/wp\/v2\/media\/7807"}],"wp:attachment":[{"href":"https:\/\/basquetgirona.com\/es\/wp-json\/wp\/v2\/media?parent=24239"}],"wp:term":[{"taxonomy":"categoria_noticia","embeddable":true,"href":"https:\/\/basquetgirona.com\/es\/wp-json\/wp\/v2\/categoria_noticia?post=24239"}],"curies":[{"name":"wp","href":"https:\/\/api.w.org\/{rel}","templated":true}]}}