{"id":24346,"date":"2019-10-12T00:00:00","date_gmt":"2019-10-12T00:00:00","guid":{"rendered":"https:\/\/basquetgirona.com\/noticia\/el-filial-del-gran-canaria-aterriza-en-fontajau-2\/"},"modified":"2025-08-18T08:22:53","modified_gmt":"2025-08-18T08:22:53","slug":"el-filial-del-gran-canaria-aterriza-en-fontajau-2","status":"publish","type":"noticia","link":"https:\/\/basquetgirona.com\/es\/noticia\/el-filial-del-gran-canaria-aterriza-en-fontajau-2\/","title":{"rendered":"El filial del Gran Canaria aterriza en Fontajau"},"content":{"rendered":"<p style=\"text-align: justify;\">Fontajau ser\u00e1 el escenario donde el B\u00e0squet Girona intentar\u00e1 conseguir la quinta victoria consecutiva pero tambi\u00e9n mantener la din\u00e1mica de juego que le ha llevado a conseguirlo. Lo har\u00e1 el pr\u00f3ximo domingo contra el Gran Canaria B (13:00) en el que ser\u00e1 el tercer partido del curso en Fontajau. El pr\u00f3ximo rival del senior todav\u00eda no conoce la victoria lejos de su pista.  <\/p>\n<p style=\"text-align: justify;\">El Gran Canaria B, fundado en 1994, jugar\u00e1 la segunda temporada de su historia en LEB Plata despu\u00e9s de ascender de EBA. El filial del Herbalife Gran Canaria cuenta con una plantilla joven (19&#8217;1 a\u00f1os de media) y con proyecci\u00f3n entrenada por Salvador Camps, t\u00e9cnico ayudante de la primera plantilla el pasado curso. El equipo canario mantiene a 7 jugadores de la temporada pasada y ha a\u00f1adido cuatro piezas al engranaje, procedentes de Estados Unidos, LEB Plata y EBA.  <\/p>\n<p style=\"text-align: justify;\">Los canarios son el tercer m\u00e1ximo anotador de la categor\u00eda (Antonio Vrankovic, 62 puntos), el tercer m\u00e1ximo asistente (Jovan Kljajic, 16 asistencias) y el tercer m\u00e1ximo reboteador (Rub\u00e9n L\u00f3pez de la Torre, 32 rebotes). Aunque tengan dos derrotas en su balance, el equipo entrenado por Salvador Camps llegar\u00e1 a Fontajau despu\u00e9s de dos victorias aunque no se haya estrenado lejos de su pista. En este inicio, la actuaci\u00f3n m\u00e1s destacada fue la de Khalifa Diop en el \u00faltimo partido: 15 puntos, 9 rebotes, 7 faltas recibidas y 29 de valoraci\u00f3n.  <\/p>\n<p style=\"text-align: justify;\">*Declaraciones de \u00c0lex Formento:<\/p>\n<p style=\"text-align: justify;\">\u201cNuestra idea desde el primer d\u00eda es procurar mantener una estabilidad entre ambos lados de la pista. Una continuidad de ida y vuelta, que no s\u00f3lo supone un gran esfuerzo f\u00edsico, sino tambi\u00e9n de concentraci\u00f3n. Los jugadores lo est\u00e1n haciendo extraordinariamente bien, pero toca mantenerlo. Por mi parte, no tengo expectativa, ni ninguna previsi\u00f3n m\u00e1s all\u00e1 del pr\u00f3ximo partido, por tanto ni me sorprende ni lo contrario, queda mucho por hacer, pero el comportamiento de todos los jugadores est\u00e1 siendo excelente.\u201d<\/p>\n<p style=\"text-align: justify;\">\u201cEs un equipo&nbsp; con un talento extraordinario en todas las posiciones. Son una plantilla joven, con entusiasmo competitivo, que tiene direcci\u00f3n de juego, tiro exterior y un potencial f\u00edsico interior remarcable.  <\/p>\n<p style=\"text-align: justify;\">&#8220;Estamos teniendo una semana con alg\u00fan percance, pero esperamos de aqu\u00ed al partido llegar todos en las mejores condiciones&#8221;<\/p>\n<p style=\"text-align: justify;\">Horario de la 5\u00aa jornada de LEB Plata \u201cEst\u201d<\/p>\n<p style=\"text-align: justify;\">Foto: Sergi Geron\u00e8s&nbsp;<\/p>\n","protected":false},"excerpt":{"rendered":"<p>El senior tratar\u00e1 de mantener la l\u00ednea de juego que le ha llevado a ganar cuatro partidos consecutivos<\/p>\n","protected":false},"author":1,"featured_media":8129,"menu_order":0,"template":"","categoria_noticia":[],"class_list":["post-24346","noticia","type-noticia","status-publish","has-post-thumbnail","hentry"],"yoast_head":"<!-- This site is optimized with the Yoast SEO plugin v22.0 - https:\/\/yoast.com\/wordpress\/plugins\/seo\/ -->\n<title>El filial del Gran Canaria aterriza en Fontajau - Basquet Girona<\/title>\n<meta name=\"robots\" content=\"index, follow, max-snippet:-1, max-image-preview:large, max-video-preview:-1\" \/>\n<link rel=\"canonical\" href=\"https:\/\/basquetgirona.com\/es\/noticia\/el-filial-del-gran-canaria-aterriza-en-fontajau-2\/\" \/>\n<meta property=\"og:locale\" content=\"es_ES\" \/>\n<meta property=\"og:type\" content=\"article\" \/>\n<meta property=\"og:title\" content=\"El filial del Gran Canaria aterriza en Fontajau - Basquet Girona\" \/>\n<meta property=\"og:description\" content=\"El senior tratar\u00e1 de mantener la l\u00ednea de juego que le ha llevado a ganar cuatro partidos consecutivos\" \/>\n<meta property=\"og:url\" content=\"https:\/\/basquetgirona.com\/es\/noticia\/el-filial-del-gran-canaria-aterriza-en-fontajau-2\/\" \/>\n<meta property=\"og:site_name\" content=\"Basquet Girona\" \/>\n<meta property=\"article:publisher\" content=\"https:\/\/www.facebook.com\/BasquetGironaOficial\" \/>\n<meta property=\"article:modified_time\" content=\"2025-08-18T08:22:53+00:00\" \/>\n<meta property=\"og:image\" content=\"https:\/\/basquetgirona.com\/wp-content\/uploads\/2019\/12\/minipregca.jpg\" \/>\n\t<meta property=\"og:image:width\" content=\"1598\" \/>\n\t<meta property=\"og:image:height\" content=\"845\" \/>\n\t<meta property=\"og:image:type\" content=\"image\/jpeg\" \/>\n<meta name=\"twitter:card\" content=\"summary_large_image\" \/>\n<meta name=\"twitter:site\" content=\"@BasquetGirona\" \/>\n<meta name=\"twitter:label1\" content=\"Tiempo de lectura\" \/>\n\t<meta name=\"twitter:data1\" content=\"2 minutos\" \/>\n<!-- \/ Yoast SEO plugin. -->","yoast_head_json":{"title":"El filial del Gran Canaria aterriza en Fontajau - Basquet Girona","robots":{"index":"index","follow":"follow","max-snippet":"max-snippet:-1","max-image-preview":"max-image-preview:large","max-video-preview":"max-video-preview:-1"},"canonical":"https:\/\/basquetgirona.com\/es\/noticia\/el-filial-del-gran-canaria-aterriza-en-fontajau-2\/","og_locale":"es_ES","og_type":"article","og_title":"El filial del Gran Canaria aterriza en Fontajau - Basquet Girona","og_description":"El senior tratar\u00e1 de mantener la l\u00ednea de juego que le ha llevado a ganar cuatro partidos consecutivos","og_url":"https:\/\/basquetgirona.com\/es\/noticia\/el-filial-del-gran-canaria-aterriza-en-fontajau-2\/","og_site_name":"Basquet Girona","article_publisher":"https:\/\/www.facebook.com\/BasquetGironaOficial","article_modified_time":"2025-08-18T08:22:53+00:00","og_image":[{"width":1598,"height":845,"url":"https:\/\/basquetgirona.com\/wp-content\/uploads\/2019\/12\/minipregca.jpg","type":"image\/jpeg"}],"twitter_card":"summary_large_image","twitter_site":"@BasquetGirona","twitter_misc":{"Tiempo de lectura":"2 minutos"},"schema":{"@context":"https:\/\/schema.org","@graph":[{"@type":"NewsArticle","@id":"https:\/\/basquetgirona.com\/es\/noticia\/el-filial-del-gran-canaria-aterriza-en-fontajau-2\/#article","isPartOf":{"@id":"https:\/\/basquetgirona.com\/es\/noticia\/el-filial-del-gran-canaria-aterriza-en-fontajau-2\/"},"author":{"name":"wp6tems","@id":"https:\/\/basquetgirona.com\/es\/#\/schema\/person\/23e2f6077a380ef4bcbafe12c1c99532"},"headline":"El filial del Gran Canaria aterriza en Fontajau","datePublished":"2019-10-12T00:00:00+00:00","dateModified":"2025-08-18T08:22:53+00:00","mainEntityOfPage":{"@id":"https:\/\/basquetgirona.com\/es\/noticia\/el-filial-del-gran-canaria-aterriza-en-fontajau-2\/"},"wordCount":412,"commentCount":0,"publisher":{"@id":"https:\/\/basquetgirona.com\/es\/#organization"},"inLanguage":"es"},{"@type":["WebPage","ItemPage"],"@id":"https:\/\/basquetgirona.com\/es\/noticia\/el-filial-del-gran-canaria-aterriza-en-fontajau-2\/","url":"https:\/\/basquetgirona.com\/es\/noticia\/el-filial-del-gran-canaria-aterriza-en-fontajau-2\/","name":"El filial del Gran Canaria aterriza en Fontajau - Basquet Girona","isPartOf":{"@id":"https:\/\/basquetgirona.com\/es\/#website"},"datePublished":"2019-10-12T00:00:00+00:00","dateModified":"2025-08-18T08:22:53+00:00","breadcrumb":{"@id":"https:\/\/basquetgirona.com\/es\/noticia\/el-filial-del-gran-canaria-aterriza-en-fontajau-2\/#breadcrumb"},"inLanguage":"es","potentialAction":[{"@type":"ReadAction","target":["https:\/\/basquetgirona.com\/es\/noticia\/el-filial-del-gran-canaria-aterriza-en-fontajau-2\/"]}]},{"@type":"BreadcrumbList","@id":"https:\/\/basquetgirona.com\/es\/noticia\/el-filial-del-gran-canaria-aterriza-en-fontajau-2\/#breadcrumb","itemListElement":[{"@type":"ListItem","position":1,"name":"Inici","item":"https:\/\/basquetgirona.com\/es\/"},{"@type":"ListItem","position":2,"name":"El filial del Gran Canaria aterriza en Fontajau"}]},{"@type":"WebSite","@id":"https:\/\/basquetgirona.com\/es\/#website","url":"https:\/\/basquetgirona.com\/es\/","name":"Basquet Girona","description":"","publisher":{"@id":"https:\/\/basquetgirona.com\/es\/#organization"},"potentialAction":[{"@type":"SearchAction","target":{"@type":"EntryPoint","urlTemplate":"https:\/\/basquetgirona.com\/es\/?s={search_term_string}"},"query-input":"required name=search_term_string"}],"inLanguage":"es"},{"@type":"Organization","@id":"https:\/\/basquetgirona.com\/es\/#organization","name":"Basquet Girona","url":"https:\/\/basquetgirona.com\/es\/","logo":{"@type":"ImageObject","inLanguage":"es","@id":"https:\/\/basquetgirona.com\/es\/#\/schema\/logo\/image\/","url":"https:\/\/basquetgirona.com\/wp-content\/uploads\/2023\/02\/girona-logo1.png","contentUrl":"https:\/\/basquetgirona.com\/wp-content\/uploads\/2023\/02\/girona-logo1.png","width":124,"height":136,"caption":"Basquet Girona"},"image":{"@id":"https:\/\/basquetgirona.com\/es\/#\/schema\/logo\/image\/"},"sameAs":["https:\/\/www.facebook.com\/BasquetGironaOficial","https:\/\/twitter.com\/BasquetGirona","https:\/\/www.instagram.com\/basquetgirona\/","https:\/\/es.linkedin.com\/company\/bsquet-girona","https:\/\/www.tiktok.com\/@basquetgirona"]},{"@type":"Person","@id":"https:\/\/basquetgirona.com\/es\/#\/schema\/person\/23e2f6077a380ef4bcbafe12c1c99532","name":"wp6tems","image":{"@type":"ImageObject","inLanguage":"es","@id":"https:\/\/basquetgirona.com\/es\/#\/schema\/person\/image\/","url":"https:\/\/secure.gravatar.com\/avatar\/bb7e7b41fd75599f16e2481d79259374553199dc2bee29aa20aa615e30729456?s=96&d=mm&r=g","contentUrl":"https:\/\/secure.gravatar.com\/avatar\/bb7e7b41fd75599f16e2481d79259374553199dc2bee29aa20aa615e30729456?s=96&d=mm&r=g","caption":"wp6tems"},"sameAs":["https:\/\/basquetgirona.com"],"url":"https:\/\/basquetgirona.com\/es\/author\/wp6tems\/"}]}},"acf":[],"_links":{"self":[{"href":"https:\/\/basquetgirona.com\/es\/wp-json\/wp\/v2\/noticia\/24346","targetHints":{"allow":["GET"]}}],"collection":[{"href":"https:\/\/basquetgirona.com\/es\/wp-json\/wp\/v2\/noticia"}],"about":[{"href":"https:\/\/basquetgirona.com\/es\/wp-json\/wp\/v2\/types\/noticia"}],"author":[{"embeddable":true,"href":"https:\/\/basquetgirona.com\/es\/wp-json\/wp\/v2\/users\/1"}],"version-history":[{"count":4,"href":"https:\/\/basquetgirona.com\/es\/wp-json\/wp\/v2\/noticia\/24346\/revisions"}],"predecessor-version":[{"id":45151,"href":"https:\/\/basquetgirona.com\/es\/wp-json\/wp\/v2\/noticia\/24346\/revisions\/45151"}],"wp:featuredmedia":[{"embeddable":true,"href":"https:\/\/basquetgirona.com\/es\/wp-json\/wp\/v2\/media\/8129"}],"wp:attachment":[{"href":"https:\/\/basquetgirona.com\/es\/wp-json\/wp\/v2\/media?parent=24346"}],"wp:term":[{"taxonomy":"categoria_noticia","embeddable":true,"href":"https:\/\/basquetgirona.com\/es\/wp-json\/wp\/v2\/categoria_noticia?post=24346"}],"curies":[{"name":"wp","href":"https:\/\/api.w.org\/{rel}","templated":true}]}}