{"id":24379,"date":"2019-10-05T00:00:00","date_gmt":"2019-10-05T00:00:00","guid":{"rendered":"https:\/\/basquetgirona.com\/noticia\/doble-exigencia-2\/"},"modified":"2025-08-06T09:14:09","modified_gmt":"2025-08-06T09:14:09","slug":"doble-exigencia-2","status":"publish","type":"noticia","link":"https:\/\/basquetgirona.com\/es\/noticia\/doble-exigencia-2\/","title":{"rendered":"Doble exigencia"},"content":{"rendered":"<p style=\"text-align: justify;\">La LEB Plata no se detiene. Tras la jornada del mi\u00e9rcoles, la competici\u00f3n de bronce celebrar\u00e1 la cuarta cita del calendario. Los gerundenses, que a\u00fan no conocen la derrota, jugar\u00e1n ante el Bar\u00e7a B el domingo (18:00), uno de los otros dos equipos invictos junto al Real Murcia Baloncesto. El choque contra el conjunto azulgrana llegar\u00e1 despu\u00e9s de la carga f\u00edsica acumulada durante la \u00faltima semana.   <\/p>\n<p style=\"text-align: justify;\">Reci\u00e9n descendido de LEB Oro, el filial del Bar\u00e7a mantiene la continuidad de Diego Ocampo como primer entrenador. La plantilla confeccionada por la direcci\u00f3n deportiva ha seguido la misma filosof\u00eda de siempre con la media de edad m\u00e1s baja y con mayor proyecci\u00f3n de la categor\u00eda. En este grupo destaca la determinaci\u00f3n de Sergi Mart\u00ednez, jugador m\u00e1s valorado de la categor\u00eda (25,33 de valoraci\u00f3n de media). Jaime Fern\u00e1ndez y Juani Marcos son las otras dos piezas referenciales de la confianza de Ocampo cuando Leandro Bolmaro no est\u00e1 en din\u00e1mica de primer equipo. Hasta la tercera jornada, el conjunto barcelon\u00e9s comparte balance con el senior (3-0), manteniendo una l\u00ednea de juego agresiva en defensa y ataque.    <\/p>\n<p style=\"text-align: justify;\">El senior no estar\u00e1 solo en la Ciudad Deportiva Joan Gamper. El club ha organizado un autob\u00fas m\u00e1s la entrada del partido para animar a los hombres entrenados por \u00c0lex Formento a conseguir la cuarta victoria consecutiva. <\/p>\n<p style=\"text-align: justify;\">*Declaraciones de \u00c0lex Formento:<\/p>\n<p style=\"text-align: justify;\">\u201cYa sab\u00edamos que era una semana especial, con una carga f\u00edsica extra, y que la \u00faltima cita ser\u00eda&nbsp; muy exigente. Sin embargo, todos los equipos llegan con estas condiciones. De esta forma, preveo un partido complicado como todos, en la l\u00ednea de esta categor\u00eda, porque nos enfrentamos a un rival que viene de una din\u00e1mica muy positiva y con confianza en su juego\u201d  <\/p>\n<p style=\"text-align: justify;\">\u201cDel rival destacar\u00eda su plantilla de j\u00f3venes talentos con gran proyecci\u00f3n. Son un equipo agresivo en todos los aspectos del juego y tienen una forma de hacer a la que todav\u00eda no nos hemos enfrentado. Un reto dif\u00edcil que encaramos con la m\u00e1xima ambici\u00f3n\u201d<\/p>\n<p style=\"text-align: justify;\">&#8220;Llegamos con la carga f\u00edsica de viaje m\u00e1s la jornada intersemanal, y el desgaste de dos esfuerzos grandes, pero encaramos el partido con la m\u00e1xima ambici\u00f3n y ganas de seguir creciendo como equipo&#8221;<\/p>\n<p style=\"text-align: justify;\"><a href=\"http:\/\/competiciones.feb.es\/estadisticas\/Resultados.aspx?g=2&amp;t=2019\"><span style=\"text-decoration: underline;\">Horario de la 4a jornada de LEB Plata Este<\/span><\/a><\/p>\n<p style=\"text-align: justify;\"><a href=\"http:\/\/competiciones.feb.es\/estadisticas\/Resultados.aspx?g=2&amp;t=2019\"><span style=\"text-decoration: underline;\">Foto: Sergi Geron\u00e8s<\/span><\/a><\/p>\n","protected":false},"excerpt":{"rendered":"<p>El senior se enfrentar\u00e1 al rival m\u00e1s complicado hasta ahora con la carga f\u00edsica de la jornada intersemanal<\/p>\n","protected":false},"author":1,"featured_media":8140,"menu_order":0,"template":"","categoria_noticia":[],"class_list":["post-24379","noticia","type-noticia","status-publish","has-post-thumbnail","hentry"],"yoast_head":"<!-- This site is optimized with the Yoast SEO plugin v22.0 - https:\/\/yoast.com\/wordpress\/plugins\/seo\/ -->\n<title>Doble exigencia - Basquet Girona<\/title>\n<meta name=\"robots\" content=\"index, follow, max-snippet:-1, max-image-preview:large, max-video-preview:-1\" \/>\n<link rel=\"canonical\" href=\"https:\/\/basquetgirona.com\/es\/noticia\/doble-exigencia-2\/\" \/>\n<meta property=\"og:locale\" content=\"es_ES\" \/>\n<meta property=\"og:type\" content=\"article\" \/>\n<meta property=\"og:title\" content=\"Doble exigencia - Basquet Girona\" \/>\n<meta property=\"og:description\" content=\"El senior se enfrentar\u00e1 al rival m\u00e1s complicado hasta ahora con la carga f\u00edsica de la jornada intersemanal\" \/>\n<meta property=\"og:url\" content=\"https:\/\/basquetgirona.com\/es\/noticia\/doble-exigencia-2\/\" \/>\n<meta property=\"og:site_name\" content=\"Basquet Girona\" \/>\n<meta property=\"article:publisher\" content=\"https:\/\/www.facebook.com\/BasquetGironaOficial\" \/>\n<meta property=\"article:modified_time\" content=\"2025-08-06T09:14:09+00:00\" \/>\n<meta property=\"og:image\" content=\"https:\/\/basquetgirona.com\/wp-content\/uploads\/2019\/05\/miniprebara.jpg\" \/>\n\t<meta property=\"og:image:width\" content=\"1\" \/>\n\t<meta property=\"og:image:height\" content=\"1\" \/>\n\t<meta property=\"og:image:type\" content=\"image\/jpeg\" \/>\n<meta name=\"twitter:card\" content=\"summary_large_image\" \/>\n<meta name=\"twitter:site\" content=\"@BasquetGirona\" \/>\n<meta name=\"twitter:label1\" content=\"Tiempo de lectura\" \/>\n\t<meta name=\"twitter:data1\" content=\"2 minutos\" \/>\n<!-- \/ Yoast SEO plugin. -->","yoast_head_json":{"title":"Doble exigencia - Basquet Girona","robots":{"index":"index","follow":"follow","max-snippet":"max-snippet:-1","max-image-preview":"max-image-preview:large","max-video-preview":"max-video-preview:-1"},"canonical":"https:\/\/basquetgirona.com\/es\/noticia\/doble-exigencia-2\/","og_locale":"es_ES","og_type":"article","og_title":"Doble exigencia - Basquet Girona","og_description":"El senior se enfrentar\u00e1 al rival m\u00e1s complicado hasta ahora con la carga f\u00edsica de la jornada intersemanal","og_url":"https:\/\/basquetgirona.com\/es\/noticia\/doble-exigencia-2\/","og_site_name":"Basquet Girona","article_publisher":"https:\/\/www.facebook.com\/BasquetGironaOficial","article_modified_time":"2025-08-06T09:14:09+00:00","og_image":[{"url":"https:\/\/basquetgirona.com\/wp-content\/uploads\/2019\/05\/miniprebara.jpg","width":1,"height":1,"type":"image\/jpeg"}],"twitter_card":"summary_large_image","twitter_site":"@BasquetGirona","twitter_misc":{"Tiempo de lectura":"2 minutos"},"schema":{"@context":"https:\/\/schema.org","@graph":[{"@type":"NewsArticle","@id":"https:\/\/basquetgirona.com\/es\/noticia\/doble-exigencia-2\/#article","isPartOf":{"@id":"https:\/\/basquetgirona.com\/es\/noticia\/doble-exigencia-2\/"},"author":{"name":"wp6tems","@id":"https:\/\/basquetgirona.com\/es\/#\/schema\/person\/23e2f6077a380ef4bcbafe12c1c99532"},"headline":"Doble exigencia","datePublished":"2019-10-05T00:00:00+00:00","dateModified":"2025-08-06T09:14:09+00:00","mainEntityOfPage":{"@id":"https:\/\/basquetgirona.com\/es\/noticia\/doble-exigencia-2\/"},"wordCount":418,"commentCount":0,"publisher":{"@id":"https:\/\/basquetgirona.com\/es\/#organization"},"inLanguage":"es"},{"@type":["WebPage","ItemPage"],"@id":"https:\/\/basquetgirona.com\/es\/noticia\/doble-exigencia-2\/","url":"https:\/\/basquetgirona.com\/es\/noticia\/doble-exigencia-2\/","name":"Doble exigencia - Basquet Girona","isPartOf":{"@id":"https:\/\/basquetgirona.com\/es\/#website"},"datePublished":"2019-10-05T00:00:00+00:00","dateModified":"2025-08-06T09:14:09+00:00","breadcrumb":{"@id":"https:\/\/basquetgirona.com\/es\/noticia\/doble-exigencia-2\/#breadcrumb"},"inLanguage":"es","potentialAction":[{"@type":"ReadAction","target":["https:\/\/basquetgirona.com\/es\/noticia\/doble-exigencia-2\/"]}]},{"@type":"BreadcrumbList","@id":"https:\/\/basquetgirona.com\/es\/noticia\/doble-exigencia-2\/#breadcrumb","itemListElement":[{"@type":"ListItem","position":1,"name":"Inici","item":"https:\/\/basquetgirona.com\/es\/"},{"@type":"ListItem","position":2,"name":"Doble exigencia"}]},{"@type":"WebSite","@id":"https:\/\/basquetgirona.com\/es\/#website","url":"https:\/\/basquetgirona.com\/es\/","name":"Basquet Girona","description":"","publisher":{"@id":"https:\/\/basquetgirona.com\/es\/#organization"},"potentialAction":[{"@type":"SearchAction","target":{"@type":"EntryPoint","urlTemplate":"https:\/\/basquetgirona.com\/es\/?s={search_term_string}"},"query-input":"required name=search_term_string"}],"inLanguage":"es"},{"@type":"Organization","@id":"https:\/\/basquetgirona.com\/es\/#organization","name":"Basquet Girona","url":"https:\/\/basquetgirona.com\/es\/","logo":{"@type":"ImageObject","inLanguage":"es","@id":"https:\/\/basquetgirona.com\/es\/#\/schema\/logo\/image\/","url":"https:\/\/basquetgirona.com\/wp-content\/uploads\/2023\/02\/girona-logo1.png","contentUrl":"https:\/\/basquetgirona.com\/wp-content\/uploads\/2023\/02\/girona-logo1.png","width":124,"height":136,"caption":"Basquet Girona"},"image":{"@id":"https:\/\/basquetgirona.com\/es\/#\/schema\/logo\/image\/"},"sameAs":["https:\/\/www.facebook.com\/BasquetGironaOficial","https:\/\/twitter.com\/BasquetGirona","https:\/\/www.instagram.com\/basquetgirona\/","https:\/\/es.linkedin.com\/company\/bsquet-girona","https:\/\/www.tiktok.com\/@basquetgirona"]},{"@type":"Person","@id":"https:\/\/basquetgirona.com\/es\/#\/schema\/person\/23e2f6077a380ef4bcbafe12c1c99532","name":"wp6tems","image":{"@type":"ImageObject","inLanguage":"es","@id":"https:\/\/basquetgirona.com\/es\/#\/schema\/person\/image\/","url":"https:\/\/secure.gravatar.com\/avatar\/bb7e7b41fd75599f16e2481d79259374553199dc2bee29aa20aa615e30729456?s=96&d=mm&r=g","contentUrl":"https:\/\/secure.gravatar.com\/avatar\/bb7e7b41fd75599f16e2481d79259374553199dc2bee29aa20aa615e30729456?s=96&d=mm&r=g","caption":"wp6tems"},"sameAs":["https:\/\/basquetgirona.com"],"url":"https:\/\/basquetgirona.com\/es\/author\/wp6tems\/"}]}},"acf":[],"_links":{"self":[{"href":"https:\/\/basquetgirona.com\/es\/wp-json\/wp\/v2\/noticia\/24379","targetHints":{"allow":["GET"]}}],"collection":[{"href":"https:\/\/basquetgirona.com\/es\/wp-json\/wp\/v2\/noticia"}],"about":[{"href":"https:\/\/basquetgirona.com\/es\/wp-json\/wp\/v2\/types\/noticia"}],"author":[{"embeddable":true,"href":"https:\/\/basquetgirona.com\/es\/wp-json\/wp\/v2\/users\/1"}],"version-history":[{"count":3,"href":"https:\/\/basquetgirona.com\/es\/wp-json\/wp\/v2\/noticia\/24379\/revisions"}],"predecessor-version":[{"id":45054,"href":"https:\/\/basquetgirona.com\/es\/wp-json\/wp\/v2\/noticia\/24379\/revisions\/45054"}],"wp:featuredmedia":[{"embeddable":true,"href":"https:\/\/basquetgirona.com\/es\/wp-json\/wp\/v2\/media\/8140"}],"wp:attachment":[{"href":"https:\/\/basquetgirona.com\/es\/wp-json\/wp\/v2\/media?parent=24379"}],"wp:term":[{"taxonomy":"categoria_noticia","embeddable":true,"href":"https:\/\/basquetgirona.com\/es\/wp-json\/wp\/v2\/categoria_noticia?post=24379"}],"curies":[{"name":"wp","href":"https:\/\/api.w.org\/{rel}","templated":true}]}}