{"id":24438,"date":"2019-07-05T00:00:00","date_gmt":"2019-07-05T00:00:00","guid":{"rendered":"https:\/\/basquetgirona.com\/noticia\/sergi-costa-renueva-con-el-senior-2\/"},"modified":"2025-03-31T19:36:13","modified_gmt":"2025-03-31T19:36:13","slug":"sergi-costa-renueva-con-el-senior-2","status":"publish","type":"noticia","link":"https:\/\/basquetgirona.com\/es\/noticia\/sergi-costa-renueva-con-el-senior-2\/","title":{"rendered":"Sergi Costa renueva con el senior"},"content":{"rendered":"<p>Sergi Costa V\u00e1zquez (Badalona, \u200b\u200b1996) continuar\u00e1 en la plantilla del senior despu\u00e9s del pase. El base renueva con el club con el af\u00e1n de seguir progresando como jugador y conseguir los objetivos del grupo. Costa es la segunda incorporaci\u00f3n para el pr\u00f3ximo curso despu\u00e9s de Albert S\u00e0bat.  <\/p>\n","protected":false},"excerpt":{"rendered":"<p>El badalon\u00e9s completar\u00e1 la segunda temporada en el club<\/p>\n","protected":false},"author":1,"featured_media":8268,"menu_order":0,"template":"","categoria_noticia":[],"class_list":["post-24438","noticia","type-noticia","status-publish","has-post-thumbnail","hentry"],"yoast_head":"<!-- This site is optimized with the Yoast SEO plugin v22.0 - https:\/\/yoast.com\/wordpress\/plugins\/seo\/ -->\n<title>Sergi Costa renueva con el senior - Basquet Girona<\/title>\n<meta name=\"robots\" content=\"index, follow, max-snippet:-1, max-image-preview:large, max-video-preview:-1\" \/>\n<link rel=\"canonical\" href=\"https:\/\/basquetgirona.com\/es\/noticia\/sergi-costa-renueva-con-el-senior-2\/\" \/>\n<meta property=\"og:locale\" content=\"es_ES\" \/>\n<meta property=\"og:type\" content=\"article\" \/>\n<meta property=\"og:title\" content=\"Sergi Costa renueva con el senior - Basquet Girona\" \/>\n<meta property=\"og:description\" content=\"El badalon\u00e9s completar\u00e1 la segunda temporada en el club\" \/>\n<meta property=\"og:url\" content=\"https:\/\/basquetgirona.com\/es\/noticia\/sergi-costa-renueva-con-el-senior-2\/\" \/>\n<meta property=\"og:site_name\" content=\"Basquet Girona\" \/>\n<meta property=\"article:publisher\" content=\"https:\/\/www.facebook.com\/BasquetGironaOficial\" \/>\n<meta property=\"article:modified_time\" content=\"2025-03-31T19:36:13+00:00\" \/>\n<meta property=\"og:image\" content=\"https:\/\/basquetgirona.com\/wp-content\/uploads\/2019\/05\/costamini.jpg\" \/>\n\t<meta property=\"og:image:width\" content=\"1\" \/>\n\t<meta property=\"og:image:height\" content=\"1\" \/>\n\t<meta property=\"og:image:type\" content=\"image\/jpeg\" \/>\n<meta name=\"twitter:card\" content=\"summary_large_image\" \/>\n<meta name=\"twitter:site\" content=\"@BasquetGirona\" \/>\n<!-- \/ Yoast SEO plugin. -->","yoast_head_json":{"title":"Sergi Costa renueva con el senior - Basquet Girona","robots":{"index":"index","follow":"follow","max-snippet":"max-snippet:-1","max-image-preview":"max-image-preview:large","max-video-preview":"max-video-preview:-1"},"canonical":"https:\/\/basquetgirona.com\/es\/noticia\/sergi-costa-renueva-con-el-senior-2\/","og_locale":"es_ES","og_type":"article","og_title":"Sergi Costa renueva con el senior - Basquet Girona","og_description":"El badalon\u00e9s completar\u00e1 la segunda temporada en el club","og_url":"https:\/\/basquetgirona.com\/es\/noticia\/sergi-costa-renueva-con-el-senior-2\/","og_site_name":"Basquet Girona","article_publisher":"https:\/\/www.facebook.com\/BasquetGironaOficial","article_modified_time":"2025-03-31T19:36:13+00:00","og_image":[{"url":"https:\/\/basquetgirona.com\/wp-content\/uploads\/2019\/05\/costamini.jpg","width":1,"height":1,"type":"image\/jpeg"}],"twitter_card":"summary_large_image","twitter_site":"@BasquetGirona","schema":{"@context":"https:\/\/schema.org","@graph":[{"@type":"NewsArticle","@id":"https:\/\/basquetgirona.com\/es\/noticia\/sergi-costa-renueva-con-el-senior-2\/#article","isPartOf":{"@id":"https:\/\/basquetgirona.com\/es\/noticia\/sergi-costa-renueva-con-el-senior-2\/"},"author":{"name":"wp6tems","@id":"https:\/\/basquetgirona.com\/es\/#\/schema\/person\/23e2f6077a380ef4bcbafe12c1c99532"},"headline":"Sergi Costa renueva con el senior","datePublished":"2019-07-05T00:00:00+00:00","dateModified":"2025-03-31T19:36:13+00:00","mainEntityOfPage":{"@id":"https:\/\/basquetgirona.com\/es\/noticia\/sergi-costa-renueva-con-el-senior-2\/"},"wordCount":59,"commentCount":0,"publisher":{"@id":"https:\/\/basquetgirona.com\/es\/#organization"},"inLanguage":"es"},{"@type":["WebPage","ItemPage"],"@id":"https:\/\/basquetgirona.com\/es\/noticia\/sergi-costa-renueva-con-el-senior-2\/","url":"https:\/\/basquetgirona.com\/es\/noticia\/sergi-costa-renueva-con-el-senior-2\/","name":"Sergi Costa renueva con el senior - Basquet Girona","isPartOf":{"@id":"https:\/\/basquetgirona.com\/es\/#website"},"datePublished":"2019-07-05T00:00:00+00:00","dateModified":"2025-03-31T19:36:13+00:00","breadcrumb":{"@id":"https:\/\/basquetgirona.com\/es\/noticia\/sergi-costa-renueva-con-el-senior-2\/#breadcrumb"},"inLanguage":"es","potentialAction":[{"@type":"ReadAction","target":["https:\/\/basquetgirona.com\/es\/noticia\/sergi-costa-renueva-con-el-senior-2\/"]}]},{"@type":"BreadcrumbList","@id":"https:\/\/basquetgirona.com\/es\/noticia\/sergi-costa-renueva-con-el-senior-2\/#breadcrumb","itemListElement":[{"@type":"ListItem","position":1,"name":"Inici","item":"https:\/\/basquetgirona.com\/es\/"},{"@type":"ListItem","position":2,"name":"Sergi Costa renueva con el senior"}]},{"@type":"WebSite","@id":"https:\/\/basquetgirona.com\/es\/#website","url":"https:\/\/basquetgirona.com\/es\/","name":"Basquet Girona","description":"","publisher":{"@id":"https:\/\/basquetgirona.com\/es\/#organization"},"potentialAction":[{"@type":"SearchAction","target":{"@type":"EntryPoint","urlTemplate":"https:\/\/basquetgirona.com\/es\/?s={search_term_string}"},"query-input":"required name=search_term_string"}],"inLanguage":"es"},{"@type":"Organization","@id":"https:\/\/basquetgirona.com\/es\/#organization","name":"Basquet Girona","url":"https:\/\/basquetgirona.com\/es\/","logo":{"@type":"ImageObject","inLanguage":"es","@id":"https:\/\/basquetgirona.com\/es\/#\/schema\/logo\/image\/","url":"https:\/\/basquetgirona.com\/wp-content\/uploads\/2023\/02\/girona-logo1.png","contentUrl":"https:\/\/basquetgirona.com\/wp-content\/uploads\/2023\/02\/girona-logo1.png","width":124,"height":136,"caption":"Basquet Girona"},"image":{"@id":"https:\/\/basquetgirona.com\/es\/#\/schema\/logo\/image\/"},"sameAs":["https:\/\/www.facebook.com\/BasquetGironaOficial","https:\/\/twitter.com\/BasquetGirona","https:\/\/www.instagram.com\/basquetgirona\/","https:\/\/es.linkedin.com\/company\/bsquet-girona","https:\/\/www.tiktok.com\/@basquetgirona"]},{"@type":"Person","@id":"https:\/\/basquetgirona.com\/es\/#\/schema\/person\/23e2f6077a380ef4bcbafe12c1c99532","name":"wp6tems","image":{"@type":"ImageObject","inLanguage":"es","@id":"https:\/\/basquetgirona.com\/es\/#\/schema\/person\/image\/","url":"https:\/\/secure.gravatar.com\/avatar\/bb7e7b41fd75599f16e2481d79259374553199dc2bee29aa20aa615e30729456?s=96&d=mm&r=g","contentUrl":"https:\/\/secure.gravatar.com\/avatar\/bb7e7b41fd75599f16e2481d79259374553199dc2bee29aa20aa615e30729456?s=96&d=mm&r=g","caption":"wp6tems"},"sameAs":["https:\/\/basquetgirona.com"],"url":"https:\/\/basquetgirona.com\/es\/author\/wp6tems\/"}]}},"acf":[],"_links":{"self":[{"href":"https:\/\/basquetgirona.com\/es\/wp-json\/wp\/v2\/noticia\/24438","targetHints":{"allow":["GET"]}}],"collection":[{"href":"https:\/\/basquetgirona.com\/es\/wp-json\/wp\/v2\/noticia"}],"about":[{"href":"https:\/\/basquetgirona.com\/es\/wp-json\/wp\/v2\/types\/noticia"}],"author":[{"embeddable":true,"href":"https:\/\/basquetgirona.com\/es\/wp-json\/wp\/v2\/users\/1"}],"version-history":[{"count":2,"href":"https:\/\/basquetgirona.com\/es\/wp-json\/wp\/v2\/noticia\/24438\/revisions"}],"predecessor-version":[{"id":29968,"href":"https:\/\/basquetgirona.com\/es\/wp-json\/wp\/v2\/noticia\/24438\/revisions\/29968"}],"wp:featuredmedia":[{"embeddable":true,"href":"https:\/\/basquetgirona.com\/es\/wp-json\/wp\/v2\/media\/8268"}],"wp:attachment":[{"href":"https:\/\/basquetgirona.com\/es\/wp-json\/wp\/v2\/media?parent=24438"}],"wp:term":[{"taxonomy":"categoria_noticia","embeddable":true,"href":"https:\/\/basquetgirona.com\/es\/wp-json\/wp\/v2\/categoria_noticia?post=24438"}],"curies":[{"name":"wp","href":"https:\/\/api.w.org\/{rel}","templated":true}]}}