{"id":24444,"date":"2019-05-17T00:00:00","date_gmt":"2019-05-17T00:00:00","guid":{"rendered":"https:\/\/basquetgirona.com\/noticia\/grupo-autopodium-y-baloncesto-girona-enlazan-sus-caminos\/"},"modified":"2025-01-27T11:00:27","modified_gmt":"2025-01-27T11:00:27","slug":"grupo-autopodium-y-baloncesto-girona-enlazan-sus-caminos","status":"publish","type":"noticia","link":"https:\/\/basquetgirona.com\/es\/noticia\/grupo-autopodium-y-baloncesto-girona-enlazan-sus-caminos\/","title":{"rendered":"Grupo Autopodium y Baloncesto Girona enlazan sus caminos"},"content":{"rendered":"<p>La empresa automovil\u00edstica que act\u00faa en toda la provincia de Girona, unir\u00e1 fuerzas con el club presidido por Marc Gasol y que hace cinco a\u00f1os inici\u00f3 el proyecto deportivo del B\u00e0squet Girona. Grupo Autopodium, con una dilatada experiencia en el sector de automoci\u00f3n de m\u00e1s de 80 a\u00f1os, comparte los valores de seriedad y compromiso hacia la provincia de Girona, al igual que el club gerundense. <\/p>\n<p>Actualmente, la concesionaria de las marcas AUDI, VW Turismos y VW Comerciales, SEAT \u2013 a trav\u00e9s de Proauto \u2013 y Skoda \u2013 a trav\u00e9s de Grupauto \u2013 tiene emplazamientos en Girona, Figueres, Lloret, Olot, Mont Ras (Palafrugell) y Sant Feliu de Guixols con un servicio integral de venta y postventa dispuestos en 70.000 m2 de instalaciones en la provincia.<\/p>\n<p>Adem\u00e1s, gracias a este v\u00ednculo, GrupAutopodium ha cedido uno de sus veh\u00edculos para que sea el oficial del club.<\/p>\n<p>El B\u00e0squet Girona naci\u00f3 hace cinco a\u00f1os bajo los conceptos de compromiso, esfuerzo y metodolog\u00eda. Sobre estos pilares, el club ha ido creciendo con una mirada ambiciosa pero humilde, priorizando el valor del trabajo diario. Desde hace dos temporadas, adem\u00e1s de los seis equipos de base, el club tiene un equipo s\u00e9nior que este a\u00f1o milita en LEB Plata.  <\/p>\n","protected":false},"excerpt":{"rendered":"<p align=\"center\"><em>El Baloncesto Girona tiene un nuevo colaborador: la concesionaria Grup Autopodium  <\/em><\/p>\n","protected":false},"author":1,"featured_media":8295,"menu_order":0,"template":"","categoria_noticia":[],"class_list":["post-24444","noticia","type-noticia","status-publish","has-post-thumbnail","hentry"],"yoast_head":"<!-- This site is optimized with the Yoast SEO plugin v22.0 - https:\/\/yoast.com\/wordpress\/plugins\/seo\/ -->\n<title>Grupo Autopodium y Baloncesto Girona enlazan sus caminos - Basquet Girona<\/title>\n<meta name=\"robots\" content=\"index, follow, max-snippet:-1, max-image-preview:large, max-video-preview:-1\" \/>\n<link rel=\"canonical\" href=\"https:\/\/basquetgirona.com\/es\/noticia\/grupo-autopodium-y-baloncesto-girona-enlazan-sus-caminos\/\" \/>\n<meta property=\"og:locale\" content=\"es_ES\" \/>\n<meta property=\"og:type\" content=\"article\" \/>\n<meta property=\"og:title\" content=\"Grupo Autopodium y Baloncesto Girona enlazan sus caminos - Basquet Girona\" \/>\n<meta property=\"og:description\" content=\"El Baloncesto Girona tiene un nuevo colaborador: la concesionaria Grup Autopodium\" \/>\n<meta property=\"og:url\" content=\"https:\/\/basquetgirona.com\/es\/noticia\/grupo-autopodium-y-baloncesto-girona-enlazan-sus-caminos\/\" \/>\n<meta property=\"og:site_name\" content=\"Basquet Girona\" \/>\n<meta property=\"article:publisher\" content=\"https:\/\/www.facebook.com\/BasquetGironaOficial\" \/>\n<meta property=\"article:modified_time\" content=\"2025-01-27T11:00:27+00:00\" \/>\n<meta property=\"og:image\" content=\"https:\/\/basquetgirona.com\/wp-content\/uploads\/2023\/09\/miniautopodium.jpg\" \/>\n\t<meta property=\"og:image:width\" content=\"1\" \/>\n\t<meta property=\"og:image:height\" content=\"1\" \/>\n\t<meta property=\"og:image:type\" content=\"image\/jpeg\" \/>\n<meta name=\"twitter:card\" content=\"summary_large_image\" \/>\n<meta name=\"twitter:site\" content=\"@BasquetGirona\" \/>\n<meta name=\"twitter:label1\" content=\"Tiempo de lectura\" \/>\n\t<meta name=\"twitter:data1\" content=\"1 minuto\" \/>\n<!-- \/ Yoast SEO plugin. -->","yoast_head_json":{"title":"Grupo Autopodium y Baloncesto Girona enlazan sus caminos - Basquet Girona","robots":{"index":"index","follow":"follow","max-snippet":"max-snippet:-1","max-image-preview":"max-image-preview:large","max-video-preview":"max-video-preview:-1"},"canonical":"https:\/\/basquetgirona.com\/es\/noticia\/grupo-autopodium-y-baloncesto-girona-enlazan-sus-caminos\/","og_locale":"es_ES","og_type":"article","og_title":"Grupo Autopodium y Baloncesto Girona enlazan sus caminos - Basquet Girona","og_description":"El Baloncesto Girona tiene un nuevo colaborador: la concesionaria Grup Autopodium","og_url":"https:\/\/basquetgirona.com\/es\/noticia\/grupo-autopodium-y-baloncesto-girona-enlazan-sus-caminos\/","og_site_name":"Basquet Girona","article_publisher":"https:\/\/www.facebook.com\/BasquetGironaOficial","article_modified_time":"2025-01-27T11:00:27+00:00","og_image":[{"url":"https:\/\/basquetgirona.com\/wp-content\/uploads\/2023\/09\/miniautopodium.jpg","width":1,"height":1,"type":"image\/jpeg"}],"twitter_card":"summary_large_image","twitter_site":"@BasquetGirona","twitter_misc":{"Tiempo de lectura":"1 minuto"},"schema":{"@context":"https:\/\/schema.org","@graph":[{"@type":"NewsArticle","@id":"https:\/\/basquetgirona.com\/es\/noticia\/grupo-autopodium-y-baloncesto-girona-enlazan-sus-caminos\/#article","isPartOf":{"@id":"https:\/\/basquetgirona.com\/es\/noticia\/grupo-autopodium-y-baloncesto-girona-enlazan-sus-caminos\/"},"author":{"name":"wp6tems","@id":"https:\/\/basquetgirona.com\/es\/#\/schema\/person\/23e2f6077a380ef4bcbafe12c1c99532"},"headline":"Grupo Autopodium y Baloncesto Girona enlazan sus caminos","datePublished":"2019-05-17T00:00:00+00:00","dateModified":"2025-01-27T11:00:27+00:00","mainEntityOfPage":{"@id":"https:\/\/basquetgirona.com\/es\/noticia\/grupo-autopodium-y-baloncesto-girona-enlazan-sus-caminos\/"},"wordCount":223,"commentCount":0,"publisher":{"@id":"https:\/\/basquetgirona.com\/es\/#organization"},"inLanguage":"es"},{"@type":["WebPage","ItemPage"],"@id":"https:\/\/basquetgirona.com\/es\/noticia\/grupo-autopodium-y-baloncesto-girona-enlazan-sus-caminos\/","url":"https:\/\/basquetgirona.com\/es\/noticia\/grupo-autopodium-y-baloncesto-girona-enlazan-sus-caminos\/","name":"Grupo Autopodium y Baloncesto Girona enlazan sus caminos - Basquet Girona","isPartOf":{"@id":"https:\/\/basquetgirona.com\/es\/#website"},"datePublished":"2019-05-17T00:00:00+00:00","dateModified":"2025-01-27T11:00:27+00:00","breadcrumb":{"@id":"https:\/\/basquetgirona.com\/es\/noticia\/grupo-autopodium-y-baloncesto-girona-enlazan-sus-caminos\/#breadcrumb"},"inLanguage":"es","potentialAction":[{"@type":"ReadAction","target":["https:\/\/basquetgirona.com\/es\/noticia\/grupo-autopodium-y-baloncesto-girona-enlazan-sus-caminos\/"]}]},{"@type":"BreadcrumbList","@id":"https:\/\/basquetgirona.com\/es\/noticia\/grupo-autopodium-y-baloncesto-girona-enlazan-sus-caminos\/#breadcrumb","itemListElement":[{"@type":"ListItem","position":1,"name":"Inici","item":"https:\/\/basquetgirona.com\/es\/"},{"@type":"ListItem","position":2,"name":"Grupo Autopodium y Baloncesto Girona enlazan sus caminos"}]},{"@type":"WebSite","@id":"https:\/\/basquetgirona.com\/es\/#website","url":"https:\/\/basquetgirona.com\/es\/","name":"Basquet Girona","description":"","publisher":{"@id":"https:\/\/basquetgirona.com\/es\/#organization"},"potentialAction":[{"@type":"SearchAction","target":{"@type":"EntryPoint","urlTemplate":"https:\/\/basquetgirona.com\/es\/?s={search_term_string}"},"query-input":"required name=search_term_string"}],"inLanguage":"es"},{"@type":"Organization","@id":"https:\/\/basquetgirona.com\/es\/#organization","name":"Basquet Girona","url":"https:\/\/basquetgirona.com\/es\/","logo":{"@type":"ImageObject","inLanguage":"es","@id":"https:\/\/basquetgirona.com\/es\/#\/schema\/logo\/image\/","url":"https:\/\/basquetgirona.com\/wp-content\/uploads\/2023\/02\/girona-logo1.png","contentUrl":"https:\/\/basquetgirona.com\/wp-content\/uploads\/2023\/02\/girona-logo1.png","width":124,"height":136,"caption":"Basquet Girona"},"image":{"@id":"https:\/\/basquetgirona.com\/es\/#\/schema\/logo\/image\/"},"sameAs":["https:\/\/www.facebook.com\/BasquetGironaOficial","https:\/\/twitter.com\/BasquetGirona","https:\/\/www.instagram.com\/basquetgirona\/","https:\/\/es.linkedin.com\/company\/bsquet-girona","https:\/\/www.tiktok.com\/@basquetgirona"]},{"@type":"Person","@id":"https:\/\/basquetgirona.com\/es\/#\/schema\/person\/23e2f6077a380ef4bcbafe12c1c99532","name":"wp6tems","image":{"@type":"ImageObject","inLanguage":"es","@id":"https:\/\/basquetgirona.com\/es\/#\/schema\/person\/image\/","url":"https:\/\/secure.gravatar.com\/avatar\/bb7e7b41fd75599f16e2481d79259374553199dc2bee29aa20aa615e30729456?s=96&d=mm&r=g","contentUrl":"https:\/\/secure.gravatar.com\/avatar\/bb7e7b41fd75599f16e2481d79259374553199dc2bee29aa20aa615e30729456?s=96&d=mm&r=g","caption":"wp6tems"},"sameAs":["https:\/\/basquetgirona.com"],"url":"https:\/\/basquetgirona.com\/es\/author\/wp6tems\/"}]}},"acf":[],"_links":{"self":[{"href":"https:\/\/basquetgirona.com\/es\/wp-json\/wp\/v2\/noticia\/24444","targetHints":{"allow":["GET"]}}],"collection":[{"href":"https:\/\/basquetgirona.com\/es\/wp-json\/wp\/v2\/noticia"}],"about":[{"href":"https:\/\/basquetgirona.com\/es\/wp-json\/wp\/v2\/types\/noticia"}],"author":[{"embeddable":true,"href":"https:\/\/basquetgirona.com\/es\/wp-json\/wp\/v2\/users\/1"}],"version-history":[{"count":2,"href":"https:\/\/basquetgirona.com\/es\/wp-json\/wp\/v2\/noticia\/24444\/revisions"}],"predecessor-version":[{"id":29973,"href":"https:\/\/basquetgirona.com\/es\/wp-json\/wp\/v2\/noticia\/24444\/revisions\/29973"}],"wp:featuredmedia":[{"embeddable":true,"href":"https:\/\/basquetgirona.com\/es\/wp-json\/wp\/v2\/media\/8295"}],"wp:attachment":[{"href":"https:\/\/basquetgirona.com\/es\/wp-json\/wp\/v2\/media?parent=24444"}],"wp:term":[{"taxonomy":"categoria_noticia","embeddable":true,"href":"https:\/\/basquetgirona.com\/es\/wp-json\/wp\/v2\/categoria_noticia?post=24444"}],"curies":[{"name":"wp","href":"https:\/\/api.w.org\/{rel}","templated":true}]}}