{"id":24539,"date":"2019-01-16T00:00:00","date_gmt":"2019-01-16T00:00:00","guid":{"rendered":"https:\/\/basquetgirona.com\/noticia\/fiatc-seguros-se-une-al-baloncesto-girona\/"},"modified":"2026-02-11T12:11:12","modified_gmt":"2026-02-11T12:11:12","slug":"fiatc-seguros-se-une-al-baloncesto-girona","status":"publish","type":"noticia","link":"https:\/\/basquetgirona.com\/es\/noticia\/fiatc-seguros-se-une-al-baloncesto-girona\/","title":{"rendered":"FIATC seguros se une al Baloncesto Girona"},"content":{"rendered":"<p>La mutua FIATC Seguros se une al Baloncesto Girona como partner del proyecto que se cre\u00f3 hace cinco a\u00f1os en Girona de la mano de Marc Gasol y un equipo aferrido a su idea. FIATC, que tiene oficinas en Girona y Banyoles, se suma al proyecto gerundense por su condici\u00f3n local y porque comparte y tiene el deseo de promover los valores del club. Unos valores que la empresa ha defendido a lo largo de su historia, apoyando al deporte base y de \u00e9lite para potenciar aspectos como el trabajo en equipo, el esfuerzo y la superaci\u00f3n que aporta a la sociedad.  &nbsp;<\/p>\n<p>FIATC, la primera mutua en Catalu\u00f1a, fue fundada en 1930 y ofrece seguros para todos los \u00e1mbitos de la vida de las personas: salud, vida, ahorro, hogar, jubilaci\u00f3n, decesos, autom\u00f3vil, comercio, as\u00ed como seguros industriales, planes de pensiones y seguros de ocio para embarcaciones, caballos y asistencia en viaje.<\/p>\n<p>El B\u00e0squet Girona naci\u00f3 hace cinco a\u00f1os con el objetivo de que los j\u00f3venes valores de la demarcaci\u00f3n puedan desarrollar su talento y alcanzar todo su potencial en Girona. Desde hace dos temporadas, adem\u00e1s de los seis equipos de base, el club cuenta con un equipo senior que este a\u00f1o milita en LEB Plata bajo las \u00f3rdenes de Quim Costa.&nbsp;<\/p>\n","protected":false},"excerpt":{"rendered":"<p style=\"text-align: left;\" align=\"center\"><em>La aseguradora y el club gerundense han llegado a un acuerdo de colaboraci\u00f3n para las pr\u00f3ximas dos temporadas<\/em><\/p>\n","protected":false},"author":1,"featured_media":8532,"menu_order":0,"template":"","categoria_noticia":[],"class_list":["post-24539","noticia","type-noticia","status-publish","has-post-thumbnail","hentry"],"yoast_head":"<!-- This site is optimized with the Yoast SEO plugin v22.0 - https:\/\/yoast.com\/wordpress\/plugins\/seo\/ -->\n<title>FIATC seguros se une al Baloncesto Girona - Basquet Girona<\/title>\n<meta name=\"robots\" content=\"index, follow, max-snippet:-1, max-image-preview:large, max-video-preview:-1\" \/>\n<link rel=\"canonical\" href=\"https:\/\/basquetgirona.com\/es\/noticia\/fiatc-seguros-se-une-al-baloncesto-girona\/\" \/>\n<meta property=\"og:locale\" content=\"es_ES\" \/>\n<meta property=\"og:type\" content=\"article\" \/>\n<meta property=\"og:title\" content=\"FIATC seguros se une al Baloncesto Girona - Basquet Girona\" \/>\n<meta property=\"og:description\" content=\"La aseguradora y el club gerundense han llegado a un acuerdo de colaboraci\u00f3n para las pr\u00f3ximas dos temporadas\" \/>\n<meta property=\"og:url\" content=\"https:\/\/basquetgirona.com\/es\/noticia\/fiatc-seguros-se-une-al-baloncesto-girona\/\" \/>\n<meta property=\"og:site_name\" content=\"Basquet Girona\" \/>\n<meta property=\"article:publisher\" content=\"https:\/\/www.facebook.com\/BasquetGironaOficial\" \/>\n<meta property=\"article:modified_time\" content=\"2026-02-11T12:11:12+00:00\" \/>\n<meta property=\"og:image\" content=\"https:\/\/basquetgirona.com\/wp-content\/uploads\/2023\/09\/BG_SergiGerones_petita.jpg\" \/>\n\t<meta property=\"og:image:width\" content=\"1\" \/>\n\t<meta property=\"og:image:height\" content=\"1\" \/>\n\t<meta property=\"og:image:type\" content=\"image\/jpeg\" \/>\n<meta name=\"twitter:card\" content=\"summary_large_image\" \/>\n<meta name=\"twitter:site\" content=\"@BasquetGirona\" \/>\n<meta name=\"twitter:label1\" content=\"Tiempo de lectura\" \/>\n\t<meta name=\"twitter:data1\" content=\"1 minuto\" \/>\n<!-- \/ Yoast SEO plugin. -->","yoast_head_json":{"title":"FIATC seguros se une al Baloncesto Girona - Basquet Girona","robots":{"index":"index","follow":"follow","max-snippet":"max-snippet:-1","max-image-preview":"max-image-preview:large","max-video-preview":"max-video-preview:-1"},"canonical":"https:\/\/basquetgirona.com\/es\/noticia\/fiatc-seguros-se-une-al-baloncesto-girona\/","og_locale":"es_ES","og_type":"article","og_title":"FIATC seguros se une al Baloncesto Girona - Basquet Girona","og_description":"La aseguradora y el club gerundense han llegado a un acuerdo de colaboraci\u00f3n para las pr\u00f3ximas dos temporadas","og_url":"https:\/\/basquetgirona.com\/es\/noticia\/fiatc-seguros-se-une-al-baloncesto-girona\/","og_site_name":"Basquet Girona","article_publisher":"https:\/\/www.facebook.com\/BasquetGironaOficial","article_modified_time":"2026-02-11T12:11:12+00:00","og_image":[{"url":"https:\/\/basquetgirona.com\/wp-content\/uploads\/2023\/09\/BG_SergiGerones_petita.jpg","width":1,"height":1,"type":"image\/jpeg"}],"twitter_card":"summary_large_image","twitter_site":"@BasquetGirona","twitter_misc":{"Tiempo de lectura":"1 minuto"},"schema":{"@context":"https:\/\/schema.org","@graph":[{"@type":"NewsArticle","@id":"https:\/\/basquetgirona.com\/es\/noticia\/fiatc-seguros-se-une-al-baloncesto-girona\/#article","isPartOf":{"@id":"https:\/\/basquetgirona.com\/es\/noticia\/fiatc-seguros-se-une-al-baloncesto-girona\/"},"author":{"name":"wp6tems","@id":"https:\/\/basquetgirona.com\/es\/#\/schema\/person\/23e2f6077a380ef4bcbafe12c1c99532"},"headline":"FIATC seguros se une al Baloncesto Girona","datePublished":"2019-01-16T00:00:00+00:00","dateModified":"2026-02-11T12:11:12+00:00","mainEntityOfPage":{"@id":"https:\/\/basquetgirona.com\/es\/noticia\/fiatc-seguros-se-une-al-baloncesto-girona\/"},"wordCount":231,"commentCount":0,"publisher":{"@id":"https:\/\/basquetgirona.com\/es\/#organization"},"inLanguage":"es"},{"@type":["WebPage","ItemPage"],"@id":"https:\/\/basquetgirona.com\/es\/noticia\/fiatc-seguros-se-une-al-baloncesto-girona\/","url":"https:\/\/basquetgirona.com\/es\/noticia\/fiatc-seguros-se-une-al-baloncesto-girona\/","name":"FIATC seguros se une al Baloncesto Girona - Basquet Girona","isPartOf":{"@id":"https:\/\/basquetgirona.com\/es\/#website"},"datePublished":"2019-01-16T00:00:00+00:00","dateModified":"2026-02-11T12:11:12+00:00","breadcrumb":{"@id":"https:\/\/basquetgirona.com\/es\/noticia\/fiatc-seguros-se-une-al-baloncesto-girona\/#breadcrumb"},"inLanguage":"es","potentialAction":[{"@type":"ReadAction","target":["https:\/\/basquetgirona.com\/es\/noticia\/fiatc-seguros-se-une-al-baloncesto-girona\/"]}]},{"@type":"BreadcrumbList","@id":"https:\/\/basquetgirona.com\/es\/noticia\/fiatc-seguros-se-une-al-baloncesto-girona\/#breadcrumb","itemListElement":[{"@type":"ListItem","position":1,"name":"Inici","item":"https:\/\/basquetgirona.com\/es\/"},{"@type":"ListItem","position":2,"name":"FIATC seguros se une al Baloncesto Girona"}]},{"@type":"WebSite","@id":"https:\/\/basquetgirona.com\/es\/#website","url":"https:\/\/basquetgirona.com\/es\/","name":"Basquet Girona","description":"","publisher":{"@id":"https:\/\/basquetgirona.com\/es\/#organization"},"potentialAction":[{"@type":"SearchAction","target":{"@type":"EntryPoint","urlTemplate":"https:\/\/basquetgirona.com\/es\/?s={search_term_string}"},"query-input":"required name=search_term_string"}],"inLanguage":"es"},{"@type":"Organization","@id":"https:\/\/basquetgirona.com\/es\/#organization","name":"Basquet Girona","url":"https:\/\/basquetgirona.com\/es\/","logo":{"@type":"ImageObject","inLanguage":"es","@id":"https:\/\/basquetgirona.com\/es\/#\/schema\/logo\/image\/","url":"https:\/\/basquetgirona.com\/wp-content\/uploads\/2023\/02\/girona-logo1.png","contentUrl":"https:\/\/basquetgirona.com\/wp-content\/uploads\/2023\/02\/girona-logo1.png","width":124,"height":136,"caption":"Basquet Girona"},"image":{"@id":"https:\/\/basquetgirona.com\/es\/#\/schema\/logo\/image\/"},"sameAs":["https:\/\/www.facebook.com\/BasquetGironaOficial","https:\/\/twitter.com\/BasquetGirona","https:\/\/www.instagram.com\/basquetgirona\/","https:\/\/es.linkedin.com\/company\/bsquet-girona","https:\/\/www.tiktok.com\/@basquetgirona"]},{"@type":"Person","@id":"https:\/\/basquetgirona.com\/es\/#\/schema\/person\/23e2f6077a380ef4bcbafe12c1c99532","name":"wp6tems","image":{"@type":"ImageObject","inLanguage":"es","@id":"https:\/\/basquetgirona.com\/es\/#\/schema\/person\/image\/","url":"https:\/\/secure.gravatar.com\/avatar\/bb7e7b41fd75599f16e2481d79259374553199dc2bee29aa20aa615e30729456?s=96&d=mm&r=g","contentUrl":"https:\/\/secure.gravatar.com\/avatar\/bb7e7b41fd75599f16e2481d79259374553199dc2bee29aa20aa615e30729456?s=96&d=mm&r=g","caption":"wp6tems"},"sameAs":["https:\/\/basquetgirona.com"],"url":"https:\/\/basquetgirona.com\/es\/author\/wp6tems\/"}]}},"acf":[],"_links":{"self":[{"href":"https:\/\/basquetgirona.com\/es\/wp-json\/wp\/v2\/noticia\/24539","targetHints":{"allow":["GET"]}}],"collection":[{"href":"https:\/\/basquetgirona.com\/es\/wp-json\/wp\/v2\/noticia"}],"about":[{"href":"https:\/\/basquetgirona.com\/es\/wp-json\/wp\/v2\/types\/noticia"}],"author":[{"embeddable":true,"href":"https:\/\/basquetgirona.com\/es\/wp-json\/wp\/v2\/users\/1"}],"version-history":[{"count":5,"href":"https:\/\/basquetgirona.com\/es\/wp-json\/wp\/v2\/noticia\/24539\/revisions"}],"predecessor-version":[{"id":55342,"href":"https:\/\/basquetgirona.com\/es\/wp-json\/wp\/v2\/noticia\/24539\/revisions\/55342"}],"wp:featuredmedia":[{"embeddable":true,"href":"https:\/\/basquetgirona.com\/es\/wp-json\/wp\/v2\/media\/8532"}],"wp:attachment":[{"href":"https:\/\/basquetgirona.com\/es\/wp-json\/wp\/v2\/media?parent=24539"}],"wp:term":[{"taxonomy":"categoria_noticia","embeddable":true,"href":"https:\/\/basquetgirona.com\/es\/wp-json\/wp\/v2\/categoria_noticia?post=24539"}],"curies":[{"name":"wp","href":"https:\/\/api.w.org\/{rel}","templated":true}]}}