{"id":24569,"date":"2019-01-11T00:00:00","date_gmt":"2019-01-11T00:00:00","guid":{"rendered":"https:\/\/basquetgirona.com\/noticia\/asalto-dificil-2\/"},"modified":"2026-02-11T12:11:13","modified_gmt":"2026-02-11T12:11:13","slug":"asalto-dificil-2","status":"publish","type":"noticia","link":"https:\/\/basquetgirona.com\/es\/noticia\/asalto-dificil-2\/","title":{"rendered":"Asalto dif\u00edcil"},"content":{"rendered":"<p style=\"text-align: justify;\">Tras el tropiezo de la semana pasada, el equipo entrenado por Quim Costa ya ha pasado p\u00e1gina, ya que la liga no se detiene y cada partido es importante. El Baloncesto Girona se desplazar\u00e1 a tierras manchegas para enfrentarse al Afanion CB Almansa, un rival con el que ya jug\u00f3 hace dos meses y con el que perdi\u00f3 por 46 &#8211; 66. <\/p>\n<p style=\"text-align: justify;\">Ahora, diez partidos despu\u00e9s, ambos equipos se encuentran empatados en la tabla clasificatoria con el mismo balance de victorias y derrotas (10 &#8211; 6). Tan unos como otros son mejores equipos fuera de casa \u2013 s\u00f3lo han perdido dos&nbsp; partidos \u2013 y en casa se han mostrado m\u00e1s irregulares \u2013 cuatro victorias y cuatro derrotas \u2013. Todo&nbsp; y as\u00ed, el equipo entrenado por Rub\u00e9n Perell\u00f3 exigir\u00e1 la mejor versi\u00f3n gerundense, ya que en los dos \u00faltimos partidos como local, el equipo manchego ha derrotado al Azuqueca y al CB Vic.  <\/p>\n<p style=\"text-align: justify;\">No s\u00f3lo el Girona tendr\u00e1 un nuevo jugador respecto al partido de ida (Jordi Trias lleg\u00f3 cuatro jornadas despu\u00e9s), el equipo de Castilla-La Mancha tambi\u00e9n ha cambiado ligeramente la plantilla. Adem\u00e1s, ambos fichajes tienen dos datos en com\u00fan, vienen de un conjunto de LEB Oro y son catalanes. Son Gerard Blat, que inici\u00f3 la temporada con El Prat, y Nil Bri\u00e0, ex-jugador del For\u00e7a Lleida. El \u00faltimo viene para suplir la baja de Carlos Cerd\u00e1n, quien ha rescindido su contrato por motivos personales.   <\/p>\n<p style=\"text-align: justify;\">Aparte de las dos nuevas incorporaciones, deber\u00e1 tenerse en cuenta al brit\u00e1nico Rowell Graham Bell (12&#8217;4 puntos y 14&#8217;4 de valoraci\u00f3n) y al p\u00edvot estadounidense Thomas Granado (14 puntos, 7 rebotes y 15 de valoraci\u00f3n) por partido) que, de hecho, ya fueron los mejores jugadores en el partido de ida con 15 de valoraci\u00f3n cada uno.<\/p>\n<p style=\"text-align: justify;\">&nbsp;<\/p>\n<p style=\"text-align: justify;\">*Valoraci\u00f3n de Quim Costa:&nbsp;&nbsp;&nbsp;&nbsp;&nbsp;&nbsp;&nbsp;&nbsp;&nbsp;&nbsp;&nbsp;&nbsp;&nbsp;&nbsp;&nbsp;&nbsp;&nbsp;&nbsp;&nbsp;<\/p>\n<p style=\"text-align: justify;\">\u201c<em>Tenemos ganas de este partido por rectificar los errores del encuentro del otro d\u00eda. Sin embargo, necesitaremos tener la mentalidad adecuada y concentraci\u00f3n para optar a ganar\u201d. <\/em><\/p>\n<p style=\"text-align: justify;\"><em>\u201cEn el partido de ida nos presentaron situaciones t\u00e1cticas en las que no est\u00e1bamos preparados. Ma\u00f1ana, si espero que lo estemos, puesto que hemos trabajado\u201d.<\/em><\/p>\n<p style=\"text-align: justify;\"><a href=\"http:\/\/competiciones.feb.es\/estadisticas\/Resultados.aspx?g=2&amp;t=2018\"><span style=\"text-decoration: underline;\">Horarios y clasificaci\u00f3n de la 17\u00aa jornada<\/span><\/a><\/p>\n<p style=\"text-align: justify;\">&nbsp;<\/p>\n<p style=\"text-align: justify;\">Foto: Sergi Geron\u00e8s<\/p>\n","protected":false},"excerpt":{"rendered":"<p style=\"text-align: justify;\" align=\"center\">El B\u00e0squet Girona jugar\u00e1 ma\u00f1ana (19.00h) en la pista del Afanion CB Almansa, con el que va empatado en la clasificaci\u00f3n, para reanudar el camino de la victoria<\/p>\n","protected":false},"author":1,"featured_media":8540,"menu_order":0,"template":"","categoria_noticia":[],"class_list":["post-24569","noticia","type-noticia","status-publish","has-post-thumbnail","hentry"],"yoast_head":"<!-- This site is optimized with the Yoast SEO plugin v22.0 - https:\/\/yoast.com\/wordpress\/plugins\/seo\/ -->\n<title>Asalto dif\u00edcil - Basquet Girona<\/title>\n<meta name=\"robots\" content=\"index, follow, max-snippet:-1, max-image-preview:large, max-video-preview:-1\" \/>\n<link rel=\"canonical\" href=\"https:\/\/basquetgirona.com\/es\/noticia\/asalto-dificil-2\/\" \/>\n<meta property=\"og:locale\" content=\"es_ES\" \/>\n<meta property=\"og:type\" content=\"article\" \/>\n<meta property=\"og:title\" content=\"Asalto dif\u00edcil - Basquet Girona\" \/>\n<meta property=\"og:description\" content=\"El B\u00e0squet Girona jugar\u00e1 ma\u00f1ana (19.00h) en la pista del Afanion CB Almansa, con el que va empatado en la clasificaci\u00f3n, para reanudar el camino de la victoria\" \/>\n<meta property=\"og:url\" content=\"https:\/\/basquetgirona.com\/es\/noticia\/asalto-dificil-2\/\" \/>\n<meta property=\"og:site_name\" content=\"Basquet Girona\" \/>\n<meta property=\"article:publisher\" content=\"https:\/\/www.facebook.com\/BasquetGironaOficial\" \/>\n<meta property=\"article:modified_time\" content=\"2026-02-11T12:11:13+00:00\" \/>\n<meta property=\"og:image\" content=\"https:\/\/basquetgirona.com\/wp-content\/uploads\/2019\/11\/almansamini.jpg\" \/>\n\t<meta property=\"og:image:width\" content=\"1\" \/>\n\t<meta property=\"og:image:height\" content=\"1\" \/>\n\t<meta property=\"og:image:type\" content=\"image\/jpeg\" \/>\n<meta name=\"twitter:card\" content=\"summary_large_image\" \/>\n<meta name=\"twitter:site\" content=\"@BasquetGirona\" \/>\n<meta name=\"twitter:label1\" content=\"Tiempo de lectura\" \/>\n\t<meta name=\"twitter:data1\" content=\"2 minutos\" \/>\n<!-- \/ Yoast SEO plugin. -->","yoast_head_json":{"title":"Asalto dif\u00edcil - Basquet Girona","robots":{"index":"index","follow":"follow","max-snippet":"max-snippet:-1","max-image-preview":"max-image-preview:large","max-video-preview":"max-video-preview:-1"},"canonical":"https:\/\/basquetgirona.com\/es\/noticia\/asalto-dificil-2\/","og_locale":"es_ES","og_type":"article","og_title":"Asalto dif\u00edcil - Basquet Girona","og_description":"El B\u00e0squet Girona jugar\u00e1 ma\u00f1ana (19.00h) en la pista del Afanion CB Almansa, con el que va empatado en la clasificaci\u00f3n, para reanudar el camino de la victoria","og_url":"https:\/\/basquetgirona.com\/es\/noticia\/asalto-dificil-2\/","og_site_name":"Basquet Girona","article_publisher":"https:\/\/www.facebook.com\/BasquetGironaOficial","article_modified_time":"2026-02-11T12:11:13+00:00","og_image":[{"url":"https:\/\/basquetgirona.com\/wp-content\/uploads\/2019\/11\/almansamini.jpg","width":1,"height":1,"type":"image\/jpeg"}],"twitter_card":"summary_large_image","twitter_site":"@BasquetGirona","twitter_misc":{"Tiempo de lectura":"2 minutos"},"schema":{"@context":"https:\/\/schema.org","@graph":[{"@type":"NewsArticle","@id":"https:\/\/basquetgirona.com\/es\/noticia\/asalto-dificil-2\/#article","isPartOf":{"@id":"https:\/\/basquetgirona.com\/es\/noticia\/asalto-dificil-2\/"},"author":{"name":"wp6tems","@id":"https:\/\/basquetgirona.com\/es\/#\/schema\/person\/23e2f6077a380ef4bcbafe12c1c99532"},"headline":"Asalto dif\u00edcil","datePublished":"2019-01-11T00:00:00+00:00","dateModified":"2026-02-11T12:11:13+00:00","mainEntityOfPage":{"@id":"https:\/\/basquetgirona.com\/es\/noticia\/asalto-dificil-2\/"},"wordCount":396,"commentCount":0,"publisher":{"@id":"https:\/\/basquetgirona.com\/es\/#organization"},"inLanguage":"es"},{"@type":["WebPage","ItemPage"],"@id":"https:\/\/basquetgirona.com\/es\/noticia\/asalto-dificil-2\/","url":"https:\/\/basquetgirona.com\/es\/noticia\/asalto-dificil-2\/","name":"Asalto dif\u00edcil - Basquet Girona","isPartOf":{"@id":"https:\/\/basquetgirona.com\/es\/#website"},"datePublished":"2019-01-11T00:00:00+00:00","dateModified":"2026-02-11T12:11:13+00:00","breadcrumb":{"@id":"https:\/\/basquetgirona.com\/es\/noticia\/asalto-dificil-2\/#breadcrumb"},"inLanguage":"es","potentialAction":[{"@type":"ReadAction","target":["https:\/\/basquetgirona.com\/es\/noticia\/asalto-dificil-2\/"]}]},{"@type":"BreadcrumbList","@id":"https:\/\/basquetgirona.com\/es\/noticia\/asalto-dificil-2\/#breadcrumb","itemListElement":[{"@type":"ListItem","position":1,"name":"Inici","item":"https:\/\/basquetgirona.com\/es\/"},{"@type":"ListItem","position":2,"name":"Asalto dif\u00edcil"}]},{"@type":"WebSite","@id":"https:\/\/basquetgirona.com\/es\/#website","url":"https:\/\/basquetgirona.com\/es\/","name":"Basquet Girona","description":"","publisher":{"@id":"https:\/\/basquetgirona.com\/es\/#organization"},"potentialAction":[{"@type":"SearchAction","target":{"@type":"EntryPoint","urlTemplate":"https:\/\/basquetgirona.com\/es\/?s={search_term_string}"},"query-input":"required name=search_term_string"}],"inLanguage":"es"},{"@type":"Organization","@id":"https:\/\/basquetgirona.com\/es\/#organization","name":"Basquet Girona","url":"https:\/\/basquetgirona.com\/es\/","logo":{"@type":"ImageObject","inLanguage":"es","@id":"https:\/\/basquetgirona.com\/es\/#\/schema\/logo\/image\/","url":"https:\/\/basquetgirona.com\/wp-content\/uploads\/2023\/02\/girona-logo1.png","contentUrl":"https:\/\/basquetgirona.com\/wp-content\/uploads\/2023\/02\/girona-logo1.png","width":124,"height":136,"caption":"Basquet Girona"},"image":{"@id":"https:\/\/basquetgirona.com\/es\/#\/schema\/logo\/image\/"},"sameAs":["https:\/\/www.facebook.com\/BasquetGironaOficial","https:\/\/twitter.com\/BasquetGirona","https:\/\/www.instagram.com\/basquetgirona\/","https:\/\/es.linkedin.com\/company\/bsquet-girona","https:\/\/www.tiktok.com\/@basquetgirona"]},{"@type":"Person","@id":"https:\/\/basquetgirona.com\/es\/#\/schema\/person\/23e2f6077a380ef4bcbafe12c1c99532","name":"wp6tems","image":{"@type":"ImageObject","inLanguage":"es","@id":"https:\/\/basquetgirona.com\/es\/#\/schema\/person\/image\/","url":"https:\/\/secure.gravatar.com\/avatar\/bb7e7b41fd75599f16e2481d79259374553199dc2bee29aa20aa615e30729456?s=96&d=mm&r=g","contentUrl":"https:\/\/secure.gravatar.com\/avatar\/bb7e7b41fd75599f16e2481d79259374553199dc2bee29aa20aa615e30729456?s=96&d=mm&r=g","caption":"wp6tems"},"sameAs":["https:\/\/basquetgirona.com"],"url":"https:\/\/basquetgirona.com\/es\/author\/wp6tems\/"}]}},"acf":[],"_links":{"self":[{"href":"https:\/\/basquetgirona.com\/es\/wp-json\/wp\/v2\/noticia\/24569","targetHints":{"allow":["GET"]}}],"collection":[{"href":"https:\/\/basquetgirona.com\/es\/wp-json\/wp\/v2\/noticia"}],"about":[{"href":"https:\/\/basquetgirona.com\/es\/wp-json\/wp\/v2\/types\/noticia"}],"author":[{"embeddable":true,"href":"https:\/\/basquetgirona.com\/es\/wp-json\/wp\/v2\/users\/1"}],"version-history":[{"count":9,"href":"https:\/\/basquetgirona.com\/es\/wp-json\/wp\/v2\/noticia\/24569\/revisions"}],"predecessor-version":[{"id":57915,"href":"https:\/\/basquetgirona.com\/es\/wp-json\/wp\/v2\/noticia\/24569\/revisions\/57915"}],"wp:featuredmedia":[{"embeddable":true,"href":"https:\/\/basquetgirona.com\/es\/wp-json\/wp\/v2\/media\/8540"}],"wp:attachment":[{"href":"https:\/\/basquetgirona.com\/es\/wp-json\/wp\/v2\/media?parent=24569"}],"wp:term":[{"taxonomy":"categoria_noticia","embeddable":true,"href":"https:\/\/basquetgirona.com\/es\/wp-json\/wp\/v2\/categoria_noticia?post=24569"}],"curies":[{"name":"wp","href":"https:\/\/api.w.org\/{rel}","templated":true}]}}