{"id":24600,"date":"2018-11-04T00:00:00","date_gmt":"2018-11-04T00:00:00","guid":{"rendered":"https:\/\/basquetgirona.com\/noticia\/el-desacierto-pasa-factura-2\/"},"modified":"2026-02-11T12:10:45","modified_gmt":"2026-02-11T12:10:45","slug":"el-desacierto-pasa-factura-2","status":"publish","type":"noticia","link":"https:\/\/basquetgirona.com\/es\/noticia\/el-desacierto-pasa-factura-2\/","title":{"rendered":"El desacierto pasa factura"},"content":{"rendered":"<p>El senior del Baloncesto Girona no tuvo su d\u00eda y, condicionado desde el inicio por sus malos porcentajes de tiro, encaj\u00f3 la segunda derrota consecutiva en Fontajau. El Afani\u00f3n CB Almansa ha puesto un list\u00f3n f\u00edsico muy elevado y el equipo dirigido por Quim Costa no ha podido contrarrestarlo en ninguno de los dos lados del campo. El resultado ha sido una derrota sin paliativos (46-66), que deja al equipo en quinto puesto en el grupo Este de LEB Plata (4-2). Eso s\u00ed, a tan s\u00f3lo un triunfo del l\u00edder.   &nbsp;<\/p>\n<p>Desde el principio, los gerundenses se han visto abocados a ir a remolque. El rival le exig\u00eda mucho f\u00edsicamente y sus defensas alternativas le hac\u00edan sentir inc\u00f3modo y, cuando no le forzaban p\u00e9rdidas, le obligaban a tiros fuera de posici\u00f3n. El equipo, sin posibilidad de localizar el juego de transici\u00f3n, fue cediendo terreno hasta situarse con un -15 a mediados de segundo cuarto (16-31, 15&#8242;). Subiendo la l\u00ednea de presi\u00f3n y no dando tantas facilidades al CB Almansa para anotar cerca de canasta, el B\u00e0squet Girona se ha encontrado por primera vez c\u00f3modo en la pista justo antes del descanso, pero esto se ha traducido en el marcador (26-38). El paso por los vestuarios no alter\u00f3 la din\u00e1mica del partido y, con Harris inspirad\u00edsimo, el equipo manchego amenaz\u00f3 con distanciarse definitivamente, cuando a\u00fan no hab\u00eda terminado el tercer cuarto (30-52, 27&#8242;). Pese a no tener fluidez, el equipo no ha echado la toalla, consciente de que todav\u00eda quedaban muchos minutos por delante. Intent\u00f3 incrementar el tono defensivo, pero nunca se pudo acercar lo suficiente para aspirar a la victoria, penalizado por su desacierto ofensivo. De postre, Nil Angelats se ha hecho da\u00f1o al abductor en el tercer cuarto y no ha podido volver a la pista.       &nbsp;<\/p>\n<p>El pr\u00f3ximo partido del senior ser\u00e1 el pr\u00f3ximo s\u00e1bado 10 de noviembre en la pista del JASEP Fundaci\u00f3n Globalcaja La Roda (19 h).&nbsp;<\/p>\n<p>*La valoraci\u00f3n de Quim Costa:<\/p>\n<p><em>&#8220;No hemos tenido ninguna posibilidad. Nos han penalizado dos cosas, que ellos son un equipo mucho m\u00e1s fuerte, r\u00e1pido y corpulento que nosotros y, como me tem\u00eda, sus variantes t\u00e1cticas en defensa, cambiando en todos los bloqueos, nos han desorientado&#8221;. Y al ver que no encontr\u00e1bamos la forma de ser fluidos en ataque, nos hemos frustrado y tambi\u00e9n hemos bajado el nivel defensivo. Ellos han podido jugar c\u00f3modos&#8221;<\/em><\/p>\n<p><em>&#8220;Hemos hecho un 29% en tiros de dos y un 14% en triples. Con estos porcentajes, es imposible. Pero este partido nos ir\u00e1 bien para aprender y, cuando volvamos a encontrarnos, saber afrontar este tipo de defensa&#8221;.<\/em><\/p>\n<p><a href=\"http:\/\/competiciones.feb.es\/estadisticas\/Partido.aspx?p=2011100&amp;med=0\"><span style=\"text-decoration: underline;\">Estad\u00edstica<\/span><\/a><\/p>\n<p><em>Foto: Sergi Geron\u00e8s<\/em><\/p>\n","protected":false},"excerpt":{"rendered":"<p>El senior no encuentra en ning\u00fan momento su juego, pierde contra el Afani\u00f3n CB Almansa (46-66) y ahora acredita 4-2 en el grupo Este de LEB Plata<\/p>\n","protected":false},"author":1,"featured_media":8656,"menu_order":0,"template":"","categoria_noticia":[],"class_list":["post-24600","noticia","type-noticia","status-publish","has-post-thumbnail","hentry"],"yoast_head":"<!-- This site is optimized with the Yoast SEO plugin v22.0 - https:\/\/yoast.com\/wordpress\/plugins\/seo\/ -->\n<title>El desacierto pasa factura - Basquet Girona<\/title>\n<meta name=\"robots\" content=\"index, follow, max-snippet:-1, max-image-preview:large, max-video-preview:-1\" \/>\n<link rel=\"canonical\" href=\"https:\/\/basquetgirona.com\/es\/noticia\/el-desacierto-pasa-factura-2\/\" \/>\n<meta property=\"og:locale\" content=\"es_ES\" \/>\n<meta property=\"og:type\" content=\"article\" \/>\n<meta property=\"og:title\" content=\"El desacierto pasa factura - Basquet Girona\" \/>\n<meta property=\"og:description\" content=\"El senior no encuentra en ning\u00fan momento su juego, pierde contra el Afani\u00f3n CB Almansa (46-66) y ahora acredita 4-2 en el grupo Este de LEB Plata\" \/>\n<meta property=\"og:url\" content=\"https:\/\/basquetgirona.com\/es\/noticia\/el-desacierto-pasa-factura-2\/\" \/>\n<meta property=\"og:site_name\" content=\"Basquet Girona\" \/>\n<meta property=\"article:publisher\" content=\"https:\/\/www.facebook.com\/BasquetGironaOficial\" \/>\n<meta property=\"article:modified_time\" content=\"2026-02-11T12:10:45+00:00\" \/>\n<meta property=\"og:image\" content=\"https:\/\/basquetgirona.com\/wp-content\/uploads\/2018\/04\/DSC4788petita.jpg\" \/>\n\t<meta property=\"og:image:width\" content=\"1\" \/>\n\t<meta property=\"og:image:height\" content=\"1\" \/>\n\t<meta property=\"og:image:type\" content=\"image\/jpeg\" \/>\n<meta name=\"twitter:card\" content=\"summary_large_image\" \/>\n<meta name=\"twitter:site\" content=\"@BasquetGirona\" \/>\n<meta name=\"twitter:label1\" content=\"Tiempo de lectura\" \/>\n\t<meta name=\"twitter:data1\" content=\"2 minutos\" \/>\n<!-- \/ Yoast SEO plugin. -->","yoast_head_json":{"title":"El desacierto pasa factura - Basquet Girona","robots":{"index":"index","follow":"follow","max-snippet":"max-snippet:-1","max-image-preview":"max-image-preview:large","max-video-preview":"max-video-preview:-1"},"canonical":"https:\/\/basquetgirona.com\/es\/noticia\/el-desacierto-pasa-factura-2\/","og_locale":"es_ES","og_type":"article","og_title":"El desacierto pasa factura - Basquet Girona","og_description":"El senior no encuentra en ning\u00fan momento su juego, pierde contra el Afani\u00f3n CB Almansa (46-66) y ahora acredita 4-2 en el grupo Este de LEB Plata","og_url":"https:\/\/basquetgirona.com\/es\/noticia\/el-desacierto-pasa-factura-2\/","og_site_name":"Basquet Girona","article_publisher":"https:\/\/www.facebook.com\/BasquetGironaOficial","article_modified_time":"2026-02-11T12:10:45+00:00","og_image":[{"url":"https:\/\/basquetgirona.com\/wp-content\/uploads\/2018\/04\/DSC4788petita.jpg","width":1,"height":1,"type":"image\/jpeg"}],"twitter_card":"summary_large_image","twitter_site":"@BasquetGirona","twitter_misc":{"Tiempo de lectura":"2 minutos"},"schema":{"@context":"https:\/\/schema.org","@graph":[{"@type":"NewsArticle","@id":"https:\/\/basquetgirona.com\/es\/noticia\/el-desacierto-pasa-factura-2\/#article","isPartOf":{"@id":"https:\/\/basquetgirona.com\/es\/noticia\/el-desacierto-pasa-factura-2\/"},"author":{"name":"wp6tems","@id":"https:\/\/basquetgirona.com\/es\/#\/schema\/person\/23e2f6077a380ef4bcbafe12c1c99532"},"headline":"El desacierto pasa factura","datePublished":"2018-11-04T00:00:00+00:00","dateModified":"2026-02-11T12:10:45+00:00","mainEntityOfPage":{"@id":"https:\/\/basquetgirona.com\/es\/noticia\/el-desacierto-pasa-factura-2\/"},"wordCount":473,"commentCount":0,"publisher":{"@id":"https:\/\/basquetgirona.com\/es\/#organization"},"inLanguage":"es"},{"@type":["WebPage","ItemPage"],"@id":"https:\/\/basquetgirona.com\/es\/noticia\/el-desacierto-pasa-factura-2\/","url":"https:\/\/basquetgirona.com\/es\/noticia\/el-desacierto-pasa-factura-2\/","name":"El desacierto pasa factura - Basquet Girona","isPartOf":{"@id":"https:\/\/basquetgirona.com\/es\/#website"},"datePublished":"2018-11-04T00:00:00+00:00","dateModified":"2026-02-11T12:10:45+00:00","breadcrumb":{"@id":"https:\/\/basquetgirona.com\/es\/noticia\/el-desacierto-pasa-factura-2\/#breadcrumb"},"inLanguage":"es","potentialAction":[{"@type":"ReadAction","target":["https:\/\/basquetgirona.com\/es\/noticia\/el-desacierto-pasa-factura-2\/"]}]},{"@type":"BreadcrumbList","@id":"https:\/\/basquetgirona.com\/es\/noticia\/el-desacierto-pasa-factura-2\/#breadcrumb","itemListElement":[{"@type":"ListItem","position":1,"name":"Inici","item":"https:\/\/basquetgirona.com\/es\/"},{"@type":"ListItem","position":2,"name":"El desacierto pasa factura"}]},{"@type":"WebSite","@id":"https:\/\/basquetgirona.com\/es\/#website","url":"https:\/\/basquetgirona.com\/es\/","name":"Basquet Girona","description":"","publisher":{"@id":"https:\/\/basquetgirona.com\/es\/#organization"},"potentialAction":[{"@type":"SearchAction","target":{"@type":"EntryPoint","urlTemplate":"https:\/\/basquetgirona.com\/es\/?s={search_term_string}"},"query-input":"required name=search_term_string"}],"inLanguage":"es"},{"@type":"Organization","@id":"https:\/\/basquetgirona.com\/es\/#organization","name":"Basquet Girona","url":"https:\/\/basquetgirona.com\/es\/","logo":{"@type":"ImageObject","inLanguage":"es","@id":"https:\/\/basquetgirona.com\/es\/#\/schema\/logo\/image\/","url":"https:\/\/basquetgirona.com\/wp-content\/uploads\/2023\/02\/girona-logo1.png","contentUrl":"https:\/\/basquetgirona.com\/wp-content\/uploads\/2023\/02\/girona-logo1.png","width":124,"height":136,"caption":"Basquet Girona"},"image":{"@id":"https:\/\/basquetgirona.com\/es\/#\/schema\/logo\/image\/"},"sameAs":["https:\/\/www.facebook.com\/BasquetGironaOficial","https:\/\/twitter.com\/BasquetGirona","https:\/\/www.instagram.com\/basquetgirona\/","https:\/\/es.linkedin.com\/company\/bsquet-girona","https:\/\/www.tiktok.com\/@basquetgirona"]},{"@type":"Person","@id":"https:\/\/basquetgirona.com\/es\/#\/schema\/person\/23e2f6077a380ef4bcbafe12c1c99532","name":"wp6tems","image":{"@type":"ImageObject","inLanguage":"es","@id":"https:\/\/basquetgirona.com\/es\/#\/schema\/person\/image\/","url":"https:\/\/secure.gravatar.com\/avatar\/bb7e7b41fd75599f16e2481d79259374553199dc2bee29aa20aa615e30729456?s=96&d=mm&r=g","contentUrl":"https:\/\/secure.gravatar.com\/avatar\/bb7e7b41fd75599f16e2481d79259374553199dc2bee29aa20aa615e30729456?s=96&d=mm&r=g","caption":"wp6tems"},"sameAs":["https:\/\/basquetgirona.com"],"url":"https:\/\/basquetgirona.com\/es\/author\/wp6tems\/"}]}},"acf":[],"_links":{"self":[{"href":"https:\/\/basquetgirona.com\/es\/wp-json\/wp\/v2\/noticia\/24600","targetHints":{"allow":["GET"]}}],"collection":[{"href":"https:\/\/basquetgirona.com\/es\/wp-json\/wp\/v2\/noticia"}],"about":[{"href":"https:\/\/basquetgirona.com\/es\/wp-json\/wp\/v2\/types\/noticia"}],"author":[{"embeddable":true,"href":"https:\/\/basquetgirona.com\/es\/wp-json\/wp\/v2\/users\/1"}],"version-history":[{"count":5,"href":"https:\/\/basquetgirona.com\/es\/wp-json\/wp\/v2\/noticia\/24600\/revisions"}],"predecessor-version":[{"id":55374,"href":"https:\/\/basquetgirona.com\/es\/wp-json\/wp\/v2\/noticia\/24600\/revisions\/55374"}],"wp:featuredmedia":[{"embeddable":true,"href":"https:\/\/basquetgirona.com\/es\/wp-json\/wp\/v2\/media\/8656"}],"wp:attachment":[{"href":"https:\/\/basquetgirona.com\/es\/wp-json\/wp\/v2\/media?parent=24600"}],"wp:term":[{"taxonomy":"categoria_noticia","embeddable":true,"href":"https:\/\/basquetgirona.com\/es\/wp-json\/wp\/v2\/categoria_noticia?post=24600"}],"curies":[{"name":"wp","href":"https:\/\/api.w.org\/{rel}","templated":true}]}}