{"id":24603,"date":"2018-09-11T00:00:00","date_gmt":"2018-09-11T00:00:00","guid":{"rendered":"https:\/\/basquetgirona.com\/noticia\/estreno-oficial-del-senior-en-la-liga-catalana-leb-plata\/"},"modified":"2026-02-11T12:10:23","modified_gmt":"2026-02-11T12:10:23","slug":"estreno-oficial-del-senior-en-la-liga-catalana-leb-plata","status":"publish","type":"noticia","link":"https:\/\/basquetgirona.com\/es\/noticia\/estreno-oficial-del-senior-en-la-liga-catalana-leb-plata\/","title":{"rendered":"Estreno oficial del senior, en la Liga catalana LEB Plata"},"content":{"rendered":"<p>Con poco m\u00e1s de una semana de entrenamientos, al senior del Baloncesto Girona ya le llega el primer compromiso oficial de la temporada. Se trata de la semifinal de la Liga catalana LEB Plata, que disputar\u00e1 ma\u00f1ana mi\u00e9rcoles contra el CB Vic &#8211; Universidad de Vic en Santa Coloma de Farners (20.30 h). El ganador disputar\u00e1 la final contra el Torrons Vicens CB L&#8217;Hospitalet -se ha clasificado directamente porque, de los tres, era el \u00fanico que militaba en Plata el curso pasado-, el s\u00e1bado 15 en la misma localidad de La Selva (18.30 h).  &nbsp;<\/p>\n<p>El equipo dirigido por Quim Costa disput\u00f3 el s\u00e1bado un amistoso en la pista del CB Salt, que resolvi\u00f3 a su favor (63-108). Los de Vic parten, de entrada, con una mayor dosis de cohesi\u00f3n colectiva porque han optado por renovar ocho piezas de la temporada pasada en EBA aparte del preparador, D\u00eddac Herrero. &nbsp;<\/p>\n<p><em>Foto: MA Chazo \/ FCBQ<\/em><\/p>\n","protected":false},"excerpt":{"rendered":"<p>Se enfrentar\u00e1 ma\u00f1ana mi\u00e9rcoles al CB Vic &#8211; Universidad de Vic por un puesto en la final, en Santa Coloma de Farners (20.30 h)<\/p>\n","protected":false},"author":1,"featured_media":8725,"menu_order":0,"template":"","categoria_noticia":[],"class_list":["post-24603","noticia","type-noticia","status-publish","has-post-thumbnail","hentry"],"yoast_head":"<!-- This site is optimized with the Yoast SEO plugin v22.0 - https:\/\/yoast.com\/wordpress\/plugins\/seo\/ -->\n<title>Estreno oficial del senior, en la Liga catalana LEB Plata - Basquet Girona<\/title>\n<meta name=\"robots\" content=\"index, follow, max-snippet:-1, max-image-preview:large, max-video-preview:-1\" \/>\n<link rel=\"canonical\" href=\"https:\/\/basquetgirona.com\/es\/noticia\/estreno-oficial-del-senior-en-la-liga-catalana-leb-plata\/\" \/>\n<meta property=\"og:locale\" content=\"es_ES\" \/>\n<meta property=\"og:type\" content=\"article\" \/>\n<meta property=\"og:title\" content=\"Estreno oficial del senior, en la Liga catalana LEB Plata - Basquet Girona\" \/>\n<meta property=\"og:description\" content=\"Se enfrentar\u00e1 ma\u00f1ana mi\u00e9rcoles al CB Vic - Universidad de Vic por un puesto en la final, en Santa Coloma de Farners (20.30 h)\" \/>\n<meta property=\"og:url\" content=\"https:\/\/basquetgirona.com\/es\/noticia\/estreno-oficial-del-senior-en-la-liga-catalana-leb-plata\/\" \/>\n<meta property=\"og:site_name\" content=\"Basquet Girona\" \/>\n<meta property=\"article:publisher\" content=\"https:\/\/www.facebook.com\/BasquetGironaOficial\" \/>\n<meta property=\"article:modified_time\" content=\"2026-02-11T12:10:23+00:00\" \/>\n<meta property=\"og:image\" content=\"https:\/\/basquetgirona.com\/wp-content\/uploads\/2018\/11\/lligaplatapetita.jpg\" \/>\n\t<meta property=\"og:image:width\" content=\"1\" \/>\n\t<meta property=\"og:image:height\" content=\"1\" \/>\n\t<meta property=\"og:image:type\" content=\"image\/jpeg\" \/>\n<meta name=\"twitter:card\" content=\"summary_large_image\" \/>\n<meta name=\"twitter:site\" content=\"@BasquetGirona\" \/>\n<meta name=\"twitter:label1\" content=\"Tiempo de lectura\" \/>\n\t<meta name=\"twitter:data1\" content=\"1 minuto\" \/>\n<!-- \/ Yoast SEO plugin. -->","yoast_head_json":{"title":"Estreno oficial del senior, en la Liga catalana LEB Plata - Basquet Girona","robots":{"index":"index","follow":"follow","max-snippet":"max-snippet:-1","max-image-preview":"max-image-preview:large","max-video-preview":"max-video-preview:-1"},"canonical":"https:\/\/basquetgirona.com\/es\/noticia\/estreno-oficial-del-senior-en-la-liga-catalana-leb-plata\/","og_locale":"es_ES","og_type":"article","og_title":"Estreno oficial del senior, en la Liga catalana LEB Plata - Basquet Girona","og_description":"Se enfrentar\u00e1 ma\u00f1ana mi\u00e9rcoles al CB Vic - Universidad de Vic por un puesto en la final, en Santa Coloma de Farners (20.30 h)","og_url":"https:\/\/basquetgirona.com\/es\/noticia\/estreno-oficial-del-senior-en-la-liga-catalana-leb-plata\/","og_site_name":"Basquet Girona","article_publisher":"https:\/\/www.facebook.com\/BasquetGironaOficial","article_modified_time":"2026-02-11T12:10:23+00:00","og_image":[{"url":"https:\/\/basquetgirona.com\/wp-content\/uploads\/2018\/11\/lligaplatapetita.jpg","width":1,"height":1,"type":"image\/jpeg"}],"twitter_card":"summary_large_image","twitter_site":"@BasquetGirona","twitter_misc":{"Tiempo de lectura":"1 minuto"},"schema":{"@context":"https:\/\/schema.org","@graph":[{"@type":"NewsArticle","@id":"https:\/\/basquetgirona.com\/es\/noticia\/estreno-oficial-del-senior-en-la-liga-catalana-leb-plata\/#article","isPartOf":{"@id":"https:\/\/basquetgirona.com\/es\/noticia\/estreno-oficial-del-senior-en-la-liga-catalana-leb-plata\/"},"author":{"name":"wp6tems","@id":"https:\/\/basquetgirona.com\/es\/#\/schema\/person\/23e2f6077a380ef4bcbafe12c1c99532"},"headline":"Estreno oficial del senior, en la Liga catalana LEB Plata","datePublished":"2018-09-11T00:00:00+00:00","dateModified":"2026-02-11T12:10:23+00:00","mainEntityOfPage":{"@id":"https:\/\/basquetgirona.com\/es\/noticia\/estreno-oficial-del-senior-en-la-liga-catalana-leb-plata\/"},"wordCount":168,"commentCount":0,"publisher":{"@id":"https:\/\/basquetgirona.com\/es\/#organization"},"inLanguage":"es"},{"@type":["WebPage","ItemPage"],"@id":"https:\/\/basquetgirona.com\/es\/noticia\/estreno-oficial-del-senior-en-la-liga-catalana-leb-plata\/","url":"https:\/\/basquetgirona.com\/es\/noticia\/estreno-oficial-del-senior-en-la-liga-catalana-leb-plata\/","name":"Estreno oficial del senior, en la Liga catalana LEB Plata - Basquet Girona","isPartOf":{"@id":"https:\/\/basquetgirona.com\/es\/#website"},"datePublished":"2018-09-11T00:00:00+00:00","dateModified":"2026-02-11T12:10:23+00:00","breadcrumb":{"@id":"https:\/\/basquetgirona.com\/es\/noticia\/estreno-oficial-del-senior-en-la-liga-catalana-leb-plata\/#breadcrumb"},"inLanguage":"es","potentialAction":[{"@type":"ReadAction","target":["https:\/\/basquetgirona.com\/es\/noticia\/estreno-oficial-del-senior-en-la-liga-catalana-leb-plata\/"]}]},{"@type":"BreadcrumbList","@id":"https:\/\/basquetgirona.com\/es\/noticia\/estreno-oficial-del-senior-en-la-liga-catalana-leb-plata\/#breadcrumb","itemListElement":[{"@type":"ListItem","position":1,"name":"Inici","item":"https:\/\/basquetgirona.com\/es\/"},{"@type":"ListItem","position":2,"name":"Estreno oficial del senior, en la Liga catalana LEB Plata"}]},{"@type":"WebSite","@id":"https:\/\/basquetgirona.com\/es\/#website","url":"https:\/\/basquetgirona.com\/es\/","name":"Basquet Girona","description":"","publisher":{"@id":"https:\/\/basquetgirona.com\/es\/#organization"},"potentialAction":[{"@type":"SearchAction","target":{"@type":"EntryPoint","urlTemplate":"https:\/\/basquetgirona.com\/es\/?s={search_term_string}"},"query-input":"required name=search_term_string"}],"inLanguage":"es"},{"@type":"Organization","@id":"https:\/\/basquetgirona.com\/es\/#organization","name":"Basquet Girona","url":"https:\/\/basquetgirona.com\/es\/","logo":{"@type":"ImageObject","inLanguage":"es","@id":"https:\/\/basquetgirona.com\/es\/#\/schema\/logo\/image\/","url":"https:\/\/basquetgirona.com\/wp-content\/uploads\/2023\/02\/girona-logo1.png","contentUrl":"https:\/\/basquetgirona.com\/wp-content\/uploads\/2023\/02\/girona-logo1.png","width":124,"height":136,"caption":"Basquet Girona"},"image":{"@id":"https:\/\/basquetgirona.com\/es\/#\/schema\/logo\/image\/"},"sameAs":["https:\/\/www.facebook.com\/BasquetGironaOficial","https:\/\/twitter.com\/BasquetGirona","https:\/\/www.instagram.com\/basquetgirona\/","https:\/\/es.linkedin.com\/company\/bsquet-girona","https:\/\/www.tiktok.com\/@basquetgirona"]},{"@type":"Person","@id":"https:\/\/basquetgirona.com\/es\/#\/schema\/person\/23e2f6077a380ef4bcbafe12c1c99532","name":"wp6tems","image":{"@type":"ImageObject","inLanguage":"es","@id":"https:\/\/basquetgirona.com\/es\/#\/schema\/person\/image\/","url":"https:\/\/secure.gravatar.com\/avatar\/bb7e7b41fd75599f16e2481d79259374553199dc2bee29aa20aa615e30729456?s=96&d=mm&r=g","contentUrl":"https:\/\/secure.gravatar.com\/avatar\/bb7e7b41fd75599f16e2481d79259374553199dc2bee29aa20aa615e30729456?s=96&d=mm&r=g","caption":"wp6tems"},"sameAs":["https:\/\/basquetgirona.com"],"url":"https:\/\/basquetgirona.com\/es\/author\/wp6tems\/"}]}},"acf":[],"_links":{"self":[{"href":"https:\/\/basquetgirona.com\/es\/wp-json\/wp\/v2\/noticia\/24603","targetHints":{"allow":["GET"]}}],"collection":[{"href":"https:\/\/basquetgirona.com\/es\/wp-json\/wp\/v2\/noticia"}],"about":[{"href":"https:\/\/basquetgirona.com\/es\/wp-json\/wp\/v2\/types\/noticia"}],"author":[{"embeddable":true,"href":"https:\/\/basquetgirona.com\/es\/wp-json\/wp\/v2\/users\/1"}],"version-history":[{"count":5,"href":"https:\/\/basquetgirona.com\/es\/wp-json\/wp\/v2\/noticia\/24603\/revisions"}],"predecessor-version":[{"id":55368,"href":"https:\/\/basquetgirona.com\/es\/wp-json\/wp\/v2\/noticia\/24603\/revisions\/55368"}],"wp:featuredmedia":[{"embeddable":true,"href":"https:\/\/basquetgirona.com\/es\/wp-json\/wp\/v2\/media\/8725"}],"wp:attachment":[{"href":"https:\/\/basquetgirona.com\/es\/wp-json\/wp\/v2\/media?parent=24603"}],"wp:term":[{"taxonomy":"categoria_noticia","embeddable":true,"href":"https:\/\/basquetgirona.com\/es\/wp-json\/wp\/v2\/categoria_noticia?post=24603"}],"curies":[{"name":"wp","href":"https:\/\/api.w.org\/{rel}","templated":true}]}}