{"id":24642,"date":"2018-10-02T00:00:00","date_gmt":"2018-10-02T00:00:00","guid":{"rendered":"https:\/\/basquetgirona.com\/noticia\/trabajaremos-para-estar-entre-los-mejores\/"},"modified":"2026-02-11T12:10:32","modified_gmt":"2026-02-11T12:10:32","slug":"trabajaremos-para-estar-entre-los-mejores","status":"publish","type":"noticia","link":"https:\/\/basquetgirona.com\/es\/noticia\/trabajaremos-para-estar-entre-los-mejores\/","title":{"rendered":"&#8220;Trabajaremos para estar entre los mejores&#8221;"},"content":{"rendered":"<p>El senior del B\u00e0squet Girona debutar\u00e1 este viernes en LEB Plata, en la pista del HLA Alicante (20.45 h). El encargado de confeccionar la plantilla ha sido \u00c0lex Formento, que este a\u00f1o cumple su segunda temporada como director deportivo del primer equipo. En la pretemporada, el equipo fue subcampe\u00f3n de la Liga catalana LEB Plata.  <\/p>\n<p>-\u00bfQu\u00e9 valoraci\u00f3n haces de la preparaci\u00f3n?<\/p>\n<p><em>&#8220;Positiva. Hemos jugado contra equipos de diferentes niveles y categor\u00edas, y eso nos ha servido para poder ver a los jugadores en diferentes posiciones y diferentes roles. Como fue habitual la temporada pasada, hemos focalizado los partidos desde el trabajo, olvid\u00e1ndonos del resultado: De hecho, hemos dosificado a los jugadores y todos han acabado jugando m\u00e1s o menos lo mismo.Creemos que era importante verles c\u00f3mo se van desarrollando en la pretemporada porque ahora, cuando empiece la liga, podemos poner a cada uno d\u00f3nde intuimos que rendir\u00e1 mejor&#8221;.<\/em><\/p>\n<p>-Se mantiene todo el cuerpo t\u00e9cnico y cuatro jugadores de la pasada temporada.<\/p>\n<p><em>&#8220;Esta l\u00ednea de continuidad es b\u00e1sica porque nos sirve para trasladar a los que han llegado nuevos no s\u00f3lo como jugamos en pista, sino tambi\u00e9n los valores y el talante del club, dentro y fuera de la pista. Hemos intentado buscar un equilibrio en el que el mayor peso sea de los j\u00f3venes y el 20 o 30 por ciento de la plantilla corresponda a los jugadores con m\u00e1s experiencia. Estamos contentos del grupo que tenemos y ahora estamos a la espera de cerrar la plantilla. Nos falta al menos otro jugador&#8221;.<\/em><\/p>\n<p>-\u00bfCu\u00e1ndo llegar\u00e1 esta \u00faltima pieza?<\/p>\n<p><em>&#8220;Ahora que conocemos mejor la plantilla, tenemos que encontrar al jugador que m\u00e1s nos pueda ayudar. Y, en este sentido, m\u00e1s vale esperar un poco m\u00e1s y acertar que llevar a alguien ahora que no acabe de encajar con las necesidades del equipo. Por tanto, llegar\u00e1 cuando lo encontremos. Puede ser esta semana o m\u00e1s adelante&#8221;.<\/em><\/p>\n<p>-El debut es muy exigente, en Alicante.<\/p>\n<p><em>&#8220;Sea en las condiciones que sea, nuestra idea siempre es ir a todos los campos a competir e intentar ganar el partido. Sabemos que el Alicante es un rival muy complicado, con el objetivo claro del ascenso. La temporada pasada , se qued\u00f3 muy cerca, en el quinto partido de la final. Por tanto, ser\u00e1 una puesta en escena de m\u00e1xima exigencia y que nos servir\u00e1 para ponernos a prueba, aunque todav\u00eda estamos en construcci\u00f3n&#8221;.<\/em><\/p>\n<p>-\u00bfCon qu\u00e9 objetivo se parte?<\/p>\n<p><em>&#8220;Somos m\u00e1s de fijarnos en el d\u00eda a d\u00eda que de mirar a largo plazo, pero trabajaremos para estar entre los mejores. Nuestro objetivo principal es conseguir hacer un baloncesto alegre y moderno, al tiempo que tenemos la ambici\u00f3n de que estos aspectos nos lleven a terminar entre los seis primeros en esta primera fase y estar en el grupo de arriba. Y, si es posible, arrastrando unos resultados que nos permitan aspirar a todo en la siguiente fase&#8221;.<\/em><\/p>\n","protected":false},"excerpt":{"rendered":"<p>El director deportivo, \u00c0lex Formento, valora positivamente la pretemporada del senior y le ve preparado para competir en LEB Plata<\/p>\n","protected":false},"author":1,"featured_media":8384,"menu_order":0,"template":"","categoria_noticia":[],"class_list":["post-24642","noticia","type-noticia","status-publish","has-post-thumbnail","hentry"],"yoast_head":"<!-- This site is optimized with the Yoast SEO plugin v22.0 - https:\/\/yoast.com\/wordpress\/plugins\/seo\/ -->\n<title>&quot;Trabajaremos para estar entre los mejores&quot; - Basquet Girona<\/title>\n<meta name=\"robots\" content=\"index, follow, max-snippet:-1, max-image-preview:large, max-video-preview:-1\" \/>\n<link rel=\"canonical\" href=\"https:\/\/basquetgirona.com\/es\/noticia\/trabajaremos-para-estar-entre-los-mejores\/\" \/>\n<meta property=\"og:locale\" content=\"es_ES\" \/>\n<meta property=\"og:type\" content=\"article\" \/>\n<meta property=\"og:title\" content=\"&quot;Trabajaremos para estar entre los mejores&quot; - Basquet Girona\" \/>\n<meta property=\"og:description\" content=\"El director deportivo, \u00c0lex Formento, valora positivamente la pretemporada del senior y le ve preparado para competir en LEB Plata\" \/>\n<meta property=\"og:url\" content=\"https:\/\/basquetgirona.com\/es\/noticia\/trabajaremos-para-estar-entre-los-mejores\/\" \/>\n<meta property=\"og:site_name\" content=\"Basquet Girona\" \/>\n<meta property=\"article:publisher\" content=\"https:\/\/www.facebook.com\/BasquetGironaOficial\" \/>\n<meta property=\"article:modified_time\" content=\"2026-02-11T12:10:32+00:00\" \/>\n<meta property=\"og:image\" content=\"https:\/\/basquetgirona.com\/wp-content\/uploads\/2023\/09\/DSC_1022petita.jpg\" \/>\n\t<meta property=\"og:image:width\" content=\"1\" \/>\n\t<meta property=\"og:image:height\" content=\"1\" \/>\n\t<meta property=\"og:image:type\" content=\"image\/jpeg\" \/>\n<meta name=\"twitter:card\" content=\"summary_large_image\" \/>\n<meta name=\"twitter:site\" content=\"@BasquetGirona\" \/>\n<meta name=\"twitter:label1\" content=\"Tiempo de lectura\" \/>\n\t<meta name=\"twitter:data1\" content=\"3 minutos\" \/>\n<!-- \/ Yoast SEO plugin. -->","yoast_head_json":{"title":"\"Trabajaremos para estar entre los mejores\" - Basquet Girona","robots":{"index":"index","follow":"follow","max-snippet":"max-snippet:-1","max-image-preview":"max-image-preview:large","max-video-preview":"max-video-preview:-1"},"canonical":"https:\/\/basquetgirona.com\/es\/noticia\/trabajaremos-para-estar-entre-los-mejores\/","og_locale":"es_ES","og_type":"article","og_title":"\"Trabajaremos para estar entre los mejores\" - Basquet Girona","og_description":"El director deportivo, \u00c0lex Formento, valora positivamente la pretemporada del senior y le ve preparado para competir en LEB Plata","og_url":"https:\/\/basquetgirona.com\/es\/noticia\/trabajaremos-para-estar-entre-los-mejores\/","og_site_name":"Basquet Girona","article_publisher":"https:\/\/www.facebook.com\/BasquetGironaOficial","article_modified_time":"2026-02-11T12:10:32+00:00","og_image":[{"url":"https:\/\/basquetgirona.com\/wp-content\/uploads\/2023\/09\/DSC_1022petita.jpg","width":1,"height":1,"type":"image\/jpeg"}],"twitter_card":"summary_large_image","twitter_site":"@BasquetGirona","twitter_misc":{"Tiempo de lectura":"3 minutos"},"schema":{"@context":"https:\/\/schema.org","@graph":[{"@type":"NewsArticle","@id":"https:\/\/basquetgirona.com\/es\/noticia\/trabajaremos-para-estar-entre-los-mejores\/#article","isPartOf":{"@id":"https:\/\/basquetgirona.com\/es\/noticia\/trabajaremos-para-estar-entre-los-mejores\/"},"author":{"name":"wp6tems","@id":"https:\/\/basquetgirona.com\/es\/#\/schema\/person\/23e2f6077a380ef4bcbafe12c1c99532"},"headline":"&#8220;Trabajaremos para estar entre los mejores&#8221;","datePublished":"2018-10-02T00:00:00+00:00","dateModified":"2026-02-11T12:10:32+00:00","mainEntityOfPage":{"@id":"https:\/\/basquetgirona.com\/es\/noticia\/trabajaremos-para-estar-entre-los-mejores\/"},"wordCount":515,"commentCount":0,"publisher":{"@id":"https:\/\/basquetgirona.com\/es\/#organization"},"inLanguage":"es"},{"@type":["WebPage","ItemPage"],"@id":"https:\/\/basquetgirona.com\/es\/noticia\/trabajaremos-para-estar-entre-los-mejores\/","url":"https:\/\/basquetgirona.com\/es\/noticia\/trabajaremos-para-estar-entre-los-mejores\/","name":"\"Trabajaremos para estar entre los mejores\" - Basquet Girona","isPartOf":{"@id":"https:\/\/basquetgirona.com\/es\/#website"},"datePublished":"2018-10-02T00:00:00+00:00","dateModified":"2026-02-11T12:10:32+00:00","breadcrumb":{"@id":"https:\/\/basquetgirona.com\/es\/noticia\/trabajaremos-para-estar-entre-los-mejores\/#breadcrumb"},"inLanguage":"es","potentialAction":[{"@type":"ReadAction","target":["https:\/\/basquetgirona.com\/es\/noticia\/trabajaremos-para-estar-entre-los-mejores\/"]}]},{"@type":"BreadcrumbList","@id":"https:\/\/basquetgirona.com\/es\/noticia\/trabajaremos-para-estar-entre-los-mejores\/#breadcrumb","itemListElement":[{"@type":"ListItem","position":1,"name":"Inici","item":"https:\/\/basquetgirona.com\/es\/"},{"@type":"ListItem","position":2,"name":"&#8220;Trabajaremos para estar entre los mejores&#8221;"}]},{"@type":"WebSite","@id":"https:\/\/basquetgirona.com\/es\/#website","url":"https:\/\/basquetgirona.com\/es\/","name":"Basquet Girona","description":"","publisher":{"@id":"https:\/\/basquetgirona.com\/es\/#organization"},"potentialAction":[{"@type":"SearchAction","target":{"@type":"EntryPoint","urlTemplate":"https:\/\/basquetgirona.com\/es\/?s={search_term_string}"},"query-input":"required name=search_term_string"}],"inLanguage":"es"},{"@type":"Organization","@id":"https:\/\/basquetgirona.com\/es\/#organization","name":"Basquet Girona","url":"https:\/\/basquetgirona.com\/es\/","logo":{"@type":"ImageObject","inLanguage":"es","@id":"https:\/\/basquetgirona.com\/es\/#\/schema\/logo\/image\/","url":"https:\/\/basquetgirona.com\/wp-content\/uploads\/2023\/02\/girona-logo1.png","contentUrl":"https:\/\/basquetgirona.com\/wp-content\/uploads\/2023\/02\/girona-logo1.png","width":124,"height":136,"caption":"Basquet Girona"},"image":{"@id":"https:\/\/basquetgirona.com\/es\/#\/schema\/logo\/image\/"},"sameAs":["https:\/\/www.facebook.com\/BasquetGironaOficial","https:\/\/twitter.com\/BasquetGirona","https:\/\/www.instagram.com\/basquetgirona\/","https:\/\/es.linkedin.com\/company\/bsquet-girona","https:\/\/www.tiktok.com\/@basquetgirona"]},{"@type":"Person","@id":"https:\/\/basquetgirona.com\/es\/#\/schema\/person\/23e2f6077a380ef4bcbafe12c1c99532","name":"wp6tems","image":{"@type":"ImageObject","inLanguage":"es","@id":"https:\/\/basquetgirona.com\/es\/#\/schema\/person\/image\/","url":"https:\/\/secure.gravatar.com\/avatar\/bb7e7b41fd75599f16e2481d79259374553199dc2bee29aa20aa615e30729456?s=96&d=mm&r=g","contentUrl":"https:\/\/secure.gravatar.com\/avatar\/bb7e7b41fd75599f16e2481d79259374553199dc2bee29aa20aa615e30729456?s=96&d=mm&r=g","caption":"wp6tems"},"sameAs":["https:\/\/basquetgirona.com"],"url":"https:\/\/basquetgirona.com\/es\/author\/wp6tems\/"}]}},"acf":[],"_links":{"self":[{"href":"https:\/\/basquetgirona.com\/es\/wp-json\/wp\/v2\/noticia\/24642","targetHints":{"allow":["GET"]}}],"collection":[{"href":"https:\/\/basquetgirona.com\/es\/wp-json\/wp\/v2\/noticia"}],"about":[{"href":"https:\/\/basquetgirona.com\/es\/wp-json\/wp\/v2\/types\/noticia"}],"author":[{"embeddable":true,"href":"https:\/\/basquetgirona.com\/es\/wp-json\/wp\/v2\/users\/1"}],"version-history":[{"count":4,"href":"https:\/\/basquetgirona.com\/es\/wp-json\/wp\/v2\/noticia\/24642\/revisions"}],"predecessor-version":[{"id":55361,"href":"https:\/\/basquetgirona.com\/es\/wp-json\/wp\/v2\/noticia\/24642\/revisions\/55361"}],"wp:featuredmedia":[{"embeddable":true,"href":"https:\/\/basquetgirona.com\/es\/wp-json\/wp\/v2\/media\/8384"}],"wp:attachment":[{"href":"https:\/\/basquetgirona.com\/es\/wp-json\/wp\/v2\/media?parent=24642"}],"wp:term":[{"taxonomy":"categoria_noticia","embeddable":true,"href":"https:\/\/basquetgirona.com\/es\/wp-json\/wp\/v2\/categoria_noticia?post=24642"}],"curies":[{"name":"wp","href":"https:\/\/api.w.org\/{rel}","templated":true}]}}