{"id":24645,"date":"2018-05-16T00:00:00","date_gmt":"2018-05-16T00:00:00","guid":{"rendered":"https:\/\/basquetgirona.com\/noticia\/tenemos-ganas-de-trabajar-juntos-2\/"},"modified":"2026-02-11T12:10:10","modified_gmt":"2026-02-11T12:10:10","slug":"tenemos-ganas-de-trabajar-juntos-2","status":"publish","type":"noticia","link":"https:\/\/basquetgirona.com\/es\/noticia\/tenemos-ganas-de-trabajar-juntos-2\/","title":{"rendered":"&#8220;Tenemos ganas de trabajar juntos&#8221;"},"content":{"rendered":"<p>El B\u00e0squet Girona y el Girona FC han presentado esta tarde el acuerdo de colaboraci\u00f3n con el que pretenden fomentar la pr\u00e1ctica del deporte y sus valores. Quieren hacerlo a partir de la organizaci\u00f3n de una serie de actividades conjuntamente, desde la puesta en marcha de jornadas deportivas hasta la participaci\u00f3n conjunta en Ferias y diadas representativas en la ciudad. Adem\u00e1s, el club lucir\u00e1 el lema Orgullo Giron\u00ed en su camiseta la pr\u00f3xima temporada. &#8220;Para m\u00ed, el Girona FC es un club referente. Tenemos ganas de trabajar juntos, de aprender de ellos&#8221;, ha expuesto el presidente, Marc Gasol. En la misma l\u00ednea se ha mostrado el presidente del Girona FC, Delf\u00ed Geli: &#8220;Los dos clubs queremos aunar esfuerzos y encontrar sinergias. Intentar cada d\u00eda ser mejores. Ya hace meses que hablamos de esta vinculaci\u00f3n y, desde el primer d\u00eda, se mostraron abiertos a todo&#8221;.    <\/p>\n<p>&#8220;Hoy hace cuatro a\u00f1os que empezamos la aventura con el Baloncesto Girona y tenemos que seguir creciendo desde abajo, con buenos cimientos. Somos en lo referente a la comarca y as\u00ed queremos continuar&#8221;, ha dicho Marc Gasol, quien ha subrayado: &#8220;Mi v\u00ednculo con Girona es de agradecimiento. Viv\u00ed dos a\u00f1os como todo el mundo que tuve emociones tan grandes que tuve emociones tan grandes me hab\u00eda dado&#8221;.<\/p>\n","protected":false},"excerpt":{"rendered":"<p>El presidente Marc Gasol muestra su satisfacci\u00f3n por el convenio de colaboraci\u00f3n con el Girona FC para fomentar la pr\u00e1ctica y los valores del deporte<\/p>\n","protected":false},"author":1,"featured_media":8816,"menu_order":0,"template":"","categoria_noticia":[],"class_list":["post-24645","noticia","type-noticia","status-publish","has-post-thumbnail","hentry"],"yoast_head":"<!-- This site is optimized with the Yoast SEO plugin v22.0 - https:\/\/yoast.com\/wordpress\/plugins\/seo\/ -->\n<title>&quot;Tenemos ganas de trabajar juntos&quot; - Basquet Girona<\/title>\n<meta name=\"robots\" content=\"index, follow, max-snippet:-1, max-image-preview:large, max-video-preview:-1\" \/>\n<link rel=\"canonical\" href=\"https:\/\/basquetgirona.com\/es\/noticia\/tenemos-ganas-de-trabajar-juntos-2\/\" \/>\n<meta property=\"og:locale\" content=\"es_ES\" \/>\n<meta property=\"og:type\" content=\"article\" \/>\n<meta property=\"og:title\" content=\"&quot;Tenemos ganas de trabajar juntos&quot; - Basquet Girona\" \/>\n<meta property=\"og:description\" content=\"El presidente Marc Gasol muestra su satisfacci\u00f3n por el convenio de colaboraci\u00f3n con el Girona FC para fomentar la pr\u00e1ctica y los valores del deporte\" \/>\n<meta property=\"og:url\" content=\"https:\/\/basquetgirona.com\/es\/noticia\/tenemos-ganas-de-trabajar-juntos-2\/\" \/>\n<meta property=\"og:site_name\" content=\"Basquet Girona\" \/>\n<meta property=\"article:publisher\" content=\"https:\/\/www.facebook.com\/BasquetGironaOficial\" \/>\n<meta property=\"article:modified_time\" content=\"2026-02-11T12:10:10+00:00\" \/>\n<meta property=\"og:image\" content=\"https:\/\/basquetgirona.com\/wp-content\/uploads\/2023\/09\/IMG_8359petita.jpg\" \/>\n\t<meta property=\"og:image:width\" content=\"1\" \/>\n\t<meta property=\"og:image:height\" content=\"1\" \/>\n\t<meta property=\"og:image:type\" content=\"image\/jpeg\" \/>\n<meta name=\"twitter:card\" content=\"summary_large_image\" \/>\n<meta name=\"twitter:site\" content=\"@BasquetGirona\" \/>\n<meta name=\"twitter:label1\" content=\"Tiempo de lectura\" \/>\n\t<meta name=\"twitter:data1\" content=\"1 minuto\" \/>\n<!-- \/ Yoast SEO plugin. -->","yoast_head_json":{"title":"\"Tenemos ganas de trabajar juntos\" - Basquet Girona","robots":{"index":"index","follow":"follow","max-snippet":"max-snippet:-1","max-image-preview":"max-image-preview:large","max-video-preview":"max-video-preview:-1"},"canonical":"https:\/\/basquetgirona.com\/es\/noticia\/tenemos-ganas-de-trabajar-juntos-2\/","og_locale":"es_ES","og_type":"article","og_title":"\"Tenemos ganas de trabajar juntos\" - Basquet Girona","og_description":"El presidente Marc Gasol muestra su satisfacci\u00f3n por el convenio de colaboraci\u00f3n con el Girona FC para fomentar la pr\u00e1ctica y los valores del deporte","og_url":"https:\/\/basquetgirona.com\/es\/noticia\/tenemos-ganas-de-trabajar-juntos-2\/","og_site_name":"Basquet Girona","article_publisher":"https:\/\/www.facebook.com\/BasquetGironaOficial","article_modified_time":"2026-02-11T12:10:10+00:00","og_image":[{"url":"https:\/\/basquetgirona.com\/wp-content\/uploads\/2023\/09\/IMG_8359petita.jpg","width":1,"height":1,"type":"image\/jpeg"}],"twitter_card":"summary_large_image","twitter_site":"@BasquetGirona","twitter_misc":{"Tiempo de lectura":"1 minuto"},"schema":{"@context":"https:\/\/schema.org","@graph":[{"@type":"NewsArticle","@id":"https:\/\/basquetgirona.com\/es\/noticia\/tenemos-ganas-de-trabajar-juntos-2\/#article","isPartOf":{"@id":"https:\/\/basquetgirona.com\/es\/noticia\/tenemos-ganas-de-trabajar-juntos-2\/"},"author":{"name":"wp6tems","@id":"https:\/\/basquetgirona.com\/es\/#\/schema\/person\/23e2f6077a380ef4bcbafe12c1c99532"},"headline":"&#8220;Tenemos ganas de trabajar juntos&#8221;","datePublished":"2018-05-16T00:00:00+00:00","dateModified":"2026-02-11T12:10:10+00:00","mainEntityOfPage":{"@id":"https:\/\/basquetgirona.com\/es\/noticia\/tenemos-ganas-de-trabajar-juntos-2\/"},"wordCount":231,"commentCount":0,"publisher":{"@id":"https:\/\/basquetgirona.com\/es\/#organization"},"inLanguage":"es"},{"@type":["WebPage","ItemPage"],"@id":"https:\/\/basquetgirona.com\/es\/noticia\/tenemos-ganas-de-trabajar-juntos-2\/","url":"https:\/\/basquetgirona.com\/es\/noticia\/tenemos-ganas-de-trabajar-juntos-2\/","name":"\"Tenemos ganas de trabajar juntos\" - Basquet Girona","isPartOf":{"@id":"https:\/\/basquetgirona.com\/es\/#website"},"datePublished":"2018-05-16T00:00:00+00:00","dateModified":"2026-02-11T12:10:10+00:00","breadcrumb":{"@id":"https:\/\/basquetgirona.com\/es\/noticia\/tenemos-ganas-de-trabajar-juntos-2\/#breadcrumb"},"inLanguage":"es","potentialAction":[{"@type":"ReadAction","target":["https:\/\/basquetgirona.com\/es\/noticia\/tenemos-ganas-de-trabajar-juntos-2\/"]}]},{"@type":"BreadcrumbList","@id":"https:\/\/basquetgirona.com\/es\/noticia\/tenemos-ganas-de-trabajar-juntos-2\/#breadcrumb","itemListElement":[{"@type":"ListItem","position":1,"name":"Inici","item":"https:\/\/basquetgirona.com\/es\/"},{"@type":"ListItem","position":2,"name":"&#8220;Tenemos ganas de trabajar juntos&#8221;"}]},{"@type":"WebSite","@id":"https:\/\/basquetgirona.com\/es\/#website","url":"https:\/\/basquetgirona.com\/es\/","name":"Basquet Girona","description":"","publisher":{"@id":"https:\/\/basquetgirona.com\/es\/#organization"},"potentialAction":[{"@type":"SearchAction","target":{"@type":"EntryPoint","urlTemplate":"https:\/\/basquetgirona.com\/es\/?s={search_term_string}"},"query-input":"required name=search_term_string"}],"inLanguage":"es"},{"@type":"Organization","@id":"https:\/\/basquetgirona.com\/es\/#organization","name":"Basquet Girona","url":"https:\/\/basquetgirona.com\/es\/","logo":{"@type":"ImageObject","inLanguage":"es","@id":"https:\/\/basquetgirona.com\/es\/#\/schema\/logo\/image\/","url":"https:\/\/basquetgirona.com\/wp-content\/uploads\/2023\/02\/girona-logo1.png","contentUrl":"https:\/\/basquetgirona.com\/wp-content\/uploads\/2023\/02\/girona-logo1.png","width":124,"height":136,"caption":"Basquet Girona"},"image":{"@id":"https:\/\/basquetgirona.com\/es\/#\/schema\/logo\/image\/"},"sameAs":["https:\/\/www.facebook.com\/BasquetGironaOficial","https:\/\/twitter.com\/BasquetGirona","https:\/\/www.instagram.com\/basquetgirona\/","https:\/\/es.linkedin.com\/company\/bsquet-girona","https:\/\/www.tiktok.com\/@basquetgirona"]},{"@type":"Person","@id":"https:\/\/basquetgirona.com\/es\/#\/schema\/person\/23e2f6077a380ef4bcbafe12c1c99532","name":"wp6tems","image":{"@type":"ImageObject","inLanguage":"es","@id":"https:\/\/basquetgirona.com\/es\/#\/schema\/person\/image\/","url":"https:\/\/secure.gravatar.com\/avatar\/bb7e7b41fd75599f16e2481d79259374553199dc2bee29aa20aa615e30729456?s=96&d=mm&r=g","contentUrl":"https:\/\/secure.gravatar.com\/avatar\/bb7e7b41fd75599f16e2481d79259374553199dc2bee29aa20aa615e30729456?s=96&d=mm&r=g","caption":"wp6tems"},"sameAs":["https:\/\/basquetgirona.com"],"url":"https:\/\/basquetgirona.com\/es\/author\/wp6tems\/"}]}},"acf":[],"_links":{"self":[{"href":"https:\/\/basquetgirona.com\/es\/wp-json\/wp\/v2\/noticia\/24645","targetHints":{"allow":["GET"]}}],"collection":[{"href":"https:\/\/basquetgirona.com\/es\/wp-json\/wp\/v2\/noticia"}],"about":[{"href":"https:\/\/basquetgirona.com\/es\/wp-json\/wp\/v2\/types\/noticia"}],"author":[{"embeddable":true,"href":"https:\/\/basquetgirona.com\/es\/wp-json\/wp\/v2\/users\/1"}],"version-history":[{"count":5,"href":"https:\/\/basquetgirona.com\/es\/wp-json\/wp\/v2\/noticia\/24645\/revisions"}],"predecessor-version":[{"id":55399,"href":"https:\/\/basquetgirona.com\/es\/wp-json\/wp\/v2\/noticia\/24645\/revisions\/55399"}],"wp:featuredmedia":[{"embeddable":true,"href":"https:\/\/basquetgirona.com\/es\/wp-json\/wp\/v2\/media\/8816"}],"wp:attachment":[{"href":"https:\/\/basquetgirona.com\/es\/wp-json\/wp\/v2\/media?parent=24645"}],"wp:term":[{"taxonomy":"categoria_noticia","embeddable":true,"href":"https:\/\/basquetgirona.com\/es\/wp-json\/wp\/v2\/categoria_noticia?post=24645"}],"curies":[{"name":"wp","href":"https:\/\/api.w.org\/{rel}","templated":true}]}}