{"id":24646,"date":"2018-09-05T00:00:00","date_gmt":"2018-09-05T00:00:00","guid":{"rendered":"https:\/\/basquetgirona.com\/noticia\/alfons-alzamora-el-cuarto-que-renueva-2\/"},"modified":"2025-08-18T08:27:16","modified_gmt":"2025-08-18T08:27:16","slug":"alfons-alzamora-el-cuarto-que-renueva-2","status":"publish","type":"noticia","link":"https:\/\/basquetgirona.com\/es\/noticia\/alfons-alzamora-el-cuarto-que-renueva-2\/","title":{"rendered":"Alfons Alzamora, el cuarto que renueva"},"content":{"rendered":"<p><span>El Baloncesto Girona y Alfons Alzamora han llegado a un acuerdo para la renovaci\u00f3n del p\u00edvot mallorqu\u00edn por una temporada m\u00e1s. Formado en las categor\u00edas inferiores del FC Barcelona, \u200b\u200bAlzamora (2,06m, 20-5-1979) acumula 358 partidos en la ACB&nbsp; entre el propio club azulgrana (1997-2003), el Joventut de Badalona (2003\/04), el Breog\u00e1n (2004-06), el Menorca (2006\/07) y el Manresa (2007-2011). Las \u00faltimas temporadas hab\u00eda militado en la LEB Oro, cinco con el Lleida (2011\/02 y 2013-17) y una con el filial del FC Barcelona (2012\/13), antes de llegar el curso pasado al B\u00e0squet Girona para jugar en EBA. En su palmar\u00e9s figuran 1 Euroliga (2002\/03), 1 Korac (1998\/99), 2 ACB (1998\/99 y 2002\/03) y una copa (2002\/03).   &nbsp;<\/span><\/p>\n<p><span>La continuidad de Alzamora se suma a las de Xavi Costa, David Cu\u00e9llar y Pau Juscafresa, ya las seis incorporaciones (Nil Angelats, Sergi Costa, Henry Bolton, Leo Cizmic, Robert Cosialls y Andre Berry). Todos han comenzado la pretemporada bajo las \u00f3rdenes de Quim Costa. &nbsp;<\/span><\/p>\n<p><span>Su valoraci\u00f3n:&nbsp;<\/span><\/p>\n<p><em>&#8220;Se han dado una serie de circunstancias que me han permitido compaginar el baloncesto con la vida laboral. Estoy muy contento de poder seguir formando parte del proyecto y muy ilusionado de ayudar al equipo aportando mi experiencia&#8221;<\/em><\/p>\n<p><em>&#8220;Tenemos una base de continuidad del a\u00f1o pasado y eso seguro que nos ayuda. Todos tenemos muchas ganas de hacerlo muy bien en LEB Plata&#8221;<\/em><\/p>\n<p><em>Foto: Sergi Geron\u00e8s<\/em><\/p>\n","protected":false},"excerpt":{"rendered":"<p>El p\u00edvot mallorqu\u00edn aportar\u00e1 una temporada m\u00e1s su calidad y experiencia en el senior, ahora en LEB Plata<\/p>\n","protected":false},"author":1,"featured_media":8736,"menu_order":0,"template":"","categoria_noticia":[],"class_list":["post-24646","noticia","type-noticia","status-publish","has-post-thumbnail","hentry"],"yoast_head":"<!-- This site is optimized with the Yoast SEO plugin v22.0 - https:\/\/yoast.com\/wordpress\/plugins\/seo\/ -->\n<title>Alfons Alzamora, el cuarto que renueva - Basquet Girona<\/title>\n<meta name=\"robots\" content=\"index, follow, max-snippet:-1, max-image-preview:large, max-video-preview:-1\" \/>\n<link rel=\"canonical\" href=\"https:\/\/basquetgirona.com\/es\/noticia\/alfons-alzamora-el-cuarto-que-renueva-2\/\" \/>\n<meta property=\"og:locale\" content=\"es_ES\" \/>\n<meta property=\"og:type\" content=\"article\" \/>\n<meta property=\"og:title\" content=\"Alfons Alzamora, el cuarto que renueva - Basquet Girona\" \/>\n<meta property=\"og:description\" content=\"El p\u00edvot mallorqu\u00edn aportar\u00e1 una temporada m\u00e1s su calidad y experiencia en el senior, ahora en LEB Plata\" \/>\n<meta property=\"og:url\" content=\"https:\/\/basquetgirona.com\/es\/noticia\/alfons-alzamora-el-cuarto-que-renueva-2\/\" \/>\n<meta property=\"og:site_name\" content=\"Basquet Girona\" \/>\n<meta property=\"article:publisher\" content=\"https:\/\/www.facebook.com\/BasquetGironaOficial\" \/>\n<meta property=\"article:modified_time\" content=\"2025-08-18T08:27:16+00:00\" \/>\n<meta property=\"og:image\" content=\"https:\/\/basquetgirona.com\/wp-content\/uploads\/2018\/05\/aalzamorapetita.jpg\" \/>\n\t<meta property=\"og:image:width\" content=\"1\" \/>\n\t<meta property=\"og:image:height\" content=\"1\" \/>\n\t<meta property=\"og:image:type\" content=\"image\/jpeg\" \/>\n<meta name=\"twitter:card\" content=\"summary_large_image\" \/>\n<meta name=\"twitter:site\" content=\"@BasquetGirona\" \/>\n<meta name=\"twitter:label1\" content=\"Tiempo de lectura\" \/>\n\t<meta name=\"twitter:data1\" content=\"1 minuto\" \/>\n<!-- \/ Yoast SEO plugin. -->","yoast_head_json":{"title":"Alfons Alzamora, el cuarto que renueva - Basquet Girona","robots":{"index":"index","follow":"follow","max-snippet":"max-snippet:-1","max-image-preview":"max-image-preview:large","max-video-preview":"max-video-preview:-1"},"canonical":"https:\/\/basquetgirona.com\/es\/noticia\/alfons-alzamora-el-cuarto-que-renueva-2\/","og_locale":"es_ES","og_type":"article","og_title":"Alfons Alzamora, el cuarto que renueva - Basquet Girona","og_description":"El p\u00edvot mallorqu\u00edn aportar\u00e1 una temporada m\u00e1s su calidad y experiencia en el senior, ahora en LEB Plata","og_url":"https:\/\/basquetgirona.com\/es\/noticia\/alfons-alzamora-el-cuarto-que-renueva-2\/","og_site_name":"Basquet Girona","article_publisher":"https:\/\/www.facebook.com\/BasquetGironaOficial","article_modified_time":"2025-08-18T08:27:16+00:00","og_image":[{"url":"https:\/\/basquetgirona.com\/wp-content\/uploads\/2018\/05\/aalzamorapetita.jpg","width":1,"height":1,"type":"image\/jpeg"}],"twitter_card":"summary_large_image","twitter_site":"@BasquetGirona","twitter_misc":{"Tiempo de lectura":"1 minuto"},"schema":{"@context":"https:\/\/schema.org","@graph":[{"@type":"NewsArticle","@id":"https:\/\/basquetgirona.com\/es\/noticia\/alfons-alzamora-el-cuarto-que-renueva-2\/#article","isPartOf":{"@id":"https:\/\/basquetgirona.com\/es\/noticia\/alfons-alzamora-el-cuarto-que-renueva-2\/"},"author":{"name":"wp6tems","@id":"https:\/\/basquetgirona.com\/es\/#\/schema\/person\/23e2f6077a380ef4bcbafe12c1c99532"},"headline":"Alfons Alzamora, el cuarto que renueva","datePublished":"2018-09-05T00:00:00+00:00","dateModified":"2025-08-18T08:27:16+00:00","mainEntityOfPage":{"@id":"https:\/\/basquetgirona.com\/es\/noticia\/alfons-alzamora-el-cuarto-que-renueva-2\/"},"wordCount":239,"commentCount":0,"publisher":{"@id":"https:\/\/basquetgirona.com\/es\/#organization"},"inLanguage":"es"},{"@type":["WebPage","ItemPage"],"@id":"https:\/\/basquetgirona.com\/es\/noticia\/alfons-alzamora-el-cuarto-que-renueva-2\/","url":"https:\/\/basquetgirona.com\/es\/noticia\/alfons-alzamora-el-cuarto-que-renueva-2\/","name":"Alfons Alzamora, el cuarto que renueva - Basquet Girona","isPartOf":{"@id":"https:\/\/basquetgirona.com\/es\/#website"},"datePublished":"2018-09-05T00:00:00+00:00","dateModified":"2025-08-18T08:27:16+00:00","breadcrumb":{"@id":"https:\/\/basquetgirona.com\/es\/noticia\/alfons-alzamora-el-cuarto-que-renueva-2\/#breadcrumb"},"inLanguage":"es","potentialAction":[{"@type":"ReadAction","target":["https:\/\/basquetgirona.com\/es\/noticia\/alfons-alzamora-el-cuarto-que-renueva-2\/"]}]},{"@type":"BreadcrumbList","@id":"https:\/\/basquetgirona.com\/es\/noticia\/alfons-alzamora-el-cuarto-que-renueva-2\/#breadcrumb","itemListElement":[{"@type":"ListItem","position":1,"name":"Inici","item":"https:\/\/basquetgirona.com\/es\/"},{"@type":"ListItem","position":2,"name":"Alfons Alzamora, el cuarto que renueva"}]},{"@type":"WebSite","@id":"https:\/\/basquetgirona.com\/es\/#website","url":"https:\/\/basquetgirona.com\/es\/","name":"Basquet Girona","description":"","publisher":{"@id":"https:\/\/basquetgirona.com\/es\/#organization"},"potentialAction":[{"@type":"SearchAction","target":{"@type":"EntryPoint","urlTemplate":"https:\/\/basquetgirona.com\/es\/?s={search_term_string}"},"query-input":"required name=search_term_string"}],"inLanguage":"es"},{"@type":"Organization","@id":"https:\/\/basquetgirona.com\/es\/#organization","name":"Basquet Girona","url":"https:\/\/basquetgirona.com\/es\/","logo":{"@type":"ImageObject","inLanguage":"es","@id":"https:\/\/basquetgirona.com\/es\/#\/schema\/logo\/image\/","url":"https:\/\/basquetgirona.com\/wp-content\/uploads\/2023\/02\/girona-logo1.png","contentUrl":"https:\/\/basquetgirona.com\/wp-content\/uploads\/2023\/02\/girona-logo1.png","width":124,"height":136,"caption":"Basquet Girona"},"image":{"@id":"https:\/\/basquetgirona.com\/es\/#\/schema\/logo\/image\/"},"sameAs":["https:\/\/www.facebook.com\/BasquetGironaOficial","https:\/\/twitter.com\/BasquetGirona","https:\/\/www.instagram.com\/basquetgirona\/","https:\/\/es.linkedin.com\/company\/bsquet-girona","https:\/\/www.tiktok.com\/@basquetgirona"]},{"@type":"Person","@id":"https:\/\/basquetgirona.com\/es\/#\/schema\/person\/23e2f6077a380ef4bcbafe12c1c99532","name":"wp6tems","image":{"@type":"ImageObject","inLanguage":"es","@id":"https:\/\/basquetgirona.com\/es\/#\/schema\/person\/image\/","url":"https:\/\/secure.gravatar.com\/avatar\/bb7e7b41fd75599f16e2481d79259374553199dc2bee29aa20aa615e30729456?s=96&d=mm&r=g","contentUrl":"https:\/\/secure.gravatar.com\/avatar\/bb7e7b41fd75599f16e2481d79259374553199dc2bee29aa20aa615e30729456?s=96&d=mm&r=g","caption":"wp6tems"},"sameAs":["https:\/\/basquetgirona.com"],"url":"https:\/\/basquetgirona.com\/es\/author\/wp6tems\/"}]}},"acf":[],"_links":{"self":[{"href":"https:\/\/basquetgirona.com\/es\/wp-json\/wp\/v2\/noticia\/24646","targetHints":{"allow":["GET"]}}],"collection":[{"href":"https:\/\/basquetgirona.com\/es\/wp-json\/wp\/v2\/noticia"}],"about":[{"href":"https:\/\/basquetgirona.com\/es\/wp-json\/wp\/v2\/types\/noticia"}],"author":[{"embeddable":true,"href":"https:\/\/basquetgirona.com\/es\/wp-json\/wp\/v2\/users\/1"}],"version-history":[{"count":2,"href":"https:\/\/basquetgirona.com\/es\/wp-json\/wp\/v2\/noticia\/24646\/revisions"}],"predecessor-version":[{"id":30171,"href":"https:\/\/basquetgirona.com\/es\/wp-json\/wp\/v2\/noticia\/24646\/revisions\/30171"}],"wp:featuredmedia":[{"embeddable":true,"href":"https:\/\/basquetgirona.com\/es\/wp-json\/wp\/v2\/media\/8736"}],"wp:attachment":[{"href":"https:\/\/basquetgirona.com\/es\/wp-json\/wp\/v2\/media?parent=24646"}],"wp:term":[{"taxonomy":"categoria_noticia","embeddable":true,"href":"https:\/\/basquetgirona.com\/es\/wp-json\/wp\/v2\/categoria_noticia?post=24646"}],"curies":[{"name":"wp","href":"https:\/\/api.w.org\/{rel}","templated":true}]}}