{"id":24662,"date":"2018-05-15T00:00:00","date_gmt":"2018-05-15T00:00:00","guid":{"rendered":"https:\/\/basquetgirona.com\/noticia\/el-baloncesto-girona-y-el-girona-fc-fomentaran-la-practica-y-los-valores-del-deporte\/"},"modified":"2025-08-11T13:17:20","modified_gmt":"2025-08-11T13:17:20","slug":"el-baloncesto-girona-y-el-girona-fc-fomentaran-la-practica-y-los-valores-del-deporte","status":"publish","type":"noticia","link":"https:\/\/basquetgirona.com\/es\/noticia\/el-baloncesto-girona-y-el-girona-fc-fomentaran-la-practica-y-los-valores-del-deporte\/","title":{"rendered":"El Baloncesto Girona y el Girona FC fomentar\u00e1n la pr\u00e1ctica y los valores del deporte"},"content":{"rendered":"<p>El B\u00e0squet Girona y el Girona FC impulsar\u00e1n conjuntamente una serie de actividades con el objetivo de fomentar la pr\u00e1ctica del deporte y sus valores. Ambas entidades, conscientes de la importancia del deporte como fuente de salud, educaci\u00f3n e integraci\u00f3n social, han cerrado un convenio con el que pretenden potenciar los valores que la pr\u00e1ctica del deporte transmite, como la superaci\u00f3n, la solidaridad, la cooperaci\u00f3n y el altruismo. <\/p>\n<p>El acuerdo de colaboraci\u00f3n entre ambos clubes incluye desde la puesta en marcha de jornadas deportivas, con charlas en Universidad y escuelas, hasta la participaci\u00f3n conjunta en Ferias y festividades representativas en la ciudad. Adem\u00e1s, ambas partes estudian la posibilidad de establecer un programa de acciones conjuntas en materia de patrocinios as\u00ed como de responsabilidad social corporativa, como promoci\u00f3n a la vez del deporte gerundense. En este sentido, se plantea la posibilidad de promover un d\u00eda del deporte gerundense, organizar acciones conjuntas como visitas a hospitales o almuerzos solidarios, entre otros. La pr\u00f3xima temporada el B\u00e0squet Girona tambi\u00e9n lucir\u00e1 el lema Orgull Gironi en su camiseta.   <\/p>\n<p>El convenio prev\u00e9 la incorporaci\u00f3n de Marc Gasol al Consejo Asesor del Girona FC, un organismo con car\u00e1cter consultivo integrado por personas de reconocido prestigio en su trayectoria profesional que tiene como misi\u00f3n asesorar al club para reforzar e incrementar las sinergias entre el Girona FC y socios, aficionados, ciudad y provincia. Ya forman parte del mencionado Consell Joaquim Nadal, ex alcalde Girona y ex Consejero de la Generalitat; Jordi Bosch, periodista y presidente de Endemol Espa\u00f1a; Jaume Roures, fundador de Mediapro; Joan Roca, chef y propietario del restaurante \u201cEl Celler de Can Roca\u201d; Pepita Perich, directora-gerente de la Fundaci\u00f3n Ramon Noguera; Josep Maria Fonalleras, periodista y escritor; Jordi Triola, presidente de la Fundaci\u00f3n Girona FC; Albert Serra, ingeniero y ex futbolista del Girona FC y Llu\u00eds Serras, economista y presidente de la Pe\u00f1a Pablo Machine. <\/p>\n<p>Marc Gasol, presidente del B\u00e0squet Girona, se ha mostrado \u201cagradecido por la confianza depositada en nosotros por hacer juntos este camino. Estamos muy contentos de que nos vean como un activo para trabajar juntos con los j\u00f3venes en toda la comarca. Tenemos ganas de aprender de su funcionamiento, son un espejo con todo lo que han hecho en estos a\u00f1os. Queremos seguir potenciando el deporte gerundense y sobre todo ese orgullo gerundense\u201d.<\/p>\n<p>El presidente del Girona, Delf\u00ed Geli, ha expresado la satisfacci\u00f3n del club por un convenio que ayudar\u00e1 a impulsar los valores del deporte en la ciudad y en la provincia. \u201cEstamos muy contentos. Hace tiempo que habl\u00e1bamos con Marc de poder hacer cosas juntos porque \u00e9l tambi\u00e9n est\u00e1 muy ligado a Girona y al final se ha concretado con este acuerdo de colaboraci\u00f3n. Es bueno para todos y, sobre todo, creemos que quien m\u00e1s ganar\u00e1 es el deporte gerundense. Debemos aprovechar el empuje que nos da la ilusi\u00f3n que compartimos para transmitir los valores del deporte y poder ayudar en todo lo que podemos. Y juntos somos m\u00e1s fuertes\u201d. <\/p>\n","protected":false},"excerpt":{"rendered":"<p>Marc Gasol se incorporar\u00e1 al Consejo Asesor del club de Montilivi<\/p>\n","protected":false},"author":1,"featured_media":8820,"menu_order":0,"template":"","categoria_noticia":[],"class_list":["post-24662","noticia","type-noticia","status-publish","has-post-thumbnail","hentry"],"yoast_head":"<!-- This site is optimized with the Yoast SEO plugin v22.0 - https:\/\/yoast.com\/wordpress\/plugins\/seo\/ -->\n<title>El Baloncesto Girona y el Girona FC fomentar\u00e1n la pr\u00e1ctica y los valores del deporte - Basquet Girona<\/title>\n<meta name=\"robots\" content=\"index, follow, max-snippet:-1, max-image-preview:large, max-video-preview:-1\" \/>\n<link rel=\"canonical\" href=\"https:\/\/basquetgirona.com\/es\/noticia\/el-baloncesto-girona-y-el-girona-fc-fomentaran-la-practica-y-los-valores-del-deporte\/\" \/>\n<meta property=\"og:locale\" content=\"es_ES\" \/>\n<meta property=\"og:type\" content=\"article\" \/>\n<meta property=\"og:title\" content=\"El Baloncesto Girona y el Girona FC fomentar\u00e1n la pr\u00e1ctica y los valores del deporte - Basquet Girona\" \/>\n<meta property=\"og:description\" content=\"Marc Gasol se incorporar\u00e1 al Consejo Asesor del club de Montilivi\" \/>\n<meta property=\"og:url\" content=\"https:\/\/basquetgirona.com\/es\/noticia\/el-baloncesto-girona-y-el-girona-fc-fomentaran-la-practica-y-los-valores-del-deporte\/\" \/>\n<meta property=\"og:site_name\" content=\"Basquet Girona\" \/>\n<meta property=\"article:publisher\" content=\"https:\/\/www.facebook.com\/BasquetGironaOficial\" \/>\n<meta property=\"article:modified_time\" content=\"2025-08-11T13:17:20+00:00\" \/>\n<meta property=\"og:image\" content=\"https:\/\/basquetgirona.com\/wp-content\/uploads\/2023\/09\/convenipetita.jpg\" \/>\n\t<meta property=\"og:image:width\" content=\"1\" \/>\n\t<meta property=\"og:image:height\" content=\"1\" \/>\n\t<meta property=\"og:image:type\" content=\"image\/jpeg\" \/>\n<meta name=\"twitter:card\" content=\"summary_large_image\" \/>\n<meta name=\"twitter:site\" content=\"@BasquetGirona\" \/>\n<meta name=\"twitter:label1\" content=\"Tiempo de lectura\" \/>\n\t<meta name=\"twitter:data1\" content=\"3 minutos\" \/>\n<!-- \/ Yoast SEO plugin. -->","yoast_head_json":{"title":"El Baloncesto Girona y el Girona FC fomentar\u00e1n la pr\u00e1ctica y los valores del deporte - Basquet Girona","robots":{"index":"index","follow":"follow","max-snippet":"max-snippet:-1","max-image-preview":"max-image-preview:large","max-video-preview":"max-video-preview:-1"},"canonical":"https:\/\/basquetgirona.com\/es\/noticia\/el-baloncesto-girona-y-el-girona-fc-fomentaran-la-practica-y-los-valores-del-deporte\/","og_locale":"es_ES","og_type":"article","og_title":"El Baloncesto Girona y el Girona FC fomentar\u00e1n la pr\u00e1ctica y los valores del deporte - Basquet Girona","og_description":"Marc Gasol se incorporar\u00e1 al Consejo Asesor del club de Montilivi","og_url":"https:\/\/basquetgirona.com\/es\/noticia\/el-baloncesto-girona-y-el-girona-fc-fomentaran-la-practica-y-los-valores-del-deporte\/","og_site_name":"Basquet Girona","article_publisher":"https:\/\/www.facebook.com\/BasquetGironaOficial","article_modified_time":"2025-08-11T13:17:20+00:00","og_image":[{"url":"https:\/\/basquetgirona.com\/wp-content\/uploads\/2023\/09\/convenipetita.jpg","width":1,"height":1,"type":"image\/jpeg"}],"twitter_card":"summary_large_image","twitter_site":"@BasquetGirona","twitter_misc":{"Tiempo de lectura":"3 minutos"},"schema":{"@context":"https:\/\/schema.org","@graph":[{"@type":"NewsArticle","@id":"https:\/\/basquetgirona.com\/es\/noticia\/el-baloncesto-girona-y-el-girona-fc-fomentaran-la-practica-y-los-valores-del-deporte\/#article","isPartOf":{"@id":"https:\/\/basquetgirona.com\/es\/noticia\/el-baloncesto-girona-y-el-girona-fc-fomentaran-la-practica-y-los-valores-del-deporte\/"},"author":{"name":"wp6tems","@id":"https:\/\/basquetgirona.com\/es\/#\/schema\/person\/23e2f6077a380ef4bcbafe12c1c99532"},"headline":"El Baloncesto Girona y el Girona FC fomentar\u00e1n la pr\u00e1ctica y los valores del deporte","datePublished":"2018-05-15T00:00:00+00:00","dateModified":"2025-08-11T13:17:20+00:00","mainEntityOfPage":{"@id":"https:\/\/basquetgirona.com\/es\/noticia\/el-baloncesto-girona-y-el-girona-fc-fomentaran-la-practica-y-los-valores-del-deporte\/"},"wordCount":542,"commentCount":0,"publisher":{"@id":"https:\/\/basquetgirona.com\/es\/#organization"},"inLanguage":"es"},{"@type":["WebPage","ItemPage"],"@id":"https:\/\/basquetgirona.com\/es\/noticia\/el-baloncesto-girona-y-el-girona-fc-fomentaran-la-practica-y-los-valores-del-deporte\/","url":"https:\/\/basquetgirona.com\/es\/noticia\/el-baloncesto-girona-y-el-girona-fc-fomentaran-la-practica-y-los-valores-del-deporte\/","name":"El Baloncesto Girona y el Girona FC fomentar\u00e1n la pr\u00e1ctica y los valores del deporte - Basquet Girona","isPartOf":{"@id":"https:\/\/basquetgirona.com\/es\/#website"},"datePublished":"2018-05-15T00:00:00+00:00","dateModified":"2025-08-11T13:17:20+00:00","breadcrumb":{"@id":"https:\/\/basquetgirona.com\/es\/noticia\/el-baloncesto-girona-y-el-girona-fc-fomentaran-la-practica-y-los-valores-del-deporte\/#breadcrumb"},"inLanguage":"es","potentialAction":[{"@type":"ReadAction","target":["https:\/\/basquetgirona.com\/es\/noticia\/el-baloncesto-girona-y-el-girona-fc-fomentaran-la-practica-y-los-valores-del-deporte\/"]}]},{"@type":"BreadcrumbList","@id":"https:\/\/basquetgirona.com\/es\/noticia\/el-baloncesto-girona-y-el-girona-fc-fomentaran-la-practica-y-los-valores-del-deporte\/#breadcrumb","itemListElement":[{"@type":"ListItem","position":1,"name":"Inici","item":"https:\/\/basquetgirona.com\/es\/"},{"@type":"ListItem","position":2,"name":"El Baloncesto Girona y el Girona FC fomentar\u00e1n la pr\u00e1ctica y los valores del deporte"}]},{"@type":"WebSite","@id":"https:\/\/basquetgirona.com\/es\/#website","url":"https:\/\/basquetgirona.com\/es\/","name":"Basquet Girona","description":"","publisher":{"@id":"https:\/\/basquetgirona.com\/es\/#organization"},"potentialAction":[{"@type":"SearchAction","target":{"@type":"EntryPoint","urlTemplate":"https:\/\/basquetgirona.com\/es\/?s={search_term_string}"},"query-input":"required name=search_term_string"}],"inLanguage":"es"},{"@type":"Organization","@id":"https:\/\/basquetgirona.com\/es\/#organization","name":"Basquet Girona","url":"https:\/\/basquetgirona.com\/es\/","logo":{"@type":"ImageObject","inLanguage":"es","@id":"https:\/\/basquetgirona.com\/es\/#\/schema\/logo\/image\/","url":"https:\/\/basquetgirona.com\/wp-content\/uploads\/2023\/02\/girona-logo1.png","contentUrl":"https:\/\/basquetgirona.com\/wp-content\/uploads\/2023\/02\/girona-logo1.png","width":124,"height":136,"caption":"Basquet Girona"},"image":{"@id":"https:\/\/basquetgirona.com\/es\/#\/schema\/logo\/image\/"},"sameAs":["https:\/\/www.facebook.com\/BasquetGironaOficial","https:\/\/twitter.com\/BasquetGirona","https:\/\/www.instagram.com\/basquetgirona\/","https:\/\/es.linkedin.com\/company\/bsquet-girona","https:\/\/www.tiktok.com\/@basquetgirona"]},{"@type":"Person","@id":"https:\/\/basquetgirona.com\/es\/#\/schema\/person\/23e2f6077a380ef4bcbafe12c1c99532","name":"wp6tems","image":{"@type":"ImageObject","inLanguage":"es","@id":"https:\/\/basquetgirona.com\/es\/#\/schema\/person\/image\/","url":"https:\/\/secure.gravatar.com\/avatar\/bb7e7b41fd75599f16e2481d79259374553199dc2bee29aa20aa615e30729456?s=96&d=mm&r=g","contentUrl":"https:\/\/secure.gravatar.com\/avatar\/bb7e7b41fd75599f16e2481d79259374553199dc2bee29aa20aa615e30729456?s=96&d=mm&r=g","caption":"wp6tems"},"sameAs":["https:\/\/basquetgirona.com"],"url":"https:\/\/basquetgirona.com\/es\/author\/wp6tems\/"}]}},"acf":[],"_links":{"self":[{"href":"https:\/\/basquetgirona.com\/es\/wp-json\/wp\/v2\/noticia\/24662","targetHints":{"allow":["GET"]}}],"collection":[{"href":"https:\/\/basquetgirona.com\/es\/wp-json\/wp\/v2\/noticia"}],"about":[{"href":"https:\/\/basquetgirona.com\/es\/wp-json\/wp\/v2\/types\/noticia"}],"author":[{"embeddable":true,"href":"https:\/\/basquetgirona.com\/es\/wp-json\/wp\/v2\/users\/1"}],"version-history":[{"count":2,"href":"https:\/\/basquetgirona.com\/es\/wp-json\/wp\/v2\/noticia\/24662\/revisions"}],"predecessor-version":[{"id":30212,"href":"https:\/\/basquetgirona.com\/es\/wp-json\/wp\/v2\/noticia\/24662\/revisions\/30212"}],"wp:featuredmedia":[{"embeddable":true,"href":"https:\/\/basquetgirona.com\/es\/wp-json\/wp\/v2\/media\/8820"}],"wp:attachment":[{"href":"https:\/\/basquetgirona.com\/es\/wp-json\/wp\/v2\/media?parent=24662"}],"wp:term":[{"taxonomy":"categoria_noticia","embeddable":true,"href":"https:\/\/basquetgirona.com\/es\/wp-json\/wp\/v2\/categoria_noticia?post=24662"}],"curies":[{"name":"wp","href":"https:\/\/api.w.org\/{rel}","templated":true}]}}