{"id":24704,"date":"2018-03-17T00:00:00","date_gmt":"2018-03-17T00:00:00","guid":{"rendered":"https:\/\/basquetgirona.com\/noticia\/alegria-en-un-final-increible-2\/"},"modified":"2025-01-23T09:15:09","modified_gmt":"2025-01-23T09:15:09","slug":"alegria-en-un-final-increible-2","status":"publish","type":"noticia","link":"https:\/\/basquetgirona.com\/es\/noticia\/alegria-en-un-final-increible-2\/","title":{"rendered":"Alegr\u00eda en un final incre\u00edble"},"content":{"rendered":"<p>El senior del B\u00e0squet Girona sigue haciendo de Fontajau un fort\u00edn. Hoy, se impuso al Barber\u00e0 Team Values \u200b\u200b(63-62), en un partido que tuvo muchas alternativas y que decidi\u00f3 Xavi Costa con una bandeja de contragolpe tras una recuperaci\u00f3n de Manch\u00f3n a 2,6 segundos del final. El resultado permite al equipo dirigido por Quim Costa reencontrarse con la victoria y mantener la tercera posici\u00f3n en el grupo CA de EBA, con 14-7 de balance.  <\/p>\n<p>Los gerundenses nunca han sido c\u00f3modos y el rival le ha quitado la iniciativa en el arranque. Ni el dominio del rebote de ataque le permit\u00eda encontrar ritmo anotador, sobre todo porque no hab\u00eda acierto desde el exterior. El Barber\u00e0 Team Values, en cambio, le localizaba en la figura de Ivan Llull, que ya acumulaba 15 puntos en el descanso. Algo que le ha permitido ir a vestuarios con una ligera ventaja (36-39). El paso de los minutos acentuaba la igualdad y el Baloncesto Girona no estaba nada fino en ataque, ni con tiros liberados. Los visitantes han abierto un peque\u00f1o agujero a mediados del \u00faltimo cuarto (55-59, 36&#8242;), pero el equipo ha continuado trabajando y ha llegado vivo en el \u00faltimo minuto (61-62). Una p\u00e9rdida a pocos segundos del final cuando se encaraba la anilla en un contragolpe parec\u00eda el golpe definitivo, pero en la acci\u00f3n posterior, en el mismo saque de banda, se ha podido recuperar el bal\u00f3n y anotar la canasta que ser\u00eda la de la victoria. Y es que los visitantes fallar\u00edan en la \u00faltima acci\u00f3n.       <\/p>\n<p>El pr\u00f3ximo s\u00e1bado 24 de marzo, el senior visitar\u00e1 la pista del Coalci Sant Josep (18 h), en el \u00faltimo partido antes del par\u00e9ntesis de Semana Santa.<\/p>\n<p><a href=\"http:\/\/competiciones.feb.es\/Estadisticas\/Partido.aspx?p=1874197&amp;med=0\">Estad\u00edstica<\/a><\/p>\n<p><em>Foto: Sergi Geron\u00e8s<\/em><\/p>\n","protected":false},"excerpt":{"rendered":"<p><span>Una canasta a 2,6 segundos del final da la victoria al senior, que sigue manteni\u00e9ndose muy fuerte en Fontajau (63-62)<\/span><\/p>\n","protected":false},"author":1,"featured_media":8908,"menu_order":0,"template":"","categoria_noticia":[],"class_list":["post-24704","noticia","type-noticia","status-publish","has-post-thumbnail","hentry"],"yoast_head":"<!-- This site is optimized with the Yoast SEO plugin v22.0 - https:\/\/yoast.com\/wordpress\/plugins\/seo\/ -->\n<title>Alegr\u00eda en un final incre\u00edble - Basquet Girona<\/title>\n<meta name=\"robots\" content=\"index, follow, max-snippet:-1, max-image-preview:large, max-video-preview:-1\" \/>\n<link rel=\"canonical\" href=\"https:\/\/basquetgirona.com\/es\/noticia\/alegria-en-un-final-increible-2\/\" \/>\n<meta property=\"og:locale\" content=\"es_ES\" \/>\n<meta property=\"og:type\" content=\"article\" \/>\n<meta property=\"og:title\" content=\"Alegr\u00eda en un final incre\u00edble - Basquet Girona\" \/>\n<meta property=\"og:description\" content=\"Una canasta a 2,6 segundos del final da la victoria al senior, que sigue manteni\u00e9ndose muy fuerte en Fontajau (63-62)\" \/>\n<meta property=\"og:url\" content=\"https:\/\/basquetgirona.com\/es\/noticia\/alegria-en-un-final-increible-2\/\" \/>\n<meta property=\"og:site_name\" content=\"Basquet Girona\" \/>\n<meta property=\"article:publisher\" content=\"https:\/\/www.facebook.com\/BasquetGironaOficial\" \/>\n<meta property=\"article:modified_time\" content=\"2025-01-23T09:15:09+00:00\" \/>\n<meta property=\"og:image\" content=\"https:\/\/basquetgirona.com\/wp-content\/uploads\/2023\/09\/DSC_8034petita.jpg\" \/>\n\t<meta property=\"og:image:width\" content=\"1\" \/>\n\t<meta property=\"og:image:height\" content=\"1\" \/>\n\t<meta property=\"og:image:type\" content=\"image\/jpeg\" \/>\n<meta name=\"twitter:card\" content=\"summary_large_image\" \/>\n<meta name=\"twitter:site\" content=\"@BasquetGirona\" \/>\n<meta name=\"twitter:label1\" content=\"Tiempo de lectura\" \/>\n\t<meta name=\"twitter:data1\" content=\"2 minutos\" \/>\n<!-- \/ Yoast SEO plugin. -->","yoast_head_json":{"title":"Alegr\u00eda en un final incre\u00edble - Basquet Girona","robots":{"index":"index","follow":"follow","max-snippet":"max-snippet:-1","max-image-preview":"max-image-preview:large","max-video-preview":"max-video-preview:-1"},"canonical":"https:\/\/basquetgirona.com\/es\/noticia\/alegria-en-un-final-increible-2\/","og_locale":"es_ES","og_type":"article","og_title":"Alegr\u00eda en un final incre\u00edble - Basquet Girona","og_description":"Una canasta a 2,6 segundos del final da la victoria al senior, que sigue manteni\u00e9ndose muy fuerte en Fontajau (63-62)","og_url":"https:\/\/basquetgirona.com\/es\/noticia\/alegria-en-un-final-increible-2\/","og_site_name":"Basquet Girona","article_publisher":"https:\/\/www.facebook.com\/BasquetGironaOficial","article_modified_time":"2025-01-23T09:15:09+00:00","og_image":[{"url":"https:\/\/basquetgirona.com\/wp-content\/uploads\/2023\/09\/DSC_8034petita.jpg","width":1,"height":1,"type":"image\/jpeg"}],"twitter_card":"summary_large_image","twitter_site":"@BasquetGirona","twitter_misc":{"Tiempo de lectura":"2 minutos"},"schema":{"@context":"https:\/\/schema.org","@graph":[{"@type":"NewsArticle","@id":"https:\/\/basquetgirona.com\/es\/noticia\/alegria-en-un-final-increible-2\/#article","isPartOf":{"@id":"https:\/\/basquetgirona.com\/es\/noticia\/alegria-en-un-final-increible-2\/"},"author":{"name":"wp6tems","@id":"https:\/\/basquetgirona.com\/es\/#\/schema\/person\/23e2f6077a380ef4bcbafe12c1c99532"},"headline":"Alegr\u00eda en un final incre\u00edble","datePublished":"2018-03-17T00:00:00+00:00","dateModified":"2025-01-23T09:15:09+00:00","mainEntityOfPage":{"@id":"https:\/\/basquetgirona.com\/es\/noticia\/alegria-en-un-final-increible-2\/"},"wordCount":309,"commentCount":0,"publisher":{"@id":"https:\/\/basquetgirona.com\/es\/#organization"},"inLanguage":"es"},{"@type":["WebPage","ItemPage"],"@id":"https:\/\/basquetgirona.com\/es\/noticia\/alegria-en-un-final-increible-2\/","url":"https:\/\/basquetgirona.com\/es\/noticia\/alegria-en-un-final-increible-2\/","name":"Alegr\u00eda en un final incre\u00edble - Basquet Girona","isPartOf":{"@id":"https:\/\/basquetgirona.com\/es\/#website"},"datePublished":"2018-03-17T00:00:00+00:00","dateModified":"2025-01-23T09:15:09+00:00","breadcrumb":{"@id":"https:\/\/basquetgirona.com\/es\/noticia\/alegria-en-un-final-increible-2\/#breadcrumb"},"inLanguage":"es","potentialAction":[{"@type":"ReadAction","target":["https:\/\/basquetgirona.com\/es\/noticia\/alegria-en-un-final-increible-2\/"]}]},{"@type":"BreadcrumbList","@id":"https:\/\/basquetgirona.com\/es\/noticia\/alegria-en-un-final-increible-2\/#breadcrumb","itemListElement":[{"@type":"ListItem","position":1,"name":"Inici","item":"https:\/\/basquetgirona.com\/es\/"},{"@type":"ListItem","position":2,"name":"Alegr\u00eda en un final incre\u00edble"}]},{"@type":"WebSite","@id":"https:\/\/basquetgirona.com\/es\/#website","url":"https:\/\/basquetgirona.com\/es\/","name":"Basquet Girona","description":"","publisher":{"@id":"https:\/\/basquetgirona.com\/es\/#organization"},"potentialAction":[{"@type":"SearchAction","target":{"@type":"EntryPoint","urlTemplate":"https:\/\/basquetgirona.com\/es\/?s={search_term_string}"},"query-input":"required name=search_term_string"}],"inLanguage":"es"},{"@type":"Organization","@id":"https:\/\/basquetgirona.com\/es\/#organization","name":"Basquet Girona","url":"https:\/\/basquetgirona.com\/es\/","logo":{"@type":"ImageObject","inLanguage":"es","@id":"https:\/\/basquetgirona.com\/es\/#\/schema\/logo\/image\/","url":"https:\/\/basquetgirona.com\/wp-content\/uploads\/2023\/02\/girona-logo1.png","contentUrl":"https:\/\/basquetgirona.com\/wp-content\/uploads\/2023\/02\/girona-logo1.png","width":124,"height":136,"caption":"Basquet Girona"},"image":{"@id":"https:\/\/basquetgirona.com\/es\/#\/schema\/logo\/image\/"},"sameAs":["https:\/\/www.facebook.com\/BasquetGironaOficial","https:\/\/twitter.com\/BasquetGirona","https:\/\/www.instagram.com\/basquetgirona\/","https:\/\/es.linkedin.com\/company\/bsquet-girona","https:\/\/www.tiktok.com\/@basquetgirona"]},{"@type":"Person","@id":"https:\/\/basquetgirona.com\/es\/#\/schema\/person\/23e2f6077a380ef4bcbafe12c1c99532","name":"wp6tems","image":{"@type":"ImageObject","inLanguage":"es","@id":"https:\/\/basquetgirona.com\/es\/#\/schema\/person\/image\/","url":"https:\/\/secure.gravatar.com\/avatar\/bb7e7b41fd75599f16e2481d79259374553199dc2bee29aa20aa615e30729456?s=96&d=mm&r=g","contentUrl":"https:\/\/secure.gravatar.com\/avatar\/bb7e7b41fd75599f16e2481d79259374553199dc2bee29aa20aa615e30729456?s=96&d=mm&r=g","caption":"wp6tems"},"sameAs":["https:\/\/basquetgirona.com"],"url":"https:\/\/basquetgirona.com\/es\/author\/wp6tems\/"}]}},"acf":[],"_links":{"self":[{"href":"https:\/\/basquetgirona.com\/es\/wp-json\/wp\/v2\/noticia\/24704","targetHints":{"allow":["GET"]}}],"collection":[{"href":"https:\/\/basquetgirona.com\/es\/wp-json\/wp\/v2\/noticia"}],"about":[{"href":"https:\/\/basquetgirona.com\/es\/wp-json\/wp\/v2\/types\/noticia"}],"author":[{"embeddable":true,"href":"https:\/\/basquetgirona.com\/es\/wp-json\/wp\/v2\/users\/1"}],"version-history":[{"count":2,"href":"https:\/\/basquetgirona.com\/es\/wp-json\/wp\/v2\/noticia\/24704\/revisions"}],"predecessor-version":[{"id":30255,"href":"https:\/\/basquetgirona.com\/es\/wp-json\/wp\/v2\/noticia\/24704\/revisions\/30255"}],"wp:featuredmedia":[{"embeddable":true,"href":"https:\/\/basquetgirona.com\/es\/wp-json\/wp\/v2\/media\/8908"}],"wp:attachment":[{"href":"https:\/\/basquetgirona.com\/es\/wp-json\/wp\/v2\/media?parent=24704"}],"wp:term":[{"taxonomy":"categoria_noticia","embeddable":true,"href":"https:\/\/basquetgirona.com\/es\/wp-json\/wp\/v2\/categoria_noticia?post=24704"}],"curies":[{"name":"wp","href":"https:\/\/api.w.org\/{rel}","templated":true}]}}