{"id":24742,"date":"2018-03-10T00:00:00","date_gmt":"2018-03-10T00:00:00","guid":{"rendered":"https:\/\/basquetgirona.com\/noticia\/sin-posibilidad-alguna\/"},"modified":"2025-05-27T16:49:49","modified_gmt":"2025-05-27T16:49:49","slug":"sin-posibilidad-alguna","status":"publish","type":"noticia","link":"https:\/\/basquetgirona.com\/es\/noticia\/sin-posibilidad-alguna\/","title":{"rendered":"Sin posibilidad alguna"},"content":{"rendered":"<p>El senior del B\u00e0squet Girona no pudo poner fin esta tarde a su racha fuera de casa y cay\u00f3 en la pista del Arenys B\u00e0squet Joventut (71-50), en un partido en el que fue a remolque del rival desde del principio y siempre ha estado lejos de la victoria. El equipo dirigido por Quim Costa, que por primera vez en toda la temporada enlaza dos derrotas, mantiene su tercera posici\u00f3n en el grupo CA de Liga EBA, ahora con 13-7 de balance. <\/p>\n<p>La salida local ha estado llena de intensidad y acierto, y ha cogido con el pie cambiado a los gerundenses. Tanto es as\u00ed que, a finales del primer cuarto, el agujero era grande (21-2, 8&#8242;). Condicionado por ese parcial, el equipo ha intentado reaccionar, pero le era imposible recortar diferencias porque los locales estaban plet\u00f3ricos desde el triple y no ten\u00eda ning\u00fan control sobre el rebote (39-19, 15&#8242;). De hecho, en el descanso, no hab\u00eda capturado ni uno en ataque. Los minutos pasaban y el B\u00e0squet Girona no localiz\u00f3 en ning\u00fan momento el ritmo ni la inspiraci\u00f3n desde el per\u00edmetro, sometido a los j\u00f3venes cedidos para el Joventut de Badalona. Entre Joel Parra y Josep Busquets, han hecho 40 puntos.     <\/p>\n<p>La pr\u00f3xima semana, el senior vuelve a jugar en Fontajau. Se enfrentar\u00e1 el s\u00e1bado 17 de marzo al Barber\u00e0 Team Values \u200b\u200bm\u00e1s tarde de lo habitual (20.30 h). &nbsp;<\/p>\n<p><a href=\"http:\/\/competiciones.feb.es\/Estadisticas\/Partido.aspx?p=1874195&amp;med=0\">Estad\u00edstica<\/a><\/p>\n<p><em>Foto: Sergi Geron\u00e8s<\/em><\/p>\n","protected":false},"excerpt":{"rendered":"<p>Un 21-2 de inicio pesa mucho en el senior, que acaba con la anotaci\u00f3n m\u00e1s baja de la temporada en la pista del Arenys B\u00e0squet Joventut (71-50)<\/p>\n","protected":false},"author":1,"featured_media":8924,"menu_order":0,"template":"","categoria_noticia":[],"class_list":["post-24742","noticia","type-noticia","status-publish","has-post-thumbnail","hentry"],"yoast_head":"<!-- This site is optimized with the Yoast SEO plugin v22.0 - https:\/\/yoast.com\/wordpress\/plugins\/seo\/ -->\n<title>Sin posibilidad alguna - Basquet Girona<\/title>\n<meta name=\"robots\" content=\"index, follow, max-snippet:-1, max-image-preview:large, max-video-preview:-1\" \/>\n<link rel=\"canonical\" href=\"https:\/\/basquetgirona.com\/es\/noticia\/sin-posibilidad-alguna\/\" \/>\n<meta property=\"og:locale\" content=\"es_ES\" \/>\n<meta property=\"og:type\" content=\"article\" \/>\n<meta property=\"og:title\" content=\"Sin posibilidad alguna - Basquet Girona\" \/>\n<meta property=\"og:description\" content=\"Un 21-2 de inicio pesa mucho en el senior, que acaba con la anotaci\u00f3n m\u00e1s baja de la temporada en la pista del Arenys B\u00e0squet Joventut (71-50)\" \/>\n<meta property=\"og:url\" content=\"https:\/\/basquetgirona.com\/es\/noticia\/sin-posibilidad-alguna\/\" \/>\n<meta property=\"og:site_name\" content=\"Basquet Girona\" \/>\n<meta property=\"article:publisher\" content=\"https:\/\/www.facebook.com\/BasquetGironaOficial\" \/>\n<meta property=\"article:modified_time\" content=\"2025-05-27T16:49:49+00:00\" \/>\n<meta property=\"og:image\" content=\"https:\/\/basquetgirona.com\/wp-content\/uploads\/2018\/10\/DSC_9216petita.jpg\" \/>\n\t<meta property=\"og:image:width\" content=\"1\" \/>\n\t<meta property=\"og:image:height\" content=\"1\" \/>\n\t<meta property=\"og:image:type\" content=\"image\/jpeg\" \/>\n<meta name=\"twitter:card\" content=\"summary_large_image\" \/>\n<meta name=\"twitter:site\" content=\"@BasquetGirona\" \/>\n<meta name=\"twitter:label1\" content=\"Tiempo de lectura\" \/>\n\t<meta name=\"twitter:data1\" content=\"1 minuto\" \/>\n<!-- \/ Yoast SEO plugin. -->","yoast_head_json":{"title":"Sin posibilidad alguna - Basquet Girona","robots":{"index":"index","follow":"follow","max-snippet":"max-snippet:-1","max-image-preview":"max-image-preview:large","max-video-preview":"max-video-preview:-1"},"canonical":"https:\/\/basquetgirona.com\/es\/noticia\/sin-posibilidad-alguna\/","og_locale":"es_ES","og_type":"article","og_title":"Sin posibilidad alguna - Basquet Girona","og_description":"Un 21-2 de inicio pesa mucho en el senior, que acaba con la anotaci\u00f3n m\u00e1s baja de la temporada en la pista del Arenys B\u00e0squet Joventut (71-50)","og_url":"https:\/\/basquetgirona.com\/es\/noticia\/sin-posibilidad-alguna\/","og_site_name":"Basquet Girona","article_publisher":"https:\/\/www.facebook.com\/BasquetGironaOficial","article_modified_time":"2025-05-27T16:49:49+00:00","og_image":[{"url":"https:\/\/basquetgirona.com\/wp-content\/uploads\/2018\/10\/DSC_9216petita.jpg","width":1,"height":1,"type":"image\/jpeg"}],"twitter_card":"summary_large_image","twitter_site":"@BasquetGirona","twitter_misc":{"Tiempo de lectura":"1 minuto"},"schema":{"@context":"https:\/\/schema.org","@graph":[{"@type":"NewsArticle","@id":"https:\/\/basquetgirona.com\/es\/noticia\/sin-posibilidad-alguna\/#article","isPartOf":{"@id":"https:\/\/basquetgirona.com\/es\/noticia\/sin-posibilidad-alguna\/"},"author":{"name":"wp6tems","@id":"https:\/\/basquetgirona.com\/es\/#\/schema\/person\/23e2f6077a380ef4bcbafe12c1c99532"},"headline":"Sin posibilidad alguna","datePublished":"2018-03-10T00:00:00+00:00","dateModified":"2025-05-27T16:49:49+00:00","mainEntityOfPage":{"@id":"https:\/\/basquetgirona.com\/es\/noticia\/sin-posibilidad-alguna\/"},"wordCount":252,"commentCount":0,"publisher":{"@id":"https:\/\/basquetgirona.com\/es\/#organization"},"inLanguage":"es"},{"@type":["WebPage","ItemPage"],"@id":"https:\/\/basquetgirona.com\/es\/noticia\/sin-posibilidad-alguna\/","url":"https:\/\/basquetgirona.com\/es\/noticia\/sin-posibilidad-alguna\/","name":"Sin posibilidad alguna - Basquet Girona","isPartOf":{"@id":"https:\/\/basquetgirona.com\/es\/#website"},"datePublished":"2018-03-10T00:00:00+00:00","dateModified":"2025-05-27T16:49:49+00:00","breadcrumb":{"@id":"https:\/\/basquetgirona.com\/es\/noticia\/sin-posibilidad-alguna\/#breadcrumb"},"inLanguage":"es","potentialAction":[{"@type":"ReadAction","target":["https:\/\/basquetgirona.com\/es\/noticia\/sin-posibilidad-alguna\/"]}]},{"@type":"BreadcrumbList","@id":"https:\/\/basquetgirona.com\/es\/noticia\/sin-posibilidad-alguna\/#breadcrumb","itemListElement":[{"@type":"ListItem","position":1,"name":"Inici","item":"https:\/\/basquetgirona.com\/es\/"},{"@type":"ListItem","position":2,"name":"Sin posibilidad alguna"}]},{"@type":"WebSite","@id":"https:\/\/basquetgirona.com\/es\/#website","url":"https:\/\/basquetgirona.com\/es\/","name":"Basquet Girona","description":"","publisher":{"@id":"https:\/\/basquetgirona.com\/es\/#organization"},"potentialAction":[{"@type":"SearchAction","target":{"@type":"EntryPoint","urlTemplate":"https:\/\/basquetgirona.com\/es\/?s={search_term_string}"},"query-input":"required name=search_term_string"}],"inLanguage":"es"},{"@type":"Organization","@id":"https:\/\/basquetgirona.com\/es\/#organization","name":"Basquet Girona","url":"https:\/\/basquetgirona.com\/es\/","logo":{"@type":"ImageObject","inLanguage":"es","@id":"https:\/\/basquetgirona.com\/es\/#\/schema\/logo\/image\/","url":"https:\/\/basquetgirona.com\/wp-content\/uploads\/2023\/02\/girona-logo1.png","contentUrl":"https:\/\/basquetgirona.com\/wp-content\/uploads\/2023\/02\/girona-logo1.png","width":124,"height":136,"caption":"Basquet Girona"},"image":{"@id":"https:\/\/basquetgirona.com\/es\/#\/schema\/logo\/image\/"},"sameAs":["https:\/\/www.facebook.com\/BasquetGironaOficial","https:\/\/twitter.com\/BasquetGirona","https:\/\/www.instagram.com\/basquetgirona\/","https:\/\/es.linkedin.com\/company\/bsquet-girona","https:\/\/www.tiktok.com\/@basquetgirona"]},{"@type":"Person","@id":"https:\/\/basquetgirona.com\/es\/#\/schema\/person\/23e2f6077a380ef4bcbafe12c1c99532","name":"wp6tems","image":{"@type":"ImageObject","inLanguage":"es","@id":"https:\/\/basquetgirona.com\/es\/#\/schema\/person\/image\/","url":"https:\/\/secure.gravatar.com\/avatar\/bb7e7b41fd75599f16e2481d79259374553199dc2bee29aa20aa615e30729456?s=96&d=mm&r=g","contentUrl":"https:\/\/secure.gravatar.com\/avatar\/bb7e7b41fd75599f16e2481d79259374553199dc2bee29aa20aa615e30729456?s=96&d=mm&r=g","caption":"wp6tems"},"sameAs":["https:\/\/basquetgirona.com"],"url":"https:\/\/basquetgirona.com\/es\/author\/wp6tems\/"}]}},"acf":[],"_links":{"self":[{"href":"https:\/\/basquetgirona.com\/es\/wp-json\/wp\/v2\/noticia\/24742","targetHints":{"allow":["GET"]}}],"collection":[{"href":"https:\/\/basquetgirona.com\/es\/wp-json\/wp\/v2\/noticia"}],"about":[{"href":"https:\/\/basquetgirona.com\/es\/wp-json\/wp\/v2\/types\/noticia"}],"author":[{"embeddable":true,"href":"https:\/\/basquetgirona.com\/es\/wp-json\/wp\/v2\/users\/1"}],"version-history":[{"count":3,"href":"https:\/\/basquetgirona.com\/es\/wp-json\/wp\/v2\/noticia\/24742\/revisions"}],"predecessor-version":[{"id":45185,"href":"https:\/\/basquetgirona.com\/es\/wp-json\/wp\/v2\/noticia\/24742\/revisions\/45185"}],"wp:featuredmedia":[{"embeddable":true,"href":"https:\/\/basquetgirona.com\/es\/wp-json\/wp\/v2\/media\/8924"}],"wp:attachment":[{"href":"https:\/\/basquetgirona.com\/es\/wp-json\/wp\/v2\/media?parent=24742"}],"wp:term":[{"taxonomy":"categoria_noticia","embeddable":true,"href":"https:\/\/basquetgirona.com\/es\/wp-json\/wp\/v2\/categoria_noticia?post=24742"}],"curies":[{"name":"wp","href":"https:\/\/api.w.org\/{rel}","templated":true}]}}