{"id":24789,"date":"2017-12-13T00:00:00","date_gmt":"2017-12-13T00:00:00","guid":{"rendered":"https:\/\/basquetgirona.com\/noticia\/carrasco-y-llano-en-proceso-de-recuperacion-2\/"},"modified":"2026-02-11T12:14:36","modified_gmt":"2026-02-11T12:14:36","slug":"carrasco-y-llano-en-proceso-de-recuperacion-2","status":"publish","type":"noticia","link":"https:\/\/basquetgirona.com\/es\/noticia\/carrasco-y-llano-en-proceso-de-recuperacion-2\/","title":{"rendered":"Carrasco y Llano, en proceso de recuperaci\u00f3n"},"content":{"rendered":"<p>Despu\u00e9s de tres d\u00edas de descanso, el senior del Baloncesto Girona volvi\u00f3 el lunes al trabajo ya con la vista puesta al compromiso de este s\u00e1bado en la pista del Club Baloncesto Tarragona (18.30 h), de la duod\u00e9cima jornada del grupo CA de Liga EBA. Raimon Carrasco y Jaime Llano, que se han perdido los \u00faltimos partidos por culpa de las lesiones, contin\u00faan su proceso de recuperaci\u00f3n y su evoluci\u00f3n marcar\u00e1 su vuelta a las pistas.&nbsp; Est\u00e1n combinando sesiones en el gimnasio bajo la supervisi\u00f3n del preparador f\u00edsico, Jorge Abru\u00f1edo, con su trabajo con el fisioterapeuta, Jes\u00fas Almaz\u00e1n.&nbsp;<\/p>\n<p>Carrasco se hizo un fuerte esguince de tobillo el 18 de noviembre contra el Coalci CB Sant Josep y Llano sufre una tendidez en la rodilla, que le impide jugar desde el 12 de noviembre, en la pista del Barber\u00e0 Team Values.<\/p>\n","protected":false},"excerpt":{"rendered":"<p>Ambos est\u00e1n trabajando para dejar atr\u00e1s sus lesiones y reincorporarse al trabajo con todo el grupo<\/p>\n","protected":false},"author":1,"featured_media":9012,"menu_order":0,"template":"","categoria_noticia":[],"class_list":["post-24789","noticia","type-noticia","status-publish","has-post-thumbnail","hentry"],"yoast_head":"<!-- This site is optimized with the Yoast SEO plugin v22.0 - https:\/\/yoast.com\/wordpress\/plugins\/seo\/ -->\n<title>Carrasco y Llano, en proceso de recuperaci\u00f3n - Basquet Girona<\/title>\n<meta name=\"robots\" content=\"index, follow, max-snippet:-1, max-image-preview:large, max-video-preview:-1\" \/>\n<link rel=\"canonical\" href=\"https:\/\/basquetgirona.com\/es\/noticia\/carrasco-y-llano-en-proceso-de-recuperacion-2\/\" \/>\n<meta property=\"og:locale\" content=\"es_ES\" \/>\n<meta property=\"og:type\" content=\"article\" \/>\n<meta property=\"og:title\" content=\"Carrasco y Llano, en proceso de recuperaci\u00f3n - Basquet Girona\" \/>\n<meta property=\"og:description\" content=\"Ambos est\u00e1n trabajando para dejar atr\u00e1s sus lesiones y reincorporarse al trabajo con todo el grupo\" \/>\n<meta property=\"og:url\" content=\"https:\/\/basquetgirona.com\/es\/noticia\/carrasco-y-llano-en-proceso-de-recuperacion-2\/\" \/>\n<meta property=\"og:site_name\" content=\"Basquet Girona\" \/>\n<meta property=\"article:publisher\" content=\"https:\/\/www.facebook.com\/BasquetGironaOficial\" \/>\n<meta property=\"article:modified_time\" content=\"2026-02-11T12:14:36+00:00\" \/>\n<meta property=\"og:image\" content=\"https:\/\/basquetgirona.com\/wp-content\/uploads\/2023\/09\/lesionssmalll.jpg\" \/>\n\t<meta property=\"og:image:width\" content=\"1\" \/>\n\t<meta property=\"og:image:height\" content=\"1\" \/>\n\t<meta property=\"og:image:type\" content=\"image\/jpeg\" \/>\n<meta name=\"twitter:card\" content=\"summary_large_image\" \/>\n<meta name=\"twitter:site\" content=\"@BasquetGirona\" \/>\n<meta name=\"twitter:label1\" content=\"Tiempo de lectura\" \/>\n\t<meta name=\"twitter:data1\" content=\"1 minuto\" \/>\n<!-- \/ Yoast SEO plugin. -->","yoast_head_json":{"title":"Carrasco y Llano, en proceso de recuperaci\u00f3n - Basquet Girona","robots":{"index":"index","follow":"follow","max-snippet":"max-snippet:-1","max-image-preview":"max-image-preview:large","max-video-preview":"max-video-preview:-1"},"canonical":"https:\/\/basquetgirona.com\/es\/noticia\/carrasco-y-llano-en-proceso-de-recuperacion-2\/","og_locale":"es_ES","og_type":"article","og_title":"Carrasco y Llano, en proceso de recuperaci\u00f3n - Basquet Girona","og_description":"Ambos est\u00e1n trabajando para dejar atr\u00e1s sus lesiones y reincorporarse al trabajo con todo el grupo","og_url":"https:\/\/basquetgirona.com\/es\/noticia\/carrasco-y-llano-en-proceso-de-recuperacion-2\/","og_site_name":"Basquet Girona","article_publisher":"https:\/\/www.facebook.com\/BasquetGironaOficial","article_modified_time":"2026-02-11T12:14:36+00:00","og_image":[{"url":"https:\/\/basquetgirona.com\/wp-content\/uploads\/2023\/09\/lesionssmalll.jpg","width":1,"height":1,"type":"image\/jpeg"}],"twitter_card":"summary_large_image","twitter_site":"@BasquetGirona","twitter_misc":{"Tiempo de lectura":"1 minuto"},"schema":{"@context":"https:\/\/schema.org","@graph":[{"@type":"NewsArticle","@id":"https:\/\/basquetgirona.com\/es\/noticia\/carrasco-y-llano-en-proceso-de-recuperacion-2\/#article","isPartOf":{"@id":"https:\/\/basquetgirona.com\/es\/noticia\/carrasco-y-llano-en-proceso-de-recuperacion-2\/"},"author":{"name":"wp6tems","@id":"https:\/\/basquetgirona.com\/es\/#\/schema\/person\/23e2f6077a380ef4bcbafe12c1c99532"},"headline":"Carrasco y Llano, en proceso de recuperaci\u00f3n","datePublished":"2017-12-13T00:00:00+00:00","dateModified":"2026-02-11T12:14:36+00:00","mainEntityOfPage":{"@id":"https:\/\/basquetgirona.com\/es\/noticia\/carrasco-y-llano-en-proceso-de-recuperacion-2\/"},"wordCount":160,"commentCount":0,"publisher":{"@id":"https:\/\/basquetgirona.com\/es\/#organization"},"inLanguage":"es"},{"@type":["WebPage","ItemPage"],"@id":"https:\/\/basquetgirona.com\/es\/noticia\/carrasco-y-llano-en-proceso-de-recuperacion-2\/","url":"https:\/\/basquetgirona.com\/es\/noticia\/carrasco-y-llano-en-proceso-de-recuperacion-2\/","name":"Carrasco y Llano, en proceso de recuperaci\u00f3n - Basquet Girona","isPartOf":{"@id":"https:\/\/basquetgirona.com\/es\/#website"},"datePublished":"2017-12-13T00:00:00+00:00","dateModified":"2026-02-11T12:14:36+00:00","breadcrumb":{"@id":"https:\/\/basquetgirona.com\/es\/noticia\/carrasco-y-llano-en-proceso-de-recuperacion-2\/#breadcrumb"},"inLanguage":"es","potentialAction":[{"@type":"ReadAction","target":["https:\/\/basquetgirona.com\/es\/noticia\/carrasco-y-llano-en-proceso-de-recuperacion-2\/"]}]},{"@type":"BreadcrumbList","@id":"https:\/\/basquetgirona.com\/es\/noticia\/carrasco-y-llano-en-proceso-de-recuperacion-2\/#breadcrumb","itemListElement":[{"@type":"ListItem","position":1,"name":"Inici","item":"https:\/\/basquetgirona.com\/es\/"},{"@type":"ListItem","position":2,"name":"Carrasco y Llano, en proceso de recuperaci\u00f3n"}]},{"@type":"WebSite","@id":"https:\/\/basquetgirona.com\/es\/#website","url":"https:\/\/basquetgirona.com\/es\/","name":"Basquet Girona","description":"","publisher":{"@id":"https:\/\/basquetgirona.com\/es\/#organization"},"potentialAction":[{"@type":"SearchAction","target":{"@type":"EntryPoint","urlTemplate":"https:\/\/basquetgirona.com\/es\/?s={search_term_string}"},"query-input":"required name=search_term_string"}],"inLanguage":"es"},{"@type":"Organization","@id":"https:\/\/basquetgirona.com\/es\/#organization","name":"Basquet Girona","url":"https:\/\/basquetgirona.com\/es\/","logo":{"@type":"ImageObject","inLanguage":"es","@id":"https:\/\/basquetgirona.com\/es\/#\/schema\/logo\/image\/","url":"https:\/\/basquetgirona.com\/wp-content\/uploads\/2023\/02\/girona-logo1.png","contentUrl":"https:\/\/basquetgirona.com\/wp-content\/uploads\/2023\/02\/girona-logo1.png","width":124,"height":136,"caption":"Basquet Girona"},"image":{"@id":"https:\/\/basquetgirona.com\/es\/#\/schema\/logo\/image\/"},"sameAs":["https:\/\/www.facebook.com\/BasquetGironaOficial","https:\/\/twitter.com\/BasquetGirona","https:\/\/www.instagram.com\/basquetgirona\/","https:\/\/es.linkedin.com\/company\/bsquet-girona","https:\/\/www.tiktok.com\/@basquetgirona"]},{"@type":"Person","@id":"https:\/\/basquetgirona.com\/es\/#\/schema\/person\/23e2f6077a380ef4bcbafe12c1c99532","name":"wp6tems","image":{"@type":"ImageObject","inLanguage":"es","@id":"https:\/\/basquetgirona.com\/es\/#\/schema\/person\/image\/","url":"https:\/\/secure.gravatar.com\/avatar\/bb7e7b41fd75599f16e2481d79259374553199dc2bee29aa20aa615e30729456?s=96&d=mm&r=g","contentUrl":"https:\/\/secure.gravatar.com\/avatar\/bb7e7b41fd75599f16e2481d79259374553199dc2bee29aa20aa615e30729456?s=96&d=mm&r=g","caption":"wp6tems"},"sameAs":["https:\/\/basquetgirona.com"],"url":"https:\/\/basquetgirona.com\/es\/author\/wp6tems\/"}]}},"acf":[],"_links":{"self":[{"href":"https:\/\/basquetgirona.com\/es\/wp-json\/wp\/v2\/noticia\/24789","targetHints":{"allow":["GET"]}}],"collection":[{"href":"https:\/\/basquetgirona.com\/es\/wp-json\/wp\/v2\/noticia"}],"about":[{"href":"https:\/\/basquetgirona.com\/es\/wp-json\/wp\/v2\/types\/noticia"}],"author":[{"embeddable":true,"href":"https:\/\/basquetgirona.com\/es\/wp-json\/wp\/v2\/users\/1"}],"version-history":[{"count":4,"href":"https:\/\/basquetgirona.com\/es\/wp-json\/wp\/v2\/noticia\/24789\/revisions"}],"predecessor-version":[{"id":54415,"href":"https:\/\/basquetgirona.com\/es\/wp-json\/wp\/v2\/noticia\/24789\/revisions\/54415"}],"wp:featuredmedia":[{"embeddable":true,"href":"https:\/\/basquetgirona.com\/es\/wp-json\/wp\/v2\/media\/9012"}],"wp:attachment":[{"href":"https:\/\/basquetgirona.com\/es\/wp-json\/wp\/v2\/media?parent=24789"}],"wp:term":[{"taxonomy":"categoria_noticia","embeddable":true,"href":"https:\/\/basquetgirona.com\/es\/wp-json\/wp\/v2\/categoria_noticia?post=24789"}],"curies":[{"name":"wp","href":"https:\/\/api.w.org\/{rel}","templated":true}]}}