{"id":24793,"date":"2017-10-15T00:00:00","date_gmt":"2017-10-15T00:00:00","guid":{"rendered":"https:\/\/basquetgirona.com\/noticia\/se-hacen-fuertes-en-fontajau-2\/"},"modified":"2025-03-31T19:37:53","modified_gmt":"2025-03-31T19:37:53","slug":"se-hacen-fuertes-en-fontajau-2","status":"publish","type":"noticia","link":"https:\/\/basquetgirona.com\/es\/noticia\/se-hacen-fuertes-en-fontajau-2\/","title":{"rendered":"Se hacen fuertes en Fontajau"},"content":{"rendered":"<p>El senior del B\u00e0squet Girona sigue confirmando su buen inicio de curso. Este mediod\u00eda, se ha impuesto en el Club Baloncesto Menorca (75-69) y acredita 3-1 de balance en las cuatro primeras jornadas del grupo CA de Liga EBA. El equipo dirigido por Quim Costa ha sudado para ligar la victoria ante un rival con jugadores de mucha experiencia en competiciones LEB, como Jorge Jim\u00e9nez y Andreu Matal\u00ed.  &nbsp;<\/p>\n<p>La igualdad de los primeros minutos la rompieron los baleares que, a finales del primer cuarto, se distanciaron aprovechando el desacierto y los errores locales (11-21, 9&#8242;). Poco a poco, el B\u00e0squet Girona ha ido subiendo el tono defensivo y eso, combinado con el acierto desde el per\u00edmetro, le han permitido adelantarse en el marcador a mediados de segundo parcial (28-26). Sin embargo, los visitantes, bien dirigidos por Jim\u00e9nez -debutaba hoy-, han parado el golpe y han llegado al descanso (30-31).  &nbsp;  En la vuelta de vestuarios, los de Quim Costa encontraron m\u00e1s fluidez ofensiva, lo que les permiti\u00f3 abrir una diferencia de +12 (48-36, 27&#8242;). El Club B\u00e0squet Menorca volvi\u00f3 al partido aprovech\u00e1ndose de las imprecisiones locales y, si bien todo parec\u00eda definido poco por el final (67-59, 37&#8242;), los errores en los tiros libres gerundenses en los \u00faltimos minutos generaron m\u00e1s inquietud de la cuenta. &nbsp;<\/p>\n<p>Antes del partido, se guard\u00f3 un minuto de silencio en memoria de Ramon Sitj\u00e0. El pr\u00f3ximo compromiso del senior es el domingo 22 de octubre en la pista del CB Cantaires de Tortosa (19 h). &nbsp;<\/p>\n<p><a href=\"http:\/\/competiciones.feb.es\/Estadisticas\/Partido.aspx?p=1874078&amp;med=0\">Estad\u00edstica<\/a><\/p>\n","protected":false},"excerpt":{"rendered":"<p>El senior supera al Club Baloncesto Menorca (75-69) y se mantiene en la zona alta del grupo CA de Liga EBA<\/p>\n","protected":false},"author":1,"featured_media":9080,"menu_order":0,"template":"","categoria_noticia":[],"class_list":["post-24793","noticia","type-noticia","status-publish","has-post-thumbnail","hentry"],"yoast_head":"<!-- This site is optimized with the Yoast SEO plugin v22.0 - https:\/\/yoast.com\/wordpress\/plugins\/seo\/ -->\n<title>Se hacen fuertes en Fontajau - Basquet Girona<\/title>\n<meta name=\"robots\" content=\"index, follow, max-snippet:-1, max-image-preview:large, max-video-preview:-1\" \/>\n<link rel=\"canonical\" href=\"https:\/\/basquetgirona.com\/es\/noticia\/se-hacen-fuertes-en-fontajau-2\/\" \/>\n<meta property=\"og:locale\" content=\"es_ES\" \/>\n<meta property=\"og:type\" content=\"article\" \/>\n<meta property=\"og:title\" content=\"Se hacen fuertes en Fontajau - Basquet Girona\" \/>\n<meta property=\"og:description\" content=\"El senior supera al Club Baloncesto Menorca (75-69) y se mantiene en la zona alta del grupo CA de Liga EBA\" \/>\n<meta property=\"og:url\" content=\"https:\/\/basquetgirona.com\/es\/noticia\/se-hacen-fuertes-en-fontajau-2\/\" \/>\n<meta property=\"og:site_name\" content=\"Basquet Girona\" \/>\n<meta property=\"article:publisher\" content=\"https:\/\/www.facebook.com\/BasquetGironaOficial\" \/>\n<meta property=\"article:modified_time\" content=\"2025-03-31T19:37:53+00:00\" \/>\n<meta property=\"og:image\" content=\"https:\/\/basquetgirona.com\/wp-content\/uploads\/2023\/09\/davidpetita.jpg\" \/>\n\t<meta property=\"og:image:width\" content=\"1\" \/>\n\t<meta property=\"og:image:height\" content=\"1\" \/>\n\t<meta property=\"og:image:type\" content=\"image\/jpeg\" \/>\n<meta name=\"twitter:card\" content=\"summary_large_image\" \/>\n<meta name=\"twitter:site\" content=\"@BasquetGirona\" \/>\n<meta name=\"twitter:label1\" content=\"Tiempo de lectura\" \/>\n\t<meta name=\"twitter:data1\" content=\"1 minuto\" \/>\n<!-- \/ Yoast SEO plugin. -->","yoast_head_json":{"title":"Se hacen fuertes en Fontajau - Basquet Girona","robots":{"index":"index","follow":"follow","max-snippet":"max-snippet:-1","max-image-preview":"max-image-preview:large","max-video-preview":"max-video-preview:-1"},"canonical":"https:\/\/basquetgirona.com\/es\/noticia\/se-hacen-fuertes-en-fontajau-2\/","og_locale":"es_ES","og_type":"article","og_title":"Se hacen fuertes en Fontajau - Basquet Girona","og_description":"El senior supera al Club Baloncesto Menorca (75-69) y se mantiene en la zona alta del grupo CA de Liga EBA","og_url":"https:\/\/basquetgirona.com\/es\/noticia\/se-hacen-fuertes-en-fontajau-2\/","og_site_name":"Basquet Girona","article_publisher":"https:\/\/www.facebook.com\/BasquetGironaOficial","article_modified_time":"2025-03-31T19:37:53+00:00","og_image":[{"url":"https:\/\/basquetgirona.com\/wp-content\/uploads\/2023\/09\/davidpetita.jpg","width":1,"height":1,"type":"image\/jpeg"}],"twitter_card":"summary_large_image","twitter_site":"@BasquetGirona","twitter_misc":{"Tiempo de lectura":"1 minuto"},"schema":{"@context":"https:\/\/schema.org","@graph":[{"@type":"NewsArticle","@id":"https:\/\/basquetgirona.com\/es\/noticia\/se-hacen-fuertes-en-fontajau-2\/#article","isPartOf":{"@id":"https:\/\/basquetgirona.com\/es\/noticia\/se-hacen-fuertes-en-fontajau-2\/"},"author":{"name":"wp6tems","@id":"https:\/\/basquetgirona.com\/es\/#\/schema\/person\/23e2f6077a380ef4bcbafe12c1c99532"},"headline":"Se hacen fuertes en Fontajau","datePublished":"2017-10-15T00:00:00+00:00","dateModified":"2025-03-31T19:37:53+00:00","mainEntityOfPage":{"@id":"https:\/\/basquetgirona.com\/es\/noticia\/se-hacen-fuertes-en-fontajau-2\/"},"wordCount":269,"commentCount":0,"publisher":{"@id":"https:\/\/basquetgirona.com\/es\/#organization"},"inLanguage":"es"},{"@type":["WebPage","ItemPage"],"@id":"https:\/\/basquetgirona.com\/es\/noticia\/se-hacen-fuertes-en-fontajau-2\/","url":"https:\/\/basquetgirona.com\/es\/noticia\/se-hacen-fuertes-en-fontajau-2\/","name":"Se hacen fuertes en Fontajau - Basquet Girona","isPartOf":{"@id":"https:\/\/basquetgirona.com\/es\/#website"},"datePublished":"2017-10-15T00:00:00+00:00","dateModified":"2025-03-31T19:37:53+00:00","breadcrumb":{"@id":"https:\/\/basquetgirona.com\/es\/noticia\/se-hacen-fuertes-en-fontajau-2\/#breadcrumb"},"inLanguage":"es","potentialAction":[{"@type":"ReadAction","target":["https:\/\/basquetgirona.com\/es\/noticia\/se-hacen-fuertes-en-fontajau-2\/"]}]},{"@type":"BreadcrumbList","@id":"https:\/\/basquetgirona.com\/es\/noticia\/se-hacen-fuertes-en-fontajau-2\/#breadcrumb","itemListElement":[{"@type":"ListItem","position":1,"name":"Inici","item":"https:\/\/basquetgirona.com\/es\/"},{"@type":"ListItem","position":2,"name":"Se hacen fuertes en Fontajau"}]},{"@type":"WebSite","@id":"https:\/\/basquetgirona.com\/es\/#website","url":"https:\/\/basquetgirona.com\/es\/","name":"Basquet Girona","description":"","publisher":{"@id":"https:\/\/basquetgirona.com\/es\/#organization"},"potentialAction":[{"@type":"SearchAction","target":{"@type":"EntryPoint","urlTemplate":"https:\/\/basquetgirona.com\/es\/?s={search_term_string}"},"query-input":"required name=search_term_string"}],"inLanguage":"es"},{"@type":"Organization","@id":"https:\/\/basquetgirona.com\/es\/#organization","name":"Basquet Girona","url":"https:\/\/basquetgirona.com\/es\/","logo":{"@type":"ImageObject","inLanguage":"es","@id":"https:\/\/basquetgirona.com\/es\/#\/schema\/logo\/image\/","url":"https:\/\/basquetgirona.com\/wp-content\/uploads\/2023\/02\/girona-logo1.png","contentUrl":"https:\/\/basquetgirona.com\/wp-content\/uploads\/2023\/02\/girona-logo1.png","width":124,"height":136,"caption":"Basquet Girona"},"image":{"@id":"https:\/\/basquetgirona.com\/es\/#\/schema\/logo\/image\/"},"sameAs":["https:\/\/www.facebook.com\/BasquetGironaOficial","https:\/\/twitter.com\/BasquetGirona","https:\/\/www.instagram.com\/basquetgirona\/","https:\/\/es.linkedin.com\/company\/bsquet-girona","https:\/\/www.tiktok.com\/@basquetgirona"]},{"@type":"Person","@id":"https:\/\/basquetgirona.com\/es\/#\/schema\/person\/23e2f6077a380ef4bcbafe12c1c99532","name":"wp6tems","image":{"@type":"ImageObject","inLanguage":"es","@id":"https:\/\/basquetgirona.com\/es\/#\/schema\/person\/image\/","url":"https:\/\/secure.gravatar.com\/avatar\/bb7e7b41fd75599f16e2481d79259374553199dc2bee29aa20aa615e30729456?s=96&d=mm&r=g","contentUrl":"https:\/\/secure.gravatar.com\/avatar\/bb7e7b41fd75599f16e2481d79259374553199dc2bee29aa20aa615e30729456?s=96&d=mm&r=g","caption":"wp6tems"},"sameAs":["https:\/\/basquetgirona.com"],"url":"https:\/\/basquetgirona.com\/es\/author\/wp6tems\/"}]}},"acf":[],"_links":{"self":[{"href":"https:\/\/basquetgirona.com\/es\/wp-json\/wp\/v2\/noticia\/24793","targetHints":{"allow":["GET"]}}],"collection":[{"href":"https:\/\/basquetgirona.com\/es\/wp-json\/wp\/v2\/noticia"}],"about":[{"href":"https:\/\/basquetgirona.com\/es\/wp-json\/wp\/v2\/types\/noticia"}],"author":[{"embeddable":true,"href":"https:\/\/basquetgirona.com\/es\/wp-json\/wp\/v2\/users\/1"}],"version-history":[{"count":2,"href":"https:\/\/basquetgirona.com\/es\/wp-json\/wp\/v2\/noticia\/24793\/revisions"}],"predecessor-version":[{"id":30334,"href":"https:\/\/basquetgirona.com\/es\/wp-json\/wp\/v2\/noticia\/24793\/revisions\/30334"}],"wp:featuredmedia":[{"embeddable":true,"href":"https:\/\/basquetgirona.com\/es\/wp-json\/wp\/v2\/media\/9080"}],"wp:attachment":[{"href":"https:\/\/basquetgirona.com\/es\/wp-json\/wp\/v2\/media?parent=24793"}],"wp:term":[{"taxonomy":"categoria_noticia","embeddable":true,"href":"https:\/\/basquetgirona.com\/es\/wp-json\/wp\/v2\/categoria_noticia?post=24793"}],"curies":[{"name":"wp","href":"https:\/\/api.w.org\/{rel}","templated":true}]}}