{"id":24810,"date":"2017-10-27T00:00:00","date_gmt":"2017-10-27T00:00:00","guid":{"rendered":"https:\/\/basquetgirona.com\/noticia\/el-reto-de-la-visita-del-lider-2\/"},"modified":"2025-05-30T08:47:27","modified_gmt":"2025-05-30T08:47:27","slug":"el-reto-de-la-visita-del-lider-2","status":"publish","type":"noticia","link":"https:\/\/basquetgirona.com\/es\/noticia\/el-reto-de-la-visita-del-lider-2\/","title":{"rendered":"El reto de la visita del l\u00edder"},"content":{"rendered":"<p>El senior del B\u00e0squet Girona disputar\u00e1 las dos pr\u00f3ximas jornadas como local. La primera es la visita a Fontajau este s\u00e1bado (19 h) del OIC-Penta UB Sant Adri\u00e0, l\u00edder del grupo CA de Liga EBA despu\u00e9s de cinco partidos (4-1). El equipo dirigido por Quim Costa, ubicado en la zona alta (3-2), intentar\u00e1 afianzar la buena l\u00ednea en casa, donde a\u00fan no ha perdido.  &nbsp;<\/p>\n<p>En su segunda temporada en la categor\u00eda, los barceloneses destacan por su capacidad anotadora. Son los que m\u00e1s puntos hacen del grupo (82,2) -el segundo es el B\u00e0squet Girona (81,2)- y no tienen dependencia de nadie en ataque puesto que hay seis jugadores acreditando al menos 9 puntos en la plantilla. Sobresalen \u00d2scar Amo, con 12 puntos y 9,4 rebotes y que la pasada temporada jugaba en El Prat (LEB Or) y Albert Serra, con 13,6. El t\u00e9cnico es Mario Lousame, quien ha iniciado el tercer curso al frente del equipo. La semana pasada, perdi\u00f3 la imbatibilidad, cayendo en casa contra el CB Tarragona por 82-83.    <\/p>\n<p>El acceso a Fontajau es gratuito<\/p>\n<p><a href=\"http:\/\/competiciones.feb.es\/Estadisticas\/Resultados.aspx?g=6&amp;t=2017\">Clasificaci\u00f3n y horarios<\/a><\/p>\n","protected":false},"excerpt":{"rendered":"<p>El senior recibe el s\u00e1bado en Fontajau al OIC-Penta UB Sant Adri\u00e0 (19 h), en la sexta jornada de Liga EBA<\/p>\n","protected":false},"author":1,"featured_media":9068,"menu_order":0,"template":"","categoria_noticia":[],"class_list":["post-24810","noticia","type-noticia","status-publish","has-post-thumbnail","hentry"],"yoast_head":"<!-- This site is optimized with the Yoast SEO plugin v22.0 - https:\/\/yoast.com\/wordpress\/plugins\/seo\/ -->\n<title>El reto de la visita del l\u00edder - Basquet Girona<\/title>\n<meta name=\"robots\" content=\"index, follow, max-snippet:-1, max-image-preview:large, max-video-preview:-1\" \/>\n<link rel=\"canonical\" href=\"https:\/\/basquetgirona.com\/es\/noticia\/el-reto-de-la-visita-del-lider-2\/\" \/>\n<meta property=\"og:locale\" content=\"es_ES\" \/>\n<meta property=\"og:type\" content=\"article\" \/>\n<meta property=\"og:title\" content=\"El reto de la visita del l\u00edder - Basquet Girona\" \/>\n<meta property=\"og:description\" content=\"El senior recibe el s\u00e1bado en Fontajau al OIC-Penta UB Sant Adri\u00e0 (19 h), en la sexta jornada de Liga EBA\" \/>\n<meta property=\"og:url\" content=\"https:\/\/basquetgirona.com\/es\/noticia\/el-reto-de-la-visita-del-lider-2\/\" \/>\n<meta property=\"og:site_name\" content=\"Basquet Girona\" \/>\n<meta property=\"article:publisher\" content=\"https:\/\/www.facebook.com\/BasquetGironaOficial\" \/>\n<meta property=\"article:modified_time\" content=\"2025-05-30T08:47:27+00:00\" \/>\n<meta property=\"og:image\" content=\"https:\/\/basquetgirona.com\/wp-content\/uploads\/2023\/09\/juscasmall.jpg\" \/>\n\t<meta property=\"og:image:width\" content=\"1\" \/>\n\t<meta property=\"og:image:height\" content=\"1\" \/>\n\t<meta property=\"og:image:type\" content=\"image\/jpeg\" \/>\n<meta name=\"twitter:card\" content=\"summary_large_image\" \/>\n<meta name=\"twitter:site\" content=\"@BasquetGirona\" \/>\n<meta name=\"twitter:label1\" content=\"Tiempo de lectura\" \/>\n\t<meta name=\"twitter:data1\" content=\"1 minuto\" \/>\n<!-- \/ Yoast SEO plugin. -->","yoast_head_json":{"title":"El reto de la visita del l\u00edder - Basquet Girona","robots":{"index":"index","follow":"follow","max-snippet":"max-snippet:-1","max-image-preview":"max-image-preview:large","max-video-preview":"max-video-preview:-1"},"canonical":"https:\/\/basquetgirona.com\/es\/noticia\/el-reto-de-la-visita-del-lider-2\/","og_locale":"es_ES","og_type":"article","og_title":"El reto de la visita del l\u00edder - Basquet Girona","og_description":"El senior recibe el s\u00e1bado en Fontajau al OIC-Penta UB Sant Adri\u00e0 (19 h), en la sexta jornada de Liga EBA","og_url":"https:\/\/basquetgirona.com\/es\/noticia\/el-reto-de-la-visita-del-lider-2\/","og_site_name":"Basquet Girona","article_publisher":"https:\/\/www.facebook.com\/BasquetGironaOficial","article_modified_time":"2025-05-30T08:47:27+00:00","og_image":[{"url":"https:\/\/basquetgirona.com\/wp-content\/uploads\/2023\/09\/juscasmall.jpg","width":1,"height":1,"type":"image\/jpeg"}],"twitter_card":"summary_large_image","twitter_site":"@BasquetGirona","twitter_misc":{"Tiempo de lectura":"1 minuto"},"schema":{"@context":"https:\/\/schema.org","@graph":[{"@type":"NewsArticle","@id":"https:\/\/basquetgirona.com\/es\/noticia\/el-reto-de-la-visita-del-lider-2\/#article","isPartOf":{"@id":"https:\/\/basquetgirona.com\/es\/noticia\/el-reto-de-la-visita-del-lider-2\/"},"author":{"name":"wp6tems","@id":"https:\/\/basquetgirona.com\/es\/#\/schema\/person\/23e2f6077a380ef4bcbafe12c1c99532"},"headline":"El reto de la visita del l\u00edder","datePublished":"2017-10-27T00:00:00+00:00","dateModified":"2025-05-30T08:47:27+00:00","mainEntityOfPage":{"@id":"https:\/\/basquetgirona.com\/es\/noticia\/el-reto-de-la-visita-del-lider-2\/"},"wordCount":194,"commentCount":0,"publisher":{"@id":"https:\/\/basquetgirona.com\/es\/#organization"},"inLanguage":"es"},{"@type":["WebPage","ItemPage"],"@id":"https:\/\/basquetgirona.com\/es\/noticia\/el-reto-de-la-visita-del-lider-2\/","url":"https:\/\/basquetgirona.com\/es\/noticia\/el-reto-de-la-visita-del-lider-2\/","name":"El reto de la visita del l\u00edder - Basquet Girona","isPartOf":{"@id":"https:\/\/basquetgirona.com\/es\/#website"},"datePublished":"2017-10-27T00:00:00+00:00","dateModified":"2025-05-30T08:47:27+00:00","breadcrumb":{"@id":"https:\/\/basquetgirona.com\/es\/noticia\/el-reto-de-la-visita-del-lider-2\/#breadcrumb"},"inLanguage":"es","potentialAction":[{"@type":"ReadAction","target":["https:\/\/basquetgirona.com\/es\/noticia\/el-reto-de-la-visita-del-lider-2\/"]}]},{"@type":"BreadcrumbList","@id":"https:\/\/basquetgirona.com\/es\/noticia\/el-reto-de-la-visita-del-lider-2\/#breadcrumb","itemListElement":[{"@type":"ListItem","position":1,"name":"Inici","item":"https:\/\/basquetgirona.com\/es\/"},{"@type":"ListItem","position":2,"name":"El reto de la visita del l\u00edder"}]},{"@type":"WebSite","@id":"https:\/\/basquetgirona.com\/es\/#website","url":"https:\/\/basquetgirona.com\/es\/","name":"Basquet Girona","description":"","publisher":{"@id":"https:\/\/basquetgirona.com\/es\/#organization"},"potentialAction":[{"@type":"SearchAction","target":{"@type":"EntryPoint","urlTemplate":"https:\/\/basquetgirona.com\/es\/?s={search_term_string}"},"query-input":"required name=search_term_string"}],"inLanguage":"es"},{"@type":"Organization","@id":"https:\/\/basquetgirona.com\/es\/#organization","name":"Basquet Girona","url":"https:\/\/basquetgirona.com\/es\/","logo":{"@type":"ImageObject","inLanguage":"es","@id":"https:\/\/basquetgirona.com\/es\/#\/schema\/logo\/image\/","url":"https:\/\/basquetgirona.com\/wp-content\/uploads\/2023\/02\/girona-logo1.png","contentUrl":"https:\/\/basquetgirona.com\/wp-content\/uploads\/2023\/02\/girona-logo1.png","width":124,"height":136,"caption":"Basquet Girona"},"image":{"@id":"https:\/\/basquetgirona.com\/es\/#\/schema\/logo\/image\/"},"sameAs":["https:\/\/www.facebook.com\/BasquetGironaOficial","https:\/\/twitter.com\/BasquetGirona","https:\/\/www.instagram.com\/basquetgirona\/","https:\/\/es.linkedin.com\/company\/bsquet-girona","https:\/\/www.tiktok.com\/@basquetgirona"]},{"@type":"Person","@id":"https:\/\/basquetgirona.com\/es\/#\/schema\/person\/23e2f6077a380ef4bcbafe12c1c99532","name":"wp6tems","image":{"@type":"ImageObject","inLanguage":"es","@id":"https:\/\/basquetgirona.com\/es\/#\/schema\/person\/image\/","url":"https:\/\/secure.gravatar.com\/avatar\/bb7e7b41fd75599f16e2481d79259374553199dc2bee29aa20aa615e30729456?s=96&d=mm&r=g","contentUrl":"https:\/\/secure.gravatar.com\/avatar\/bb7e7b41fd75599f16e2481d79259374553199dc2bee29aa20aa615e30729456?s=96&d=mm&r=g","caption":"wp6tems"},"sameAs":["https:\/\/basquetgirona.com"],"url":"https:\/\/basquetgirona.com\/es\/author\/wp6tems\/"}]}},"acf":[],"_links":{"self":[{"href":"https:\/\/basquetgirona.com\/es\/wp-json\/wp\/v2\/noticia\/24810","targetHints":{"allow":["GET"]}}],"collection":[{"href":"https:\/\/basquetgirona.com\/es\/wp-json\/wp\/v2\/noticia"}],"about":[{"href":"https:\/\/basquetgirona.com\/es\/wp-json\/wp\/v2\/types\/noticia"}],"author":[{"embeddable":true,"href":"https:\/\/basquetgirona.com\/es\/wp-json\/wp\/v2\/users\/1"}],"version-history":[{"count":2,"href":"https:\/\/basquetgirona.com\/es\/wp-json\/wp\/v2\/noticia\/24810\/revisions"}],"predecessor-version":[{"id":30342,"href":"https:\/\/basquetgirona.com\/es\/wp-json\/wp\/v2\/noticia\/24810\/revisions\/30342"}],"wp:featuredmedia":[{"embeddable":true,"href":"https:\/\/basquetgirona.com\/es\/wp-json\/wp\/v2\/media\/9068"}],"wp:attachment":[{"href":"https:\/\/basquetgirona.com\/es\/wp-json\/wp\/v2\/media?parent=24810"}],"wp:term":[{"taxonomy":"categoria_noticia","embeddable":true,"href":"https:\/\/basquetgirona.com\/es\/wp-json\/wp\/v2\/categoria_noticia?post=24810"}],"curies":[{"name":"wp","href":"https:\/\/api.w.org\/{rel}","templated":true}]}}