{"id":24812,"date":"2017-10-14T00:00:00","date_gmt":"2017-10-14T00:00:00","guid":{"rendered":"https:\/\/basquetgirona.com\/noticia\/contra-el-menorca-el-domingo-al-mediodia-2\/"},"modified":"2026-02-11T12:14:06","modified_gmt":"2026-02-11T12:14:06","slug":"contra-el-menorca-el-domingo-al-mediodia-2","status":"publish","type":"noticia","link":"https:\/\/basquetgirona.com\/es\/noticia\/contra-el-menorca-el-domingo-al-mediodia-2\/","title":{"rendered":"Contra el Menorca, el domingo al mediod\u00eda"},"content":{"rendered":"<p>El senior del B\u00e0squet Girona intentar\u00e1 recuperar el camino de la victoria el domingo al mediod\u00eda en Fontajau (13 h) despu\u00e9s de perder el primer partido del curso en Liga EBA la semana pasada en Matar\u00f3. El equipo dirigido por Quim Costa todav\u00eda se encuentra en la zona alta del grupo CA (2-1) y, para mantenerse, debe superar al Club B\u00e0squet Menorca. Los baleares inauguraron el casillero de triunfos en la \u00faltima jornada y todav\u00eda se encuentran con balance negativo (1-2). Quim Salvans, con 18 puntos de media, es el m\u00e1ximo anotador de los visitantes, que est\u00e1n dirigidos en el banquillo por Oriol Pag\u00e8s -fue ayudante de Xavi Pascual en el Bar\u00e7a tres temporadas (2013-16)- y tienen jugadores con mucho recorrido en las competiciones LEB, como Jorge Jim\u00e9nez o Jan Orfila. Ninguno de los dos, pero ha podido debutar este a\u00f1o.    &nbsp;<\/p>\n<p>La entrada al partido es gratuita.<\/p>\n<p><a href=\"http:\/\/competiciones.feb.es\/Estadisticas\/Resultados.aspx?g=6&amp;t=2017\">Clasificaci\u00f3n y horarios<\/a><\/p>\n","protected":false},"excerpt":{"rendered":"<p>El senior busca mantener la imbatibilidad en Fontajau (13 h), en la cuarta jornada de Liga EBA<\/p>\n","protected":false},"author":1,"featured_media":9084,"menu_order":0,"template":"","categoria_noticia":[],"class_list":["post-24812","noticia","type-noticia","status-publish","has-post-thumbnail","hentry"],"yoast_head":"<!-- This site is optimized with the Yoast SEO plugin v22.0 - https:\/\/yoast.com\/wordpress\/plugins\/seo\/ -->\n<title>Contra el Menorca, el domingo al mediod\u00eda - Basquet Girona<\/title>\n<meta name=\"robots\" content=\"index, follow, max-snippet:-1, max-image-preview:large, max-video-preview:-1\" \/>\n<link rel=\"canonical\" href=\"https:\/\/basquetgirona.com\/es\/noticia\/contra-el-menorca-el-domingo-al-mediodia-2\/\" \/>\n<meta property=\"og:locale\" content=\"es_ES\" \/>\n<meta property=\"og:type\" content=\"article\" \/>\n<meta property=\"og:title\" content=\"Contra el Menorca, el domingo al mediod\u00eda - Basquet Girona\" \/>\n<meta property=\"og:description\" content=\"El senior busca mantener la imbatibilidad en Fontajau (13 h), en la cuarta jornada de Liga EBA\" \/>\n<meta property=\"og:url\" content=\"https:\/\/basquetgirona.com\/es\/noticia\/contra-el-menorca-el-domingo-al-mediodia-2\/\" \/>\n<meta property=\"og:site_name\" content=\"Basquet Girona\" \/>\n<meta property=\"article:publisher\" content=\"https:\/\/www.facebook.com\/BasquetGironaOficial\" \/>\n<meta property=\"article:modified_time\" content=\"2026-02-11T12:14:06+00:00\" \/>\n<meta property=\"og:image\" content=\"https:\/\/basquetgirona.com\/wp-content\/uploads\/2023\/09\/gironapetita.jpg\" \/>\n\t<meta property=\"og:image:width\" content=\"1\" \/>\n\t<meta property=\"og:image:height\" content=\"1\" \/>\n\t<meta property=\"og:image:type\" content=\"image\/jpeg\" \/>\n<meta name=\"twitter:card\" content=\"summary_large_image\" \/>\n<meta name=\"twitter:site\" content=\"@BasquetGirona\" \/>\n<meta name=\"twitter:label1\" content=\"Tiempo de lectura\" \/>\n\t<meta name=\"twitter:data1\" content=\"1 minuto\" \/>\n<!-- \/ Yoast SEO plugin. -->","yoast_head_json":{"title":"Contra el Menorca, el domingo al mediod\u00eda - Basquet Girona","robots":{"index":"index","follow":"follow","max-snippet":"max-snippet:-1","max-image-preview":"max-image-preview:large","max-video-preview":"max-video-preview:-1"},"canonical":"https:\/\/basquetgirona.com\/es\/noticia\/contra-el-menorca-el-domingo-al-mediodia-2\/","og_locale":"es_ES","og_type":"article","og_title":"Contra el Menorca, el domingo al mediod\u00eda - Basquet Girona","og_description":"El senior busca mantener la imbatibilidad en Fontajau (13 h), en la cuarta jornada de Liga EBA","og_url":"https:\/\/basquetgirona.com\/es\/noticia\/contra-el-menorca-el-domingo-al-mediodia-2\/","og_site_name":"Basquet Girona","article_publisher":"https:\/\/www.facebook.com\/BasquetGironaOficial","article_modified_time":"2026-02-11T12:14:06+00:00","og_image":[{"url":"https:\/\/basquetgirona.com\/wp-content\/uploads\/2023\/09\/gironapetita.jpg","width":1,"height":1,"type":"image\/jpeg"}],"twitter_card":"summary_large_image","twitter_site":"@BasquetGirona","twitter_misc":{"Tiempo de lectura":"1 minuto"},"schema":{"@context":"https:\/\/schema.org","@graph":[{"@type":"NewsArticle","@id":"https:\/\/basquetgirona.com\/es\/noticia\/contra-el-menorca-el-domingo-al-mediodia-2\/#article","isPartOf":{"@id":"https:\/\/basquetgirona.com\/es\/noticia\/contra-el-menorca-el-domingo-al-mediodia-2\/"},"author":{"name":"wp6tems","@id":"https:\/\/basquetgirona.com\/es\/#\/schema\/person\/23e2f6077a380ef4bcbafe12c1c99532"},"headline":"Contra el Menorca, el domingo al mediod\u00eda","datePublished":"2017-10-14T00:00:00+00:00","dateModified":"2026-02-11T12:14:06+00:00","mainEntityOfPage":{"@id":"https:\/\/basquetgirona.com\/es\/noticia\/contra-el-menorca-el-domingo-al-mediodia-2\/"},"wordCount":171,"commentCount":0,"publisher":{"@id":"https:\/\/basquetgirona.com\/es\/#organization"},"inLanguage":"es"},{"@type":["WebPage","ItemPage"],"@id":"https:\/\/basquetgirona.com\/es\/noticia\/contra-el-menorca-el-domingo-al-mediodia-2\/","url":"https:\/\/basquetgirona.com\/es\/noticia\/contra-el-menorca-el-domingo-al-mediodia-2\/","name":"Contra el Menorca, el domingo al mediod\u00eda - Basquet Girona","isPartOf":{"@id":"https:\/\/basquetgirona.com\/es\/#website"},"datePublished":"2017-10-14T00:00:00+00:00","dateModified":"2026-02-11T12:14:06+00:00","breadcrumb":{"@id":"https:\/\/basquetgirona.com\/es\/noticia\/contra-el-menorca-el-domingo-al-mediodia-2\/#breadcrumb"},"inLanguage":"es","potentialAction":[{"@type":"ReadAction","target":["https:\/\/basquetgirona.com\/es\/noticia\/contra-el-menorca-el-domingo-al-mediodia-2\/"]}]},{"@type":"BreadcrumbList","@id":"https:\/\/basquetgirona.com\/es\/noticia\/contra-el-menorca-el-domingo-al-mediodia-2\/#breadcrumb","itemListElement":[{"@type":"ListItem","position":1,"name":"Inici","item":"https:\/\/basquetgirona.com\/es\/"},{"@type":"ListItem","position":2,"name":"Contra el Menorca, el domingo al mediod\u00eda"}]},{"@type":"WebSite","@id":"https:\/\/basquetgirona.com\/es\/#website","url":"https:\/\/basquetgirona.com\/es\/","name":"Basquet Girona","description":"","publisher":{"@id":"https:\/\/basquetgirona.com\/es\/#organization"},"potentialAction":[{"@type":"SearchAction","target":{"@type":"EntryPoint","urlTemplate":"https:\/\/basquetgirona.com\/es\/?s={search_term_string}"},"query-input":"required name=search_term_string"}],"inLanguage":"es"},{"@type":"Organization","@id":"https:\/\/basquetgirona.com\/es\/#organization","name":"Basquet Girona","url":"https:\/\/basquetgirona.com\/es\/","logo":{"@type":"ImageObject","inLanguage":"es","@id":"https:\/\/basquetgirona.com\/es\/#\/schema\/logo\/image\/","url":"https:\/\/basquetgirona.com\/wp-content\/uploads\/2023\/02\/girona-logo1.png","contentUrl":"https:\/\/basquetgirona.com\/wp-content\/uploads\/2023\/02\/girona-logo1.png","width":124,"height":136,"caption":"Basquet Girona"},"image":{"@id":"https:\/\/basquetgirona.com\/es\/#\/schema\/logo\/image\/"},"sameAs":["https:\/\/www.facebook.com\/BasquetGironaOficial","https:\/\/twitter.com\/BasquetGirona","https:\/\/www.instagram.com\/basquetgirona\/","https:\/\/es.linkedin.com\/company\/bsquet-girona","https:\/\/www.tiktok.com\/@basquetgirona"]},{"@type":"Person","@id":"https:\/\/basquetgirona.com\/es\/#\/schema\/person\/23e2f6077a380ef4bcbafe12c1c99532","name":"wp6tems","image":{"@type":"ImageObject","inLanguage":"es","@id":"https:\/\/basquetgirona.com\/es\/#\/schema\/person\/image\/","url":"https:\/\/secure.gravatar.com\/avatar\/bb7e7b41fd75599f16e2481d79259374553199dc2bee29aa20aa615e30729456?s=96&d=mm&r=g","contentUrl":"https:\/\/secure.gravatar.com\/avatar\/bb7e7b41fd75599f16e2481d79259374553199dc2bee29aa20aa615e30729456?s=96&d=mm&r=g","caption":"wp6tems"},"sameAs":["https:\/\/basquetgirona.com"],"url":"https:\/\/basquetgirona.com\/es\/author\/wp6tems\/"}]}},"acf":[],"_links":{"self":[{"href":"https:\/\/basquetgirona.com\/es\/wp-json\/wp\/v2\/noticia\/24812","targetHints":{"allow":["GET"]}}],"collection":[{"href":"https:\/\/basquetgirona.com\/es\/wp-json\/wp\/v2\/noticia"}],"about":[{"href":"https:\/\/basquetgirona.com\/es\/wp-json\/wp\/v2\/types\/noticia"}],"author":[{"embeddable":true,"href":"https:\/\/basquetgirona.com\/es\/wp-json\/wp\/v2\/users\/1"}],"version-history":[{"count":4,"href":"https:\/\/basquetgirona.com\/es\/wp-json\/wp\/v2\/noticia\/24812\/revisions"}],"predecessor-version":[{"id":55408,"href":"https:\/\/basquetgirona.com\/es\/wp-json\/wp\/v2\/noticia\/24812\/revisions\/55408"}],"wp:featuredmedia":[{"embeddable":true,"href":"https:\/\/basquetgirona.com\/es\/wp-json\/wp\/v2\/media\/9084"}],"wp:attachment":[{"href":"https:\/\/basquetgirona.com\/es\/wp-json\/wp\/v2\/media?parent=24812"}],"wp:term":[{"taxonomy":"categoria_noticia","embeddable":true,"href":"https:\/\/basquetgirona.com\/es\/wp-json\/wp\/v2\/categoria_noticia?post=24812"}],"curies":[{"name":"wp","href":"https:\/\/api.w.org\/{rel}","templated":true}]}}