{"id":24814,"date":"2017-08-18T00:00:00","date_gmt":"2017-08-18T00:00:00","guid":{"rendered":"https:\/\/basquetgirona.com\/noticia\/la-base-ya-tiene-sus-equipos-tecnicos-2\/"},"modified":"2026-02-11T12:13:49","modified_gmt":"2026-02-11T12:13:49","slug":"la-base-ya-tiene-sus-equipos-tecnicos-2","status":"publish","type":"noticia","link":"https:\/\/basquetgirona.com\/es\/noticia\/la-base-ya-tiene-sus-equipos-tecnicos-2\/","title":{"rendered":"La base ya tiene sus equipos t\u00e9cnicos"},"content":{"rendered":"<p>El B\u00e0squet Girona ya ha concretado el cuerpo t\u00e9cnico de cada uno de los seis equipos de la base de esta pr\u00f3xima temporada. El U18 ha sido el m\u00e1s tempranero en ponerse a trabajar y todo lo dem\u00e1s lo est\u00e1n haciendo progresivamente. &nbsp;<\/p>\n<p><strong>U18<\/strong><\/p>\n<p>Despu\u00e9s de un par\u00e9ntesis de un a\u00f1o, Jordi Sargatal vuelve al club para hacerse cargo del U18. Tendr\u00e1 como asistente a Sergi Juanola y de delegado, Biel Colominas. La preparaci\u00f3n f\u00edsica correr\u00e1 a cargo de Jorge Abru\u00f1edo, que lo combinar\u00e1 con el senior, y Guillem Ferrer.  <\/p>\n<p><strong>U17<\/strong><\/p>\n<p>Milo Nunes, asistente tambi\u00e9n en el senior, dirigir\u00e1 al equipo con Rub\u00e9n Salido como asistente. Guillem Ferrer realizar\u00e1 tareas de preparador f\u00edsico y delegado. &nbsp;<\/p>\n<p><strong>U16<\/strong><\/p>\n<p>Ra\u00fcl Galobardes se mantiene al frente del U16, que se mantuvo en Preferente el pasado curso. A su lado, Carles Nadal ejercer\u00e1 de asistente y Anna J\u00f2dar, de delegada y preparadora f\u00edsica. &nbsp;<\/p>\n<p><strong>U15<\/strong><\/p>\n<p>Quim Gala toma este a\u00f1o las riendas del U15. Tendr\u00e1 Marc Oliv\u00e9 haciendo labores de asistente y delegado y Ann\u00e0 J\u00f2dar, de preparadora f\u00edsica. <\/p>\n<p><strong>U14<\/strong><\/p>\n<p>El U14 estar\u00e1 dirigido esta temporada por Albert Roca. Completar\u00e1n al equipo Miquel Fuentes como asistente y preparador f\u00edsico y Jordi Carrera, de delegado. &nbsp;<\/p>\n<p><strong>U13<\/strong><\/p>\n<p>Andreu Vil\u00e0 se har\u00e1 cargo del U13, con Albert Junc\u00e0 compaginando las funciones de asistente y delegado.&nbsp;<\/p>\n<p>&nbsp;<\/p>\n<p><em>(*) &#8211; En la imagen (de izquierda a derecha), Anna J\u00f2dar, Ra\u00fcl Galobardes y Carles Nadal, cuerpo t\u00e9cnico del U16<\/em><\/p>\n","protected":false},"excerpt":{"rendered":"<p>El U18 ha sido el primero en iniciar los entrenamientos de pretemporada<\/p>\n","protected":false},"author":1,"featured_media":9130,"menu_order":0,"template":"","categoria_noticia":[],"class_list":["post-24814","noticia","type-noticia","status-publish","has-post-thumbnail","hentry"],"yoast_head":"<!-- This site is optimized with the Yoast SEO plugin v22.0 - https:\/\/yoast.com\/wordpress\/plugins\/seo\/ -->\n<title>La base ya tiene sus equipos t\u00e9cnicos - Basquet Girona<\/title>\n<meta name=\"robots\" content=\"index, follow, max-snippet:-1, max-image-preview:large, max-video-preview:-1\" \/>\n<link rel=\"canonical\" href=\"https:\/\/basquetgirona.com\/es\/noticia\/la-base-ya-tiene-sus-equipos-tecnicos-2\/\" \/>\n<meta property=\"og:locale\" content=\"es_ES\" \/>\n<meta property=\"og:type\" content=\"article\" \/>\n<meta property=\"og:title\" content=\"La base ya tiene sus equipos t\u00e9cnicos - Basquet Girona\" \/>\n<meta property=\"og:description\" content=\"El U18 ha sido el primero en iniciar los entrenamientos de pretemporada\" \/>\n<meta property=\"og:url\" content=\"https:\/\/basquetgirona.com\/es\/noticia\/la-base-ya-tiene-sus-equipos-tecnicos-2\/\" \/>\n<meta property=\"og:site_name\" content=\"Basquet Girona\" \/>\n<meta property=\"article:publisher\" content=\"https:\/\/www.facebook.com\/BasquetGironaOficial\" \/>\n<meta property=\"article:modified_time\" content=\"2026-02-11T12:13:49+00:00\" \/>\n<meta property=\"og:image\" content=\"https:\/\/basquetgirona.com\/wp-content\/uploads\/2023\/09\/u16petita.jpg\" \/>\n\t<meta property=\"og:image:width\" content=\"1\" \/>\n\t<meta property=\"og:image:height\" content=\"1\" \/>\n\t<meta property=\"og:image:type\" content=\"image\/jpeg\" \/>\n<meta name=\"twitter:card\" content=\"summary_large_image\" \/>\n<meta name=\"twitter:site\" content=\"@BasquetGirona\" \/>\n<meta name=\"twitter:label1\" content=\"Tiempo de lectura\" \/>\n\t<meta name=\"twitter:data1\" content=\"1 minuto\" \/>\n<!-- \/ Yoast SEO plugin. -->","yoast_head_json":{"title":"La base ya tiene sus equipos t\u00e9cnicos - Basquet Girona","robots":{"index":"index","follow":"follow","max-snippet":"max-snippet:-1","max-image-preview":"max-image-preview:large","max-video-preview":"max-video-preview:-1"},"canonical":"https:\/\/basquetgirona.com\/es\/noticia\/la-base-ya-tiene-sus-equipos-tecnicos-2\/","og_locale":"es_ES","og_type":"article","og_title":"La base ya tiene sus equipos t\u00e9cnicos - Basquet Girona","og_description":"El U18 ha sido el primero en iniciar los entrenamientos de pretemporada","og_url":"https:\/\/basquetgirona.com\/es\/noticia\/la-base-ya-tiene-sus-equipos-tecnicos-2\/","og_site_name":"Basquet Girona","article_publisher":"https:\/\/www.facebook.com\/BasquetGironaOficial","article_modified_time":"2026-02-11T12:13:49+00:00","og_image":[{"url":"https:\/\/basquetgirona.com\/wp-content\/uploads\/2023\/09\/u16petita.jpg","width":1,"height":1,"type":"image\/jpeg"}],"twitter_card":"summary_large_image","twitter_site":"@BasquetGirona","twitter_misc":{"Tiempo de lectura":"1 minuto"},"schema":{"@context":"https:\/\/schema.org","@graph":[{"@type":"NewsArticle","@id":"https:\/\/basquetgirona.com\/es\/noticia\/la-base-ya-tiene-sus-equipos-tecnicos-2\/#article","isPartOf":{"@id":"https:\/\/basquetgirona.com\/es\/noticia\/la-base-ya-tiene-sus-equipos-tecnicos-2\/"},"author":{"name":"wp6tems","@id":"https:\/\/basquetgirona.com\/es\/#\/schema\/person\/23e2f6077a380ef4bcbafe12c1c99532"},"headline":"La base ya tiene sus equipos t\u00e9cnicos","datePublished":"2017-08-18T00:00:00+00:00","dateModified":"2026-02-11T12:13:49+00:00","mainEntityOfPage":{"@id":"https:\/\/basquetgirona.com\/es\/noticia\/la-base-ya-tiene-sus-equipos-tecnicos-2\/"},"wordCount":274,"commentCount":0,"publisher":{"@id":"https:\/\/basquetgirona.com\/es\/#organization"},"inLanguage":"es"},{"@type":["WebPage","ItemPage"],"@id":"https:\/\/basquetgirona.com\/es\/noticia\/la-base-ya-tiene-sus-equipos-tecnicos-2\/","url":"https:\/\/basquetgirona.com\/es\/noticia\/la-base-ya-tiene-sus-equipos-tecnicos-2\/","name":"La base ya tiene sus equipos t\u00e9cnicos - Basquet Girona","isPartOf":{"@id":"https:\/\/basquetgirona.com\/es\/#website"},"datePublished":"2017-08-18T00:00:00+00:00","dateModified":"2026-02-11T12:13:49+00:00","breadcrumb":{"@id":"https:\/\/basquetgirona.com\/es\/noticia\/la-base-ya-tiene-sus-equipos-tecnicos-2\/#breadcrumb"},"inLanguage":"es","potentialAction":[{"@type":"ReadAction","target":["https:\/\/basquetgirona.com\/es\/noticia\/la-base-ya-tiene-sus-equipos-tecnicos-2\/"]}]},{"@type":"BreadcrumbList","@id":"https:\/\/basquetgirona.com\/es\/noticia\/la-base-ya-tiene-sus-equipos-tecnicos-2\/#breadcrumb","itemListElement":[{"@type":"ListItem","position":1,"name":"Inici","item":"https:\/\/basquetgirona.com\/es\/"},{"@type":"ListItem","position":2,"name":"La base ya tiene sus equipos t\u00e9cnicos"}]},{"@type":"WebSite","@id":"https:\/\/basquetgirona.com\/es\/#website","url":"https:\/\/basquetgirona.com\/es\/","name":"Basquet Girona","description":"","publisher":{"@id":"https:\/\/basquetgirona.com\/es\/#organization"},"potentialAction":[{"@type":"SearchAction","target":{"@type":"EntryPoint","urlTemplate":"https:\/\/basquetgirona.com\/es\/?s={search_term_string}"},"query-input":"required name=search_term_string"}],"inLanguage":"es"},{"@type":"Organization","@id":"https:\/\/basquetgirona.com\/es\/#organization","name":"Basquet Girona","url":"https:\/\/basquetgirona.com\/es\/","logo":{"@type":"ImageObject","inLanguage":"es","@id":"https:\/\/basquetgirona.com\/es\/#\/schema\/logo\/image\/","url":"https:\/\/basquetgirona.com\/wp-content\/uploads\/2023\/02\/girona-logo1.png","contentUrl":"https:\/\/basquetgirona.com\/wp-content\/uploads\/2023\/02\/girona-logo1.png","width":124,"height":136,"caption":"Basquet Girona"},"image":{"@id":"https:\/\/basquetgirona.com\/es\/#\/schema\/logo\/image\/"},"sameAs":["https:\/\/www.facebook.com\/BasquetGironaOficial","https:\/\/twitter.com\/BasquetGirona","https:\/\/www.instagram.com\/basquetgirona\/","https:\/\/es.linkedin.com\/company\/bsquet-girona","https:\/\/www.tiktok.com\/@basquetgirona"]},{"@type":"Person","@id":"https:\/\/basquetgirona.com\/es\/#\/schema\/person\/23e2f6077a380ef4bcbafe12c1c99532","name":"wp6tems","image":{"@type":"ImageObject","inLanguage":"es","@id":"https:\/\/basquetgirona.com\/es\/#\/schema\/person\/image\/","url":"https:\/\/secure.gravatar.com\/avatar\/bb7e7b41fd75599f16e2481d79259374553199dc2bee29aa20aa615e30729456?s=96&d=mm&r=g","contentUrl":"https:\/\/secure.gravatar.com\/avatar\/bb7e7b41fd75599f16e2481d79259374553199dc2bee29aa20aa615e30729456?s=96&d=mm&r=g","caption":"wp6tems"},"sameAs":["https:\/\/basquetgirona.com"],"url":"https:\/\/basquetgirona.com\/es\/author\/wp6tems\/"}]}},"acf":[],"_links":{"self":[{"href":"https:\/\/basquetgirona.com\/es\/wp-json\/wp\/v2\/noticia\/24814","targetHints":{"allow":["GET"]}}],"collection":[{"href":"https:\/\/basquetgirona.com\/es\/wp-json\/wp\/v2\/noticia"}],"about":[{"href":"https:\/\/basquetgirona.com\/es\/wp-json\/wp\/v2\/types\/noticia"}],"author":[{"embeddable":true,"href":"https:\/\/basquetgirona.com\/es\/wp-json\/wp\/v2\/users\/1"}],"version-history":[{"count":4,"href":"https:\/\/basquetgirona.com\/es\/wp-json\/wp\/v2\/noticia\/24814\/revisions"}],"predecessor-version":[{"id":55438,"href":"https:\/\/basquetgirona.com\/es\/wp-json\/wp\/v2\/noticia\/24814\/revisions\/55438"}],"wp:featuredmedia":[{"embeddable":true,"href":"https:\/\/basquetgirona.com\/es\/wp-json\/wp\/v2\/media\/9130"}],"wp:attachment":[{"href":"https:\/\/basquetgirona.com\/es\/wp-json\/wp\/v2\/media?parent=24814"}],"wp:term":[{"taxonomy":"categoria_noticia","embeddable":true,"href":"https:\/\/basquetgirona.com\/es\/wp-json\/wp\/v2\/categoria_noticia?post=24814"}],"curies":[{"name":"wp","href":"https:\/\/api.w.org\/{rel}","templated":true}]}}