{"id":24858,"date":"2017-07-28T00:00:00","date_gmt":"2017-07-28T00:00:00","guid":{"rendered":"https:\/\/basquetgirona.com\/noticia\/encuentro-con-los-medios-gerundenses\/"},"modified":"2025-04-05T21:44:21","modified_gmt":"2025-04-05T21:44:21","slug":"encuentro-con-los-medios-gerundenses","status":"publish","type":"noticia","link":"https:\/\/basquetgirona.com\/es\/noticia\/encuentro-con-los-medios-gerundenses\/","title":{"rendered":"Encuentro con los medios gerundenses"},"content":{"rendered":"<p>Marc Gasol mantuvo un encuentro con los medios de comunicaci\u00f3n de Girona, en el que expuso con detalle el proyecto del club, este a\u00f1o reforzado por la creaci\u00f3n de un equipo senior que participar\u00e1 la pr\u00f3xima temporada en la Liga EBA. El presidente subray\u00f3 que era un buen momento para dar ese paso despu\u00e9s de tejer una estructura s\u00f3lida en la base en los tres \u00faltimos a\u00f1os. &nbsp;<\/p>\n<p>Confirm\u00f3 la llegada de Quim Costa como entrenador del primer equipo ya \u00c0lex Formento como nuevo director deportivo. Ambos son los encargados de confeccionar la plantilla que, en su mayor\u00eda, estar\u00e1 formada por jugadores j\u00f3venes, de entre 18 y 23 a\u00f1os. &nbsp;<\/p>\n","protected":false},"excerpt":{"rendered":"<p>Marc Gasol les ha explicado las l\u00edneas maestras del proyecto<\/p>\n","protected":false},"author":1,"featured_media":9135,"menu_order":0,"template":"","categoria_noticia":[],"class_list":["post-24858","noticia","type-noticia","status-publish","has-post-thumbnail","hentry"],"yoast_head":"<!-- This site is optimized with the Yoast SEO plugin v22.0 - https:\/\/yoast.com\/wordpress\/plugins\/seo\/ -->\n<title>Encuentro con los medios gerundenses - Basquet Girona<\/title>\n<meta name=\"robots\" content=\"index, follow, max-snippet:-1, max-image-preview:large, max-video-preview:-1\" \/>\n<link rel=\"canonical\" href=\"https:\/\/basquetgirona.com\/es\/noticia\/encuentro-con-los-medios-gerundenses\/\" \/>\n<meta property=\"og:locale\" content=\"es_ES\" \/>\n<meta property=\"og:type\" content=\"article\" \/>\n<meta property=\"og:title\" content=\"Encuentro con los medios gerundenses - Basquet Girona\" \/>\n<meta property=\"og:description\" content=\"Marc Gasol les ha explicado las l\u00edneas maestras del proyecto\" \/>\n<meta property=\"og:url\" content=\"https:\/\/basquetgirona.com\/es\/noticia\/encuentro-con-los-medios-gerundenses\/\" \/>\n<meta property=\"og:site_name\" content=\"Basquet Girona\" \/>\n<meta property=\"article:publisher\" content=\"https:\/\/www.facebook.com\/BasquetGironaOficial\" \/>\n<meta property=\"article:modified_time\" content=\"2025-04-05T21:44:21+00:00\" \/>\n<meta property=\"og:image\" content=\"https:\/\/basquetgirona.com\/wp-content\/uploads\/2023\/09\/IMG_4760petita.jpg\" \/>\n\t<meta property=\"og:image:width\" content=\"1\" \/>\n\t<meta property=\"og:image:height\" content=\"1\" \/>\n\t<meta property=\"og:image:type\" content=\"image\/jpeg\" \/>\n<meta name=\"twitter:card\" content=\"summary_large_image\" \/>\n<meta name=\"twitter:site\" content=\"@BasquetGirona\" \/>\n<meta name=\"twitter:label1\" content=\"Tiempo de lectura\" \/>\n\t<meta name=\"twitter:data1\" content=\"1 minuto\" \/>\n<!-- \/ Yoast SEO plugin. -->","yoast_head_json":{"title":"Encuentro con los medios gerundenses - Basquet Girona","robots":{"index":"index","follow":"follow","max-snippet":"max-snippet:-1","max-image-preview":"max-image-preview:large","max-video-preview":"max-video-preview:-1"},"canonical":"https:\/\/basquetgirona.com\/es\/noticia\/encuentro-con-los-medios-gerundenses\/","og_locale":"es_ES","og_type":"article","og_title":"Encuentro con los medios gerundenses - Basquet Girona","og_description":"Marc Gasol les ha explicado las l\u00edneas maestras del proyecto","og_url":"https:\/\/basquetgirona.com\/es\/noticia\/encuentro-con-los-medios-gerundenses\/","og_site_name":"Basquet Girona","article_publisher":"https:\/\/www.facebook.com\/BasquetGironaOficial","article_modified_time":"2025-04-05T21:44:21+00:00","og_image":[{"url":"https:\/\/basquetgirona.com\/wp-content\/uploads\/2023\/09\/IMG_4760petita.jpg","width":1,"height":1,"type":"image\/jpeg"}],"twitter_card":"summary_large_image","twitter_site":"@BasquetGirona","twitter_misc":{"Tiempo de lectura":"1 minuto"},"schema":{"@context":"https:\/\/schema.org","@graph":[{"@type":"NewsArticle","@id":"https:\/\/basquetgirona.com\/es\/noticia\/encuentro-con-los-medios-gerundenses\/#article","isPartOf":{"@id":"https:\/\/basquetgirona.com\/es\/noticia\/encuentro-con-los-medios-gerundenses\/"},"author":{"name":"wp6tems","@id":"https:\/\/basquetgirona.com\/es\/#\/schema\/person\/23e2f6077a380ef4bcbafe12c1c99532"},"headline":"Encuentro con los medios gerundenses","datePublished":"2017-07-28T00:00:00+00:00","dateModified":"2025-04-05T21:44:21+00:00","mainEntityOfPage":{"@id":"https:\/\/basquetgirona.com\/es\/noticia\/encuentro-con-los-medios-gerundenses\/"},"wordCount":123,"commentCount":0,"publisher":{"@id":"https:\/\/basquetgirona.com\/es\/#organization"},"inLanguage":"es"},{"@type":["WebPage","ItemPage"],"@id":"https:\/\/basquetgirona.com\/es\/noticia\/encuentro-con-los-medios-gerundenses\/","url":"https:\/\/basquetgirona.com\/es\/noticia\/encuentro-con-los-medios-gerundenses\/","name":"Encuentro con los medios gerundenses - Basquet Girona","isPartOf":{"@id":"https:\/\/basquetgirona.com\/es\/#website"},"datePublished":"2017-07-28T00:00:00+00:00","dateModified":"2025-04-05T21:44:21+00:00","breadcrumb":{"@id":"https:\/\/basquetgirona.com\/es\/noticia\/encuentro-con-los-medios-gerundenses\/#breadcrumb"},"inLanguage":"es","potentialAction":[{"@type":"ReadAction","target":["https:\/\/basquetgirona.com\/es\/noticia\/encuentro-con-los-medios-gerundenses\/"]}]},{"@type":"BreadcrumbList","@id":"https:\/\/basquetgirona.com\/es\/noticia\/encuentro-con-los-medios-gerundenses\/#breadcrumb","itemListElement":[{"@type":"ListItem","position":1,"name":"Inici","item":"https:\/\/basquetgirona.com\/es\/"},{"@type":"ListItem","position":2,"name":"Encuentro con los medios gerundenses"}]},{"@type":"WebSite","@id":"https:\/\/basquetgirona.com\/es\/#website","url":"https:\/\/basquetgirona.com\/es\/","name":"Basquet Girona","description":"","publisher":{"@id":"https:\/\/basquetgirona.com\/es\/#organization"},"potentialAction":[{"@type":"SearchAction","target":{"@type":"EntryPoint","urlTemplate":"https:\/\/basquetgirona.com\/es\/?s={search_term_string}"},"query-input":"required name=search_term_string"}],"inLanguage":"es"},{"@type":"Organization","@id":"https:\/\/basquetgirona.com\/es\/#organization","name":"Basquet Girona","url":"https:\/\/basquetgirona.com\/es\/","logo":{"@type":"ImageObject","inLanguage":"es","@id":"https:\/\/basquetgirona.com\/es\/#\/schema\/logo\/image\/","url":"https:\/\/basquetgirona.com\/wp-content\/uploads\/2023\/02\/girona-logo1.png","contentUrl":"https:\/\/basquetgirona.com\/wp-content\/uploads\/2023\/02\/girona-logo1.png","width":124,"height":136,"caption":"Basquet Girona"},"image":{"@id":"https:\/\/basquetgirona.com\/es\/#\/schema\/logo\/image\/"},"sameAs":["https:\/\/www.facebook.com\/BasquetGironaOficial","https:\/\/twitter.com\/BasquetGirona","https:\/\/www.instagram.com\/basquetgirona\/","https:\/\/es.linkedin.com\/company\/bsquet-girona","https:\/\/www.tiktok.com\/@basquetgirona"]},{"@type":"Person","@id":"https:\/\/basquetgirona.com\/es\/#\/schema\/person\/23e2f6077a380ef4bcbafe12c1c99532","name":"wp6tems","image":{"@type":"ImageObject","inLanguage":"es","@id":"https:\/\/basquetgirona.com\/es\/#\/schema\/person\/image\/","url":"https:\/\/secure.gravatar.com\/avatar\/bb7e7b41fd75599f16e2481d79259374553199dc2bee29aa20aa615e30729456?s=96&d=mm&r=g","contentUrl":"https:\/\/secure.gravatar.com\/avatar\/bb7e7b41fd75599f16e2481d79259374553199dc2bee29aa20aa615e30729456?s=96&d=mm&r=g","caption":"wp6tems"},"sameAs":["https:\/\/basquetgirona.com"],"url":"https:\/\/basquetgirona.com\/es\/author\/wp6tems\/"}]}},"acf":[],"_links":{"self":[{"href":"https:\/\/basquetgirona.com\/es\/wp-json\/wp\/v2\/noticia\/24858","targetHints":{"allow":["GET"]}}],"collection":[{"href":"https:\/\/basquetgirona.com\/es\/wp-json\/wp\/v2\/noticia"}],"about":[{"href":"https:\/\/basquetgirona.com\/es\/wp-json\/wp\/v2\/types\/noticia"}],"author":[{"embeddable":true,"href":"https:\/\/basquetgirona.com\/es\/wp-json\/wp\/v2\/users\/1"}],"version-history":[{"count":2,"href":"https:\/\/basquetgirona.com\/es\/wp-json\/wp\/v2\/noticia\/24858\/revisions"}],"predecessor-version":[{"id":30364,"href":"https:\/\/basquetgirona.com\/es\/wp-json\/wp\/v2\/noticia\/24858\/revisions\/30364"}],"wp:featuredmedia":[{"embeddable":true,"href":"https:\/\/basquetgirona.com\/es\/wp-json\/wp\/v2\/media\/9135"}],"wp:attachment":[{"href":"https:\/\/basquetgirona.com\/es\/wp-json\/wp\/v2\/media?parent=24858"}],"wp:term":[{"taxonomy":"categoria_noticia","embeddable":true,"href":"https:\/\/basquetgirona.com\/es\/wp-json\/wp\/v2\/categoria_noticia?post=24858"}],"curies":[{"name":"wp","href":"https:\/\/api.w.org\/{rel}","templated":true}]}}