{"id":24903,"date":"2017-03-12T00:00:00","date_gmt":"2017-03-12T00:00:00","guid":{"rendered":"https:\/\/basquetgirona.com\/noticia\/el-u15-participa-en-el-jordan-breakfast-club-2\/"},"modified":"2025-08-12T12:27:51","modified_gmt":"2025-08-12T12:27:51","slug":"el-u15-participa-en-el-jordan-breakfast-club-2","status":"publish","type":"noticia","link":"https:\/\/basquetgirona.com\/es\/noticia\/el-u15-participa-en-el-jordan-breakfast-club-2\/","title":{"rendered":"El U15 participa en el Jordan Breakfast Club"},"content":{"rendered":"<p>Los jugadores del U15 vivieron un s\u00e1bado por la ma\u00f1ana que dif\u00edcilmente olvidar\u00e1n. Participaron en el Jordan Breakfast Club, un acto incluido en el prestigioso Jordan Brand Classic, que se est\u00e1 celebrando todo el fin de semana en las instalaciones del Bar\u00e7a. Durante una hora, trabajaron aspectos f\u00edsicos, de t\u00e9cnica y de bote y tambi\u00e9n de 1&#215;1 bajo la supervisi\u00f3n de entrenadores estadounidenses y tambi\u00e9n de Ray Allen, dos veces campe\u00f3n y diez All Star en la NBA. Despu\u00e9s del desayuno, todos tuvieron la posibilidad de hablar y hacer preguntas en Allen.   &nbsp;<\/p>\n","protected":false},"excerpt":{"rendered":"<p>Se entren\u00f3 el s\u00e1bado por la ma\u00f1ana durante una hora en la ciudad deportiva del Bar\u00e7a bajo la supervisi\u00f3n de t\u00e9cnicos americanos y de Ray Allen, leyenda de la NBA<\/p>\n","protected":false},"author":1,"featured_media":9330,"menu_order":0,"template":"","categoria_noticia":[],"class_list":["post-24903","noticia","type-noticia","status-publish","has-post-thumbnail","hentry"],"yoast_head":"<!-- This site is optimized with the Yoast SEO plugin v22.0 - https:\/\/yoast.com\/wordpress\/plugins\/seo\/ -->\n<title>El U15 participa en el Jordan Breakfast Club - Basquet Girona<\/title>\n<meta name=\"robots\" content=\"index, follow, max-snippet:-1, max-image-preview:large, max-video-preview:-1\" \/>\n<link rel=\"canonical\" href=\"https:\/\/basquetgirona.com\/es\/noticia\/el-u15-participa-en-el-jordan-breakfast-club-2\/\" \/>\n<meta property=\"og:locale\" content=\"es_ES\" \/>\n<meta property=\"og:type\" content=\"article\" \/>\n<meta property=\"og:title\" content=\"El U15 participa en el Jordan Breakfast Club - Basquet Girona\" \/>\n<meta property=\"og:description\" content=\"Se entren\u00f3 el s\u00e1bado por la ma\u00f1ana durante una hora en la ciudad deportiva del Bar\u00e7a bajo la supervisi\u00f3n de t\u00e9cnicos americanos y de Ray Allen, leyenda de la NBA\" \/>\n<meta property=\"og:url\" content=\"https:\/\/basquetgirona.com\/es\/noticia\/el-u15-participa-en-el-jordan-breakfast-club-2\/\" \/>\n<meta property=\"og:site_name\" content=\"Basquet Girona\" \/>\n<meta property=\"article:publisher\" content=\"https:\/\/www.facebook.com\/BasquetGironaOficial\" \/>\n<meta property=\"article:modified_time\" content=\"2025-08-12T12:27:51+00:00\" \/>\n<meta property=\"og:image\" content=\"https:\/\/basquetgirona.com\/wp-content\/uploads\/2017\/12\/IMG_8316.gif\" \/>\n\t<meta property=\"og:image:width\" content=\"1\" \/>\n\t<meta property=\"og:image:height\" content=\"1\" \/>\n\t<meta property=\"og:image:type\" content=\"image\/gif\" \/>\n<meta name=\"twitter:card\" content=\"summary_large_image\" \/>\n<meta name=\"twitter:site\" content=\"@BasquetGirona\" \/>\n<meta name=\"twitter:label1\" content=\"Tiempo de lectura\" \/>\n\t<meta name=\"twitter:data1\" content=\"1 minuto\" \/>\n<!-- \/ Yoast SEO plugin. -->","yoast_head_json":{"title":"El U15 participa en el Jordan Breakfast Club - Basquet Girona","robots":{"index":"index","follow":"follow","max-snippet":"max-snippet:-1","max-image-preview":"max-image-preview:large","max-video-preview":"max-video-preview:-1"},"canonical":"https:\/\/basquetgirona.com\/es\/noticia\/el-u15-participa-en-el-jordan-breakfast-club-2\/","og_locale":"es_ES","og_type":"article","og_title":"El U15 participa en el Jordan Breakfast Club - Basquet Girona","og_description":"Se entren\u00f3 el s\u00e1bado por la ma\u00f1ana durante una hora en la ciudad deportiva del Bar\u00e7a bajo la supervisi\u00f3n de t\u00e9cnicos americanos y de Ray Allen, leyenda de la NBA","og_url":"https:\/\/basquetgirona.com\/es\/noticia\/el-u15-participa-en-el-jordan-breakfast-club-2\/","og_site_name":"Basquet Girona","article_publisher":"https:\/\/www.facebook.com\/BasquetGironaOficial","article_modified_time":"2025-08-12T12:27:51+00:00","og_image":[{"url":"https:\/\/basquetgirona.com\/wp-content\/uploads\/2017\/12\/IMG_8316.gif","width":1,"height":1,"type":"image\/gif"}],"twitter_card":"summary_large_image","twitter_site":"@BasquetGirona","twitter_misc":{"Tiempo de lectura":"1 minuto"},"schema":{"@context":"https:\/\/schema.org","@graph":[{"@type":"NewsArticle","@id":"https:\/\/basquetgirona.com\/es\/noticia\/el-u15-participa-en-el-jordan-breakfast-club-2\/#article","isPartOf":{"@id":"https:\/\/basquetgirona.com\/es\/noticia\/el-u15-participa-en-el-jordan-breakfast-club-2\/"},"author":{"name":"wp6tems","@id":"https:\/\/basquetgirona.com\/es\/#\/schema\/person\/23e2f6077a380ef4bcbafe12c1c99532"},"headline":"El U15 participa en el Jordan Breakfast Club","datePublished":"2017-03-12T00:00:00+00:00","dateModified":"2025-08-12T12:27:51+00:00","mainEntityOfPage":{"@id":"https:\/\/basquetgirona.com\/es\/noticia\/el-u15-participa-en-el-jordan-breakfast-club-2\/"},"wordCount":113,"commentCount":0,"publisher":{"@id":"https:\/\/basquetgirona.com\/es\/#organization"},"inLanguage":"es"},{"@type":["WebPage","ItemPage"],"@id":"https:\/\/basquetgirona.com\/es\/noticia\/el-u15-participa-en-el-jordan-breakfast-club-2\/","url":"https:\/\/basquetgirona.com\/es\/noticia\/el-u15-participa-en-el-jordan-breakfast-club-2\/","name":"El U15 participa en el Jordan Breakfast Club - Basquet Girona","isPartOf":{"@id":"https:\/\/basquetgirona.com\/es\/#website"},"datePublished":"2017-03-12T00:00:00+00:00","dateModified":"2025-08-12T12:27:51+00:00","breadcrumb":{"@id":"https:\/\/basquetgirona.com\/es\/noticia\/el-u15-participa-en-el-jordan-breakfast-club-2\/#breadcrumb"},"inLanguage":"es","potentialAction":[{"@type":"ReadAction","target":["https:\/\/basquetgirona.com\/es\/noticia\/el-u15-participa-en-el-jordan-breakfast-club-2\/"]}]},{"@type":"BreadcrumbList","@id":"https:\/\/basquetgirona.com\/es\/noticia\/el-u15-participa-en-el-jordan-breakfast-club-2\/#breadcrumb","itemListElement":[{"@type":"ListItem","position":1,"name":"Inici","item":"https:\/\/basquetgirona.com\/es\/"},{"@type":"ListItem","position":2,"name":"El U15 participa en el Jordan Breakfast Club"}]},{"@type":"WebSite","@id":"https:\/\/basquetgirona.com\/es\/#website","url":"https:\/\/basquetgirona.com\/es\/","name":"Basquet Girona","description":"","publisher":{"@id":"https:\/\/basquetgirona.com\/es\/#organization"},"potentialAction":[{"@type":"SearchAction","target":{"@type":"EntryPoint","urlTemplate":"https:\/\/basquetgirona.com\/es\/?s={search_term_string}"},"query-input":"required name=search_term_string"}],"inLanguage":"es"},{"@type":"Organization","@id":"https:\/\/basquetgirona.com\/es\/#organization","name":"Basquet Girona","url":"https:\/\/basquetgirona.com\/es\/","logo":{"@type":"ImageObject","inLanguage":"es","@id":"https:\/\/basquetgirona.com\/es\/#\/schema\/logo\/image\/","url":"https:\/\/basquetgirona.com\/wp-content\/uploads\/2023\/02\/girona-logo1.png","contentUrl":"https:\/\/basquetgirona.com\/wp-content\/uploads\/2023\/02\/girona-logo1.png","width":124,"height":136,"caption":"Basquet Girona"},"image":{"@id":"https:\/\/basquetgirona.com\/es\/#\/schema\/logo\/image\/"},"sameAs":["https:\/\/www.facebook.com\/BasquetGironaOficial","https:\/\/twitter.com\/BasquetGirona","https:\/\/www.instagram.com\/basquetgirona\/","https:\/\/es.linkedin.com\/company\/bsquet-girona","https:\/\/www.tiktok.com\/@basquetgirona"]},{"@type":"Person","@id":"https:\/\/basquetgirona.com\/es\/#\/schema\/person\/23e2f6077a380ef4bcbafe12c1c99532","name":"wp6tems","image":{"@type":"ImageObject","inLanguage":"es","@id":"https:\/\/basquetgirona.com\/es\/#\/schema\/person\/image\/","url":"https:\/\/secure.gravatar.com\/avatar\/bb7e7b41fd75599f16e2481d79259374553199dc2bee29aa20aa615e30729456?s=96&d=mm&r=g","contentUrl":"https:\/\/secure.gravatar.com\/avatar\/bb7e7b41fd75599f16e2481d79259374553199dc2bee29aa20aa615e30729456?s=96&d=mm&r=g","caption":"wp6tems"},"sameAs":["https:\/\/basquetgirona.com"],"url":"https:\/\/basquetgirona.com\/es\/author\/wp6tems\/"}]}},"acf":[],"_links":{"self":[{"href":"https:\/\/basquetgirona.com\/es\/wp-json\/wp\/v2\/noticia\/24903","targetHints":{"allow":["GET"]}}],"collection":[{"href":"https:\/\/basquetgirona.com\/es\/wp-json\/wp\/v2\/noticia"}],"about":[{"href":"https:\/\/basquetgirona.com\/es\/wp-json\/wp\/v2\/types\/noticia"}],"author":[{"embeddable":true,"href":"https:\/\/basquetgirona.com\/es\/wp-json\/wp\/v2\/users\/1"}],"version-history":[{"count":2,"href":"https:\/\/basquetgirona.com\/es\/wp-json\/wp\/v2\/noticia\/24903\/revisions"}],"predecessor-version":[{"id":30479,"href":"https:\/\/basquetgirona.com\/es\/wp-json\/wp\/v2\/noticia\/24903\/revisions\/30479"}],"wp:featuredmedia":[{"embeddable":true,"href":"https:\/\/basquetgirona.com\/es\/wp-json\/wp\/v2\/media\/9330"}],"wp:attachment":[{"href":"https:\/\/basquetgirona.com\/es\/wp-json\/wp\/v2\/media?parent=24903"}],"wp:term":[{"taxonomy":"categoria_noticia","embeddable":true,"href":"https:\/\/basquetgirona.com\/es\/wp-json\/wp\/v2\/categoria_noticia?post=24903"}],"curies":[{"name":"wp","href":"https:\/\/api.w.org\/{rel}","templated":true}]}}