{"id":24942,"date":"2017-03-13T00:00:00","date_gmt":"2017-03-13T00:00:00","guid":{"rendered":"https:\/\/basquetgirona.com\/noticia\/victoria-con-dos-prorrogas-del-u17-2\/"},"modified":"2025-04-05T21:45:00","modified_gmt":"2025-04-05T21:45:00","slug":"victoria-con-dos-prorrogas-del-u17-2","status":"publish","type":"noticia","link":"https:\/\/basquetgirona.com\/es\/noticia\/victoria-con-dos-prorrogas-del-u17-2\/","title":{"rendered":"Victoria con dos pr\u00f3rrogas del U17"},"content":{"rendered":"<p><strong>U13<\/strong><\/p>\n<p>Los gerundenses se impusieron 93-43 al CB Sant Josep Obrer en un partido en el que los U13 dominaron desde el inicio y fueron ensanchando la diferencia hasta cerrar marcador en el \u00faltimo per\u00edodo.&nbsp;<\/p>\n<p><strong>U14<\/strong><\/p>\n<p>El equipo dirigido por Arnau Sacot y Sergi Juanola se hizo valer en Montfalgars ante un rival directo (66-60), al que iguala en la clasificaci\u00f3n. A pesar de un mal inicio, acab\u00f3 dominando la Aracena CB San Jos\u00e9 A gracias al trabajo defensivo, sobre todo en el sexto per\u00edodo. <\/p>\n<p><strong>U15<\/strong><\/p>\n<p>El U15 sum\u00f3 una nueva victoria ante el SESE B por 75-64. Los gerundenses empezaron mandando (22-11 al final del primer cuarto) y llevaron siempre el peso del partido, neutralizando los intentos de reacci\u00f3n visitantes. &nbsp;<\/p>\n<p><strong>U16<\/strong><\/p>\n<p>El combinado gerundense cay\u00f3 contra el CB L&#8217;Hospitalet A por 63-71, pero plant\u00f3 cara hasta el final a uno de los equipos punteros de Preferente A. Empez\u00f3 por delante en el marcador y pese al incremento de intensidad de los barceloneses, llegaron en el \u00faltimo minuto con posibilidades de triunfo.&nbsp;<\/p>\n<p><strong>U17<\/strong><\/p>\n<p>El equipo entrenado por Quim Gala y Conrad Barris se impuso a&nbsp; <span>el AE Minguella-Citroen Automoci\u00f3n Badalona A por 67-64 tras dos pr\u00f3rrogas, en un encuentro igualado, con muchas alternativas en el marcador y en el que los gerundenses estuvieron m\u00e1s acertados en el segundo tiempo adicional.<\/span>&nbsp;<\/p>\n<p><span><strong>U18<\/strong><br \/><\/span><\/p>\n<p><span>Victoria de los u18 en la pista del CB Farners, en el \u00fanico partido como visitantes de esta jornada. La Escola Baloncesto Girona Marc Gasol se distanci\u00f3 en el segundo cuarto (30-50 a media parte) y control\u00f3 la situaci\u00f3n en la segunda mitad. &nbsp;<br \/><\/span><\/p>\n","protected":false},"excerpt":{"rendered":"<p>El U13, el U14, el U15 y el U18 tambi\u00e9n se adjudicaron sus partidos y el U16 cay\u00f3 en un final ajustado<\/p>\n","protected":false},"author":1,"featured_media":9326,"menu_order":0,"template":"","categoria_noticia":[],"class_list":["post-24942","noticia","type-noticia","status-publish","has-post-thumbnail","hentry"],"yoast_head":"<!-- This site is optimized with the Yoast SEO plugin v22.0 - https:\/\/yoast.com\/wordpress\/plugins\/seo\/ -->\n<title>Victoria con dos pr\u00f3rrogas del U17 - Basquet Girona<\/title>\n<meta name=\"robots\" content=\"index, follow, max-snippet:-1, max-image-preview:large, max-video-preview:-1\" \/>\n<link rel=\"canonical\" href=\"https:\/\/basquetgirona.com\/es\/noticia\/victoria-con-dos-prorrogas-del-u17-2\/\" \/>\n<meta property=\"og:locale\" content=\"es_ES\" \/>\n<meta property=\"og:type\" content=\"article\" \/>\n<meta property=\"og:title\" content=\"Victoria con dos pr\u00f3rrogas del U17 - Basquet Girona\" \/>\n<meta property=\"og:description\" content=\"El U13, el U14, el U15 y el U18 tambi\u00e9n se adjudicaron sus partidos y el U16 cay\u00f3 en un final ajustado\" \/>\n<meta property=\"og:url\" content=\"https:\/\/basquetgirona.com\/es\/noticia\/victoria-con-dos-prorrogas-del-u17-2\/\" \/>\n<meta property=\"og:site_name\" content=\"Basquet Girona\" \/>\n<meta property=\"article:publisher\" content=\"https:\/\/www.facebook.com\/BasquetGironaOficial\" \/>\n<meta property=\"article:modified_time\" content=\"2025-04-05T21:45:00+00:00\" \/>\n<meta property=\"og:image\" content=\"https:\/\/basquetgirona.com\/wp-content\/uploads\/2023\/09\/DSC_0371.gif\" \/>\n\t<meta property=\"og:image:width\" content=\"1\" \/>\n\t<meta property=\"og:image:height\" content=\"1\" \/>\n\t<meta property=\"og:image:type\" content=\"image\/gif\" \/>\n<meta name=\"twitter:card\" content=\"summary_large_image\" \/>\n<meta name=\"twitter:site\" content=\"@BasquetGirona\" \/>\n<meta name=\"twitter:label1\" content=\"Tiempo de lectura\" \/>\n\t<meta name=\"twitter:data1\" content=\"1 minuto\" \/>\n<!-- \/ Yoast SEO plugin. -->","yoast_head_json":{"title":"Victoria con dos pr\u00f3rrogas del U17 - Basquet Girona","robots":{"index":"index","follow":"follow","max-snippet":"max-snippet:-1","max-image-preview":"max-image-preview:large","max-video-preview":"max-video-preview:-1"},"canonical":"https:\/\/basquetgirona.com\/es\/noticia\/victoria-con-dos-prorrogas-del-u17-2\/","og_locale":"es_ES","og_type":"article","og_title":"Victoria con dos pr\u00f3rrogas del U17 - Basquet Girona","og_description":"El U13, el U14, el U15 y el U18 tambi\u00e9n se adjudicaron sus partidos y el U16 cay\u00f3 en un final ajustado","og_url":"https:\/\/basquetgirona.com\/es\/noticia\/victoria-con-dos-prorrogas-del-u17-2\/","og_site_name":"Basquet Girona","article_publisher":"https:\/\/www.facebook.com\/BasquetGironaOficial","article_modified_time":"2025-04-05T21:45:00+00:00","og_image":[{"url":"https:\/\/basquetgirona.com\/wp-content\/uploads\/2023\/09\/DSC_0371.gif","width":1,"height":1,"type":"image\/gif"}],"twitter_card":"summary_large_image","twitter_site":"@BasquetGirona","twitter_misc":{"Tiempo de lectura":"1 minuto"},"schema":{"@context":"https:\/\/schema.org","@graph":[{"@type":"NewsArticle","@id":"https:\/\/basquetgirona.com\/es\/noticia\/victoria-con-dos-prorrogas-del-u17-2\/#article","isPartOf":{"@id":"https:\/\/basquetgirona.com\/es\/noticia\/victoria-con-dos-prorrogas-del-u17-2\/"},"author":{"name":"wp6tems","@id":"https:\/\/basquetgirona.com\/es\/#\/schema\/person\/23e2f6077a380ef4bcbafe12c1c99532"},"headline":"Victoria con dos pr\u00f3rrogas del U17","datePublished":"2017-03-13T00:00:00+00:00","dateModified":"2025-04-05T21:45:00+00:00","mainEntityOfPage":{"@id":"https:\/\/basquetgirona.com\/es\/noticia\/victoria-con-dos-prorrogas-del-u17-2\/"},"wordCount":285,"commentCount":0,"publisher":{"@id":"https:\/\/basquetgirona.com\/es\/#organization"},"inLanguage":"es"},{"@type":["WebPage","ItemPage"],"@id":"https:\/\/basquetgirona.com\/es\/noticia\/victoria-con-dos-prorrogas-del-u17-2\/","url":"https:\/\/basquetgirona.com\/es\/noticia\/victoria-con-dos-prorrogas-del-u17-2\/","name":"Victoria con dos pr\u00f3rrogas del U17 - Basquet Girona","isPartOf":{"@id":"https:\/\/basquetgirona.com\/es\/#website"},"datePublished":"2017-03-13T00:00:00+00:00","dateModified":"2025-04-05T21:45:00+00:00","breadcrumb":{"@id":"https:\/\/basquetgirona.com\/es\/noticia\/victoria-con-dos-prorrogas-del-u17-2\/#breadcrumb"},"inLanguage":"es","potentialAction":[{"@type":"ReadAction","target":["https:\/\/basquetgirona.com\/es\/noticia\/victoria-con-dos-prorrogas-del-u17-2\/"]}]},{"@type":"BreadcrumbList","@id":"https:\/\/basquetgirona.com\/es\/noticia\/victoria-con-dos-prorrogas-del-u17-2\/#breadcrumb","itemListElement":[{"@type":"ListItem","position":1,"name":"Inici","item":"https:\/\/basquetgirona.com\/es\/"},{"@type":"ListItem","position":2,"name":"Victoria con dos pr\u00f3rrogas del U17"}]},{"@type":"WebSite","@id":"https:\/\/basquetgirona.com\/es\/#website","url":"https:\/\/basquetgirona.com\/es\/","name":"Basquet Girona","description":"","publisher":{"@id":"https:\/\/basquetgirona.com\/es\/#organization"},"potentialAction":[{"@type":"SearchAction","target":{"@type":"EntryPoint","urlTemplate":"https:\/\/basquetgirona.com\/es\/?s={search_term_string}"},"query-input":"required name=search_term_string"}],"inLanguage":"es"},{"@type":"Organization","@id":"https:\/\/basquetgirona.com\/es\/#organization","name":"Basquet Girona","url":"https:\/\/basquetgirona.com\/es\/","logo":{"@type":"ImageObject","inLanguage":"es","@id":"https:\/\/basquetgirona.com\/es\/#\/schema\/logo\/image\/","url":"https:\/\/basquetgirona.com\/wp-content\/uploads\/2023\/02\/girona-logo1.png","contentUrl":"https:\/\/basquetgirona.com\/wp-content\/uploads\/2023\/02\/girona-logo1.png","width":124,"height":136,"caption":"Basquet Girona"},"image":{"@id":"https:\/\/basquetgirona.com\/es\/#\/schema\/logo\/image\/"},"sameAs":["https:\/\/www.facebook.com\/BasquetGironaOficial","https:\/\/twitter.com\/BasquetGirona","https:\/\/www.instagram.com\/basquetgirona\/","https:\/\/es.linkedin.com\/company\/bsquet-girona","https:\/\/www.tiktok.com\/@basquetgirona"]},{"@type":"Person","@id":"https:\/\/basquetgirona.com\/es\/#\/schema\/person\/23e2f6077a380ef4bcbafe12c1c99532","name":"wp6tems","image":{"@type":"ImageObject","inLanguage":"es","@id":"https:\/\/basquetgirona.com\/es\/#\/schema\/person\/image\/","url":"https:\/\/secure.gravatar.com\/avatar\/bb7e7b41fd75599f16e2481d79259374553199dc2bee29aa20aa615e30729456?s=96&d=mm&r=g","contentUrl":"https:\/\/secure.gravatar.com\/avatar\/bb7e7b41fd75599f16e2481d79259374553199dc2bee29aa20aa615e30729456?s=96&d=mm&r=g","caption":"wp6tems"},"sameAs":["https:\/\/basquetgirona.com"],"url":"https:\/\/basquetgirona.com\/es\/author\/wp6tems\/"}]}},"acf":[],"_links":{"self":[{"href":"https:\/\/basquetgirona.com\/es\/wp-json\/wp\/v2\/noticia\/24942","targetHints":{"allow":["GET"]}}],"collection":[{"href":"https:\/\/basquetgirona.com\/es\/wp-json\/wp\/v2\/noticia"}],"about":[{"href":"https:\/\/basquetgirona.com\/es\/wp-json\/wp\/v2\/types\/noticia"}],"author":[{"embeddable":true,"href":"https:\/\/basquetgirona.com\/es\/wp-json\/wp\/v2\/users\/1"}],"version-history":[{"count":2,"href":"https:\/\/basquetgirona.com\/es\/wp-json\/wp\/v2\/noticia\/24942\/revisions"}],"predecessor-version":[{"id":30473,"href":"https:\/\/basquetgirona.com\/es\/wp-json\/wp\/v2\/noticia\/24942\/revisions\/30473"}],"wp:featuredmedia":[{"embeddable":true,"href":"https:\/\/basquetgirona.com\/es\/wp-json\/wp\/v2\/media\/9326"}],"wp:attachment":[{"href":"https:\/\/basquetgirona.com\/es\/wp-json\/wp\/v2\/media?parent=24942"}],"wp:term":[{"taxonomy":"categoria_noticia","embeddable":true,"href":"https:\/\/basquetgirona.com\/es\/wp-json\/wp\/v2\/categoria_noticia?post=24942"}],"curies":[{"name":"wp","href":"https:\/\/api.w.org\/{rel}","templated":true}]}}