{"id":24971,"date":"2017-01-05T00:00:00","date_gmt":"2017-01-05T00:00:00","guid":{"rendered":"https:\/\/basquetgirona.com\/noticia\/estrenan-el-ano-con-partidos-amistosos-2\/"},"modified":"2025-02-18T12:19:07","modified_gmt":"2025-02-18T12:19:07","slug":"estrenan-el-ano-con-partidos-amistosos-2","status":"publish","type":"noticia","link":"https:\/\/basquetgirona.com\/es\/noticia\/estrenan-el-ano-con-partidos-amistosos-2\/","title":{"rendered":"Estrenan el a\u00f1o con partidos amistosos"},"content":{"rendered":"<p><strong><span style=\"text-decoration: underline;\">U13<\/span><\/strong><\/p>\n<p>Despu\u00e9s de participar en el 4\u00ba Torneo de Reyes de Sant Cugat, los U13 disputar\u00e1n un cuadrangular en Montfalgars con el Adepaf Figueres, el CB Banyoles y el CB Sant Feliu. La jornada se iniciar\u00e1 a las 9:30 y los \u00faltimos enfrentamientos est\u00e1 previsto que finalicen aproximadamente a las 12h. Un total de seis partidos, tres por equipo, que se disputar\u00e1n organizados de la siguiente manera y con seis per\u00edodos de 5 minutos cada uno:  <\/p>\n<p><img loading=\"lazy\" decoding=\"async\" src=\"https:\/\/basquetgirona.com\/wp-content\/uploads\/2023\/09\/Partits-U13.png\" alt=\"\" width=\"670\" height=\"123\"><\/p>\n<p><strong><span style=\"text-decoration: underline;\">U14<\/span><\/strong><\/p>\n<p>El equipo dirigido por Arnau Sacot y Sergi Juanola se enfrentar\u00e1n al CB Blanes de Cadete Provincial a partir de las 16 horas en Montfalgars en la semana previa al debut en la fase regular ante Aracena \u2013 CB Sant Josep B.<\/p>\n<p><strong><span style=\"text-decoration: underline;\">U15<\/span><\/strong><\/p>\n<p>El U15 se encargar\u00e1 de cerrar la jornada de partidos amistosos en Montfalgars con el partido ante el CB Quart de J\u00fanior Provincial (19.15h). Un encuentro que servir\u00e1 para seguir trabajando y progresando. <\/p>\n<p><strong><span style=\"text-decoration: underline;\">U16<\/span><\/strong><\/p>\n<p>Los gerundenses recibir\u00e1n la visita del CB Granollers de Cadete Interterritorial en el \u00faltimo partido amistoso de la ma\u00f1ana. Los U16 disputar\u00e1n un encuentro que les servir\u00e1 para el debut en Preferente A la pr\u00f3xima semana ante el CE San Nicol\u00e1s Kyrya. <\/p>\n<p><strong><span style=\"text-decoration: underline;\">U17<\/span><\/strong><\/p>\n<p>Los U17 se enfrentar\u00e1n al CB Salt de J\u00fanior Interterritorial en el Pabell\u00f3n de Salt a partir de las 19h. Un duelo que servir\u00e1 al conjunto dirigido por Quim Gala y Conrad Barris para preparar el regreso de la liga, el pr\u00f3ximo domingo de la semana en la pista del Galeomateo-Baloncesto-Samavilanova-JMA. <\/p>\n<p><strong><span style=\"text-decoration: underline;\">U18<\/span><\/strong><\/p>\n<p>Los m\u00e1s grandes del Club jugar\u00e1n ante el Quesos Betara Baloncesto Olost de J\u00fanior Preferente B a partir de las 17.30h en el primer encuentro de 2017 por parte de los gerundenses.&nbsp;<\/p>\n<p><img loading=\"lazy\" decoding=\"async\" style=\"display: block; margin-left: auto; margin-right: auto;\" src=\"https:\/\/basquetgirona.com\/wp-content\/uploads\/2023\/09\/CAT_dia6def.png\" alt=\"\" width=\"400\" height=\"588\"><\/p>\n","protected":false},"excerpt":{"rendered":"<p>Los seis equipos del Club disputar\u00e1n partidos de preparaci\u00f3n el s\u00e1bado<\/p>\n","protected":false},"author":1,"featured_media":9436,"menu_order":0,"template":"","categoria_noticia":[],"class_list":["post-24971","noticia","type-noticia","status-publish","has-post-thumbnail","hentry"],"yoast_head":"<!-- This site is optimized with the Yoast SEO plugin v22.0 - https:\/\/yoast.com\/wordpress\/plugins\/seo\/ -->\n<title>Estrenan el a\u00f1o con partidos amistosos - Basquet Girona<\/title>\n<meta name=\"robots\" content=\"index, follow, max-snippet:-1, max-image-preview:large, max-video-preview:-1\" \/>\n<link rel=\"canonical\" href=\"https:\/\/basquetgirona.com\/es\/noticia\/estrenan-el-ano-con-partidos-amistosos-2\/\" \/>\n<meta property=\"og:locale\" content=\"es_ES\" \/>\n<meta property=\"og:type\" content=\"article\" \/>\n<meta property=\"og:title\" content=\"Estrenan el a\u00f1o con partidos amistosos - Basquet Girona\" \/>\n<meta property=\"og:description\" content=\"Los seis equipos del Club disputar\u00e1n partidos de preparaci\u00f3n el s\u00e1bado\" \/>\n<meta property=\"og:url\" content=\"https:\/\/basquetgirona.com\/es\/noticia\/estrenan-el-ano-con-partidos-amistosos-2\/\" \/>\n<meta property=\"og:site_name\" content=\"Basquet Girona\" \/>\n<meta property=\"article:publisher\" content=\"https:\/\/www.facebook.com\/BasquetGironaOficial\" \/>\n<meta property=\"article:modified_time\" content=\"2025-02-18T12:19:07+00:00\" \/>\n<meta property=\"og:image\" content=\"https:\/\/basquetgirona.com\/wp-content\/uploads\/2017\/05\/IMG_6197petita.jpg\" \/>\n\t<meta property=\"og:image:width\" content=\"1\" \/>\n\t<meta property=\"og:image:height\" content=\"1\" \/>\n\t<meta property=\"og:image:type\" content=\"image\/jpeg\" \/>\n<meta name=\"twitter:card\" content=\"summary_large_image\" \/>\n<meta name=\"twitter:site\" content=\"@BasquetGirona\" \/>\n<meta name=\"twitter:label1\" content=\"Tiempo de lectura\" \/>\n\t<meta name=\"twitter:data1\" content=\"1 minuto\" \/>\n<!-- \/ Yoast SEO plugin. -->","yoast_head_json":{"title":"Estrenan el a\u00f1o con partidos amistosos - Basquet Girona","robots":{"index":"index","follow":"follow","max-snippet":"max-snippet:-1","max-image-preview":"max-image-preview:large","max-video-preview":"max-video-preview:-1"},"canonical":"https:\/\/basquetgirona.com\/es\/noticia\/estrenan-el-ano-con-partidos-amistosos-2\/","og_locale":"es_ES","og_type":"article","og_title":"Estrenan el a\u00f1o con partidos amistosos - Basquet Girona","og_description":"Los seis equipos del Club disputar\u00e1n partidos de preparaci\u00f3n el s\u00e1bado","og_url":"https:\/\/basquetgirona.com\/es\/noticia\/estrenan-el-ano-con-partidos-amistosos-2\/","og_site_name":"Basquet Girona","article_publisher":"https:\/\/www.facebook.com\/BasquetGironaOficial","article_modified_time":"2025-02-18T12:19:07+00:00","og_image":[{"url":"https:\/\/basquetgirona.com\/wp-content\/uploads\/2017\/05\/IMG_6197petita.jpg","width":1,"height":1,"type":"image\/jpeg"}],"twitter_card":"summary_large_image","twitter_site":"@BasquetGirona","twitter_misc":{"Tiempo de lectura":"1 minuto"},"schema":{"@context":"https:\/\/schema.org","@graph":[{"@type":"NewsArticle","@id":"https:\/\/basquetgirona.com\/es\/noticia\/estrenan-el-ano-con-partidos-amistosos-2\/#article","isPartOf":{"@id":"https:\/\/basquetgirona.com\/es\/noticia\/estrenan-el-ano-con-partidos-amistosos-2\/"},"author":{"name":"wp6tems","@id":"https:\/\/basquetgirona.com\/es\/#\/schema\/person\/23e2f6077a380ef4bcbafe12c1c99532"},"headline":"Estrenan el a\u00f1o con partidos amistosos","datePublished":"2017-01-05T00:00:00+00:00","dateModified":"2025-02-18T12:19:07+00:00","mainEntityOfPage":{"@id":"https:\/\/basquetgirona.com\/es\/noticia\/estrenan-el-ano-con-partidos-amistosos-2\/"},"wordCount":301,"commentCount":0,"publisher":{"@id":"https:\/\/basquetgirona.com\/es\/#organization"},"inLanguage":"es"},{"@type":["WebPage","ItemPage"],"@id":"https:\/\/basquetgirona.com\/es\/noticia\/estrenan-el-ano-con-partidos-amistosos-2\/","url":"https:\/\/basquetgirona.com\/es\/noticia\/estrenan-el-ano-con-partidos-amistosos-2\/","name":"Estrenan el a\u00f1o con partidos amistosos - Basquet Girona","isPartOf":{"@id":"https:\/\/basquetgirona.com\/es\/#website"},"datePublished":"2017-01-05T00:00:00+00:00","dateModified":"2025-02-18T12:19:07+00:00","breadcrumb":{"@id":"https:\/\/basquetgirona.com\/es\/noticia\/estrenan-el-ano-con-partidos-amistosos-2\/#breadcrumb"},"inLanguage":"es","potentialAction":[{"@type":"ReadAction","target":["https:\/\/basquetgirona.com\/es\/noticia\/estrenan-el-ano-con-partidos-amistosos-2\/"]}]},{"@type":"BreadcrumbList","@id":"https:\/\/basquetgirona.com\/es\/noticia\/estrenan-el-ano-con-partidos-amistosos-2\/#breadcrumb","itemListElement":[{"@type":"ListItem","position":1,"name":"Inici","item":"https:\/\/basquetgirona.com\/es\/"},{"@type":"ListItem","position":2,"name":"Estrenan el a\u00f1o con partidos amistosos"}]},{"@type":"WebSite","@id":"https:\/\/basquetgirona.com\/es\/#website","url":"https:\/\/basquetgirona.com\/es\/","name":"Basquet Girona","description":"","publisher":{"@id":"https:\/\/basquetgirona.com\/es\/#organization"},"potentialAction":[{"@type":"SearchAction","target":{"@type":"EntryPoint","urlTemplate":"https:\/\/basquetgirona.com\/es\/?s={search_term_string}"},"query-input":"required name=search_term_string"}],"inLanguage":"es"},{"@type":"Organization","@id":"https:\/\/basquetgirona.com\/es\/#organization","name":"Basquet Girona","url":"https:\/\/basquetgirona.com\/es\/","logo":{"@type":"ImageObject","inLanguage":"es","@id":"https:\/\/basquetgirona.com\/es\/#\/schema\/logo\/image\/","url":"https:\/\/basquetgirona.com\/wp-content\/uploads\/2023\/02\/girona-logo1.png","contentUrl":"https:\/\/basquetgirona.com\/wp-content\/uploads\/2023\/02\/girona-logo1.png","width":124,"height":136,"caption":"Basquet Girona"},"image":{"@id":"https:\/\/basquetgirona.com\/es\/#\/schema\/logo\/image\/"},"sameAs":["https:\/\/www.facebook.com\/BasquetGironaOficial","https:\/\/twitter.com\/BasquetGirona","https:\/\/www.instagram.com\/basquetgirona\/","https:\/\/es.linkedin.com\/company\/bsquet-girona","https:\/\/www.tiktok.com\/@basquetgirona"]},{"@type":"Person","@id":"https:\/\/basquetgirona.com\/es\/#\/schema\/person\/23e2f6077a380ef4bcbafe12c1c99532","name":"wp6tems","image":{"@type":"ImageObject","inLanguage":"es","@id":"https:\/\/basquetgirona.com\/es\/#\/schema\/person\/image\/","url":"https:\/\/secure.gravatar.com\/avatar\/bb7e7b41fd75599f16e2481d79259374553199dc2bee29aa20aa615e30729456?s=96&d=mm&r=g","contentUrl":"https:\/\/secure.gravatar.com\/avatar\/bb7e7b41fd75599f16e2481d79259374553199dc2bee29aa20aa615e30729456?s=96&d=mm&r=g","caption":"wp6tems"},"sameAs":["https:\/\/basquetgirona.com"],"url":"https:\/\/basquetgirona.com\/es\/author\/wp6tems\/"}]}},"acf":[],"_links":{"self":[{"href":"https:\/\/basquetgirona.com\/es\/wp-json\/wp\/v2\/noticia\/24971","targetHints":{"allow":["GET"]}}],"collection":[{"href":"https:\/\/basquetgirona.com\/es\/wp-json\/wp\/v2\/noticia"}],"about":[{"href":"https:\/\/basquetgirona.com\/es\/wp-json\/wp\/v2\/types\/noticia"}],"author":[{"embeddable":true,"href":"https:\/\/basquetgirona.com\/es\/wp-json\/wp\/v2\/users\/1"}],"version-history":[{"count":3,"href":"https:\/\/basquetgirona.com\/es\/wp-json\/wp\/v2\/noticia\/24971\/revisions"}],"predecessor-version":[{"id":45301,"href":"https:\/\/basquetgirona.com\/es\/wp-json\/wp\/v2\/noticia\/24971\/revisions\/45301"}],"wp:featuredmedia":[{"embeddable":true,"href":"https:\/\/basquetgirona.com\/es\/wp-json\/wp\/v2\/media\/9436"}],"wp:attachment":[{"href":"https:\/\/basquetgirona.com\/es\/wp-json\/wp\/v2\/media?parent=24971"}],"wp:term":[{"taxonomy":"categoria_noticia","embeddable":true,"href":"https:\/\/basquetgirona.com\/es\/wp-json\/wp\/v2\/categoria_noticia?post=24971"}],"curies":[{"name":"wp","href":"https:\/\/api.w.org\/{rel}","templated":true}]}}