{"id":25021,"date":"2016-09-22T00:00:00","date_gmt":"2016-09-22T00:00:00","guid":{"rendered":"https:\/\/basquetgirona.com\/noticia\/el-ebg-marc-gasol-presenta-las-nuevas-equipaciones-2\/"},"modified":"2026-02-11T12:12:32","modified_gmt":"2026-02-11T12:12:32","slug":"el-ebg-marc-gasol-presenta-las-nuevas-equipaciones-2","status":"publish","type":"noticia","link":"https:\/\/basquetgirona.com\/es\/noticia\/el-ebg-marc-gasol-presenta-las-nuevas-equipaciones-2\/","title":{"rendered":"El EBG Marc Gasol presenta las nuevas equipaciones"},"content":{"rendered":"<p>La Escola Baloncesto Girona Marc Gasol estrenar\u00e1 nuevas equipaciones esta temporada 2016\/17. Despu\u00e9s de lucir los colores azul y blanco en las dos primeras temporadas de la entidad, el Club incorpora el rojo por el azul como color representativo de Girona. La primera equipaci\u00f3n ser\u00e1 mayoritariamente roja con una combinaci\u00f3n de blanco, todo lo contrario que la segunda en la que el blanco ser\u00e1 el protagonista.  <\/p>\n<p>M\u00e1s all\u00e1 de los colores, las camisetas estrenan tipograf\u00eda en cuanto a los dorsales en los que los n\u00fameros tienen un contorno en torno que permite combinar los dos colores mencionados. En cuanto a la l\u00ednea lateral de camiseta y pantal\u00f3n se mantienen, pero pasan del negro al rojo -en la segunda equipaci\u00f3n- y blanca en la primera. &nbsp;<\/p>\n<p><img loading=\"lazy\" decoding=\"async\" src=\"https:\/\/basquetgirona.com\/wp-content\/uploads\/2023\/09\/IMG_9952.jpg\" alt=\"\" width=\"600\" height=\"400\"><\/p>\n","protected":false},"excerpt":{"rendered":"<p>Los colores rojo y blanco ser\u00e1n los protagonistas de las nuevas equipaciones del Club<\/p>\n","protected":false},"author":1,"featured_media":9592,"menu_order":0,"template":"","categoria_noticia":[],"class_list":["post-25021","noticia","type-noticia","status-publish","has-post-thumbnail","hentry"],"yoast_head":"<!-- This site is optimized with the Yoast SEO plugin v22.0 - https:\/\/yoast.com\/wordpress\/plugins\/seo\/ -->\n<title>El EBG Marc Gasol presenta las nuevas equipaciones - Basquet Girona<\/title>\n<meta name=\"robots\" content=\"index, follow, max-snippet:-1, max-image-preview:large, max-video-preview:-1\" \/>\n<link rel=\"canonical\" href=\"https:\/\/basquetgirona.com\/es\/noticia\/el-ebg-marc-gasol-presenta-las-nuevas-equipaciones-2\/\" \/>\n<meta property=\"og:locale\" content=\"es_ES\" \/>\n<meta property=\"og:type\" content=\"article\" \/>\n<meta property=\"og:title\" content=\"El EBG Marc Gasol presenta las nuevas equipaciones - Basquet Girona\" \/>\n<meta property=\"og:description\" content=\"Los colores rojo y blanco ser\u00e1n los protagonistas de las nuevas equipaciones del Club\" \/>\n<meta property=\"og:url\" content=\"https:\/\/basquetgirona.com\/es\/noticia\/el-ebg-marc-gasol-presenta-las-nuevas-equipaciones-2\/\" \/>\n<meta property=\"og:site_name\" content=\"Basquet Girona\" \/>\n<meta property=\"article:publisher\" content=\"https:\/\/www.facebook.com\/BasquetGironaOficial\" \/>\n<meta property=\"article:modified_time\" content=\"2026-02-11T12:12:32+00:00\" \/>\n<meta property=\"og:image\" content=\"https:\/\/basquetgirona.com\/wp-content\/uploads\/2023\/09\/IMG_9955.jpg\" \/>\n\t<meta property=\"og:image:width\" content=\"1\" \/>\n\t<meta property=\"og:image:height\" content=\"1\" \/>\n\t<meta property=\"og:image:type\" content=\"image\/jpeg\" \/>\n<meta name=\"twitter:card\" content=\"summary_large_image\" \/>\n<meta name=\"twitter:site\" content=\"@BasquetGirona\" \/>\n<meta name=\"twitter:label1\" content=\"Tiempo de lectura\" \/>\n\t<meta name=\"twitter:data1\" content=\"1 minuto\" \/>\n<!-- \/ Yoast SEO plugin. -->","yoast_head_json":{"title":"El EBG Marc Gasol presenta las nuevas equipaciones - Basquet Girona","robots":{"index":"index","follow":"follow","max-snippet":"max-snippet:-1","max-image-preview":"max-image-preview:large","max-video-preview":"max-video-preview:-1"},"canonical":"https:\/\/basquetgirona.com\/es\/noticia\/el-ebg-marc-gasol-presenta-las-nuevas-equipaciones-2\/","og_locale":"es_ES","og_type":"article","og_title":"El EBG Marc Gasol presenta las nuevas equipaciones - Basquet Girona","og_description":"Los colores rojo y blanco ser\u00e1n los protagonistas de las nuevas equipaciones del Club","og_url":"https:\/\/basquetgirona.com\/es\/noticia\/el-ebg-marc-gasol-presenta-las-nuevas-equipaciones-2\/","og_site_name":"Basquet Girona","article_publisher":"https:\/\/www.facebook.com\/BasquetGironaOficial","article_modified_time":"2026-02-11T12:12:32+00:00","og_image":[{"url":"https:\/\/basquetgirona.com\/wp-content\/uploads\/2023\/09\/IMG_9955.jpg","width":1,"height":1,"type":"image\/jpeg"}],"twitter_card":"summary_large_image","twitter_site":"@BasquetGirona","twitter_misc":{"Tiempo de lectura":"1 minuto"},"schema":{"@context":"https:\/\/schema.org","@graph":[{"@type":"NewsArticle","@id":"https:\/\/basquetgirona.com\/es\/noticia\/el-ebg-marc-gasol-presenta-las-nuevas-equipaciones-2\/#article","isPartOf":{"@id":"https:\/\/basquetgirona.com\/es\/noticia\/el-ebg-marc-gasol-presenta-las-nuevas-equipaciones-2\/"},"author":{"name":"wp6tems","@id":"https:\/\/basquetgirona.com\/es\/#\/schema\/person\/23e2f6077a380ef4bcbafe12c1c99532"},"headline":"El EBG Marc Gasol presenta las nuevas equipaciones","datePublished":"2016-09-22T00:00:00+00:00","dateModified":"2026-02-11T12:12:32+00:00","mainEntityOfPage":{"@id":"https:\/\/basquetgirona.com\/es\/noticia\/el-ebg-marc-gasol-presenta-las-nuevas-equipaciones-2\/"},"wordCount":141,"commentCount":0,"publisher":{"@id":"https:\/\/basquetgirona.com\/es\/#organization"},"inLanguage":"es"},{"@type":["WebPage","ItemPage"],"@id":"https:\/\/basquetgirona.com\/es\/noticia\/el-ebg-marc-gasol-presenta-las-nuevas-equipaciones-2\/","url":"https:\/\/basquetgirona.com\/es\/noticia\/el-ebg-marc-gasol-presenta-las-nuevas-equipaciones-2\/","name":"El EBG Marc Gasol presenta las nuevas equipaciones - Basquet Girona","isPartOf":{"@id":"https:\/\/basquetgirona.com\/es\/#website"},"datePublished":"2016-09-22T00:00:00+00:00","dateModified":"2026-02-11T12:12:32+00:00","breadcrumb":{"@id":"https:\/\/basquetgirona.com\/es\/noticia\/el-ebg-marc-gasol-presenta-las-nuevas-equipaciones-2\/#breadcrumb"},"inLanguage":"es","potentialAction":[{"@type":"ReadAction","target":["https:\/\/basquetgirona.com\/es\/noticia\/el-ebg-marc-gasol-presenta-las-nuevas-equipaciones-2\/"]}]},{"@type":"BreadcrumbList","@id":"https:\/\/basquetgirona.com\/es\/noticia\/el-ebg-marc-gasol-presenta-las-nuevas-equipaciones-2\/#breadcrumb","itemListElement":[{"@type":"ListItem","position":1,"name":"Inici","item":"https:\/\/basquetgirona.com\/es\/"},{"@type":"ListItem","position":2,"name":"El EBG Marc Gasol presenta las nuevas equipaciones"}]},{"@type":"WebSite","@id":"https:\/\/basquetgirona.com\/es\/#website","url":"https:\/\/basquetgirona.com\/es\/","name":"Basquet Girona","description":"","publisher":{"@id":"https:\/\/basquetgirona.com\/es\/#organization"},"potentialAction":[{"@type":"SearchAction","target":{"@type":"EntryPoint","urlTemplate":"https:\/\/basquetgirona.com\/es\/?s={search_term_string}"},"query-input":"required name=search_term_string"}],"inLanguage":"es"},{"@type":"Organization","@id":"https:\/\/basquetgirona.com\/es\/#organization","name":"Basquet Girona","url":"https:\/\/basquetgirona.com\/es\/","logo":{"@type":"ImageObject","inLanguage":"es","@id":"https:\/\/basquetgirona.com\/es\/#\/schema\/logo\/image\/","url":"https:\/\/basquetgirona.com\/wp-content\/uploads\/2023\/02\/girona-logo1.png","contentUrl":"https:\/\/basquetgirona.com\/wp-content\/uploads\/2023\/02\/girona-logo1.png","width":124,"height":136,"caption":"Basquet Girona"},"image":{"@id":"https:\/\/basquetgirona.com\/es\/#\/schema\/logo\/image\/"},"sameAs":["https:\/\/www.facebook.com\/BasquetGironaOficial","https:\/\/twitter.com\/BasquetGirona","https:\/\/www.instagram.com\/basquetgirona\/","https:\/\/es.linkedin.com\/company\/bsquet-girona","https:\/\/www.tiktok.com\/@basquetgirona"]},{"@type":"Person","@id":"https:\/\/basquetgirona.com\/es\/#\/schema\/person\/23e2f6077a380ef4bcbafe12c1c99532","name":"wp6tems","image":{"@type":"ImageObject","inLanguage":"es","@id":"https:\/\/basquetgirona.com\/es\/#\/schema\/person\/image\/","url":"https:\/\/secure.gravatar.com\/avatar\/bb7e7b41fd75599f16e2481d79259374553199dc2bee29aa20aa615e30729456?s=96&d=mm&r=g","contentUrl":"https:\/\/secure.gravatar.com\/avatar\/bb7e7b41fd75599f16e2481d79259374553199dc2bee29aa20aa615e30729456?s=96&d=mm&r=g","caption":"wp6tems"},"sameAs":["https:\/\/basquetgirona.com"],"url":"https:\/\/basquetgirona.com\/es\/author\/wp6tems\/"}]}},"acf":[],"_links":{"self":[{"href":"https:\/\/basquetgirona.com\/es\/wp-json\/wp\/v2\/noticia\/25021","targetHints":{"allow":["GET"]}}],"collection":[{"href":"https:\/\/basquetgirona.com\/es\/wp-json\/wp\/v2\/noticia"}],"about":[{"href":"https:\/\/basquetgirona.com\/es\/wp-json\/wp\/v2\/types\/noticia"}],"author":[{"embeddable":true,"href":"https:\/\/basquetgirona.com\/es\/wp-json\/wp\/v2\/users\/1"}],"version-history":[{"count":5,"href":"https:\/\/basquetgirona.com\/es\/wp-json\/wp\/v2\/noticia\/25021\/revisions"}],"predecessor-version":[{"id":55443,"href":"https:\/\/basquetgirona.com\/es\/wp-json\/wp\/v2\/noticia\/25021\/revisions\/55443"}],"wp:featuredmedia":[{"embeddable":true,"href":"https:\/\/basquetgirona.com\/es\/wp-json\/wp\/v2\/media\/9592"}],"wp:attachment":[{"href":"https:\/\/basquetgirona.com\/es\/wp-json\/wp\/v2\/media?parent=25021"}],"wp:term":[{"taxonomy":"categoria_noticia","embeddable":true,"href":"https:\/\/basquetgirona.com\/es\/wp-json\/wp\/v2\/categoria_noticia?post=25021"}],"curies":[{"name":"wp","href":"https:\/\/api.w.org\/{rel}","templated":true}]}}