{"id":25042,"date":"2016-09-30T00:00:00","date_gmt":"2016-09-30T00:00:00","guid":{"rendered":"https:\/\/basquetgirona.com\/noticia\/todos-los-equipos-en-marcha-2\/"},"modified":"2025-05-27T16:51:15","modified_gmt":"2025-05-27T16:51:15","slug":"todos-los-equipos-en-marcha-2","status":"publish","type":"noticia","link":"https:\/\/basquetgirona.com\/es\/noticia\/todos-los-equipos-en-marcha-2\/","title":{"rendered":"Todos los equipos en marcha"},"content":{"rendered":"<p><strong>Primer encuentro oficial en el Club<\/strong><\/p>\n<p>El U13 debuta en el primer partido oficial en la Escuela Baloncesto Girona Marc Gasol con la primera jornada liguera en la pista del Club Joventut Badalona 1, este s\u00e1bado a partir de las 19 horas.<\/p>\n<p><strong>Debut en Manresa<\/strong><\/p>\n<p>Los gerundenses debutar\u00e1n en la pista de La Salle Manresa este domingo a las 12:30 horas en el que ser\u00e1 el primer encuentro oficial por el U14 esta temporada y despu\u00e9s de disputar varios partidos amistosos.<\/p>\n<p><strong>Viajan a Sabadell<\/strong><\/p>\n<p>El conjunto dirigido por Carles Nadal y Anna J\u00f2dar visitar\u00e1 la pista del Creu Alta Sabadell 2 este s\u00e1bado (12 horas) en el encuentro correspondiente a la tercera jornada liguera tras sumar un triunfo y una derrota en los dos primeros partidos.<\/p>\n<p><strong>Badalona espera el U16<\/strong><\/p>\n<p>Los gerundenses visitan la pista del Club Joventut Badalona A en la cuarta jornada de liga este s\u00e1bado a las 17:45 horas despu\u00e9s de imponerse al CEB Girona en la \u00faltima jornada.<\/p>\n<p><strong>Tercer encuentro<\/strong><\/p>\n<p>El U17 disputar\u00e1 este domingo a las 16 horas el tercer partido liguero despu\u00e9s de sumar dos victorias. El rival de los gerundenses ser\u00e1 El Recambio-Maristas Ademar B, un rival que suma una derrota en el \u00fanico partido que ha disputado hasta el momento. <\/p>\n<p><strong>El CE San Nicol\u00e1s, primer rival del U18<\/strong><\/p>\n<p>El s\u00e1bado (19 horas) tendr\u00e1 lugar el debut del U18 en liga en la pista del CE Sant Nicolau y en el que el conjunto dirigido por Carles Ribot y Arnau Sacot buscar\u00e1 iniciar la temporada de la mejor forma.&nbsp;<\/p>\n<p><img loading=\"lazy\" decoding=\"async\" src=\"https:\/\/basquetgirona.com\/wp-content\/uploads\/2023\/09\/AGENDA.png\" alt=\"\" width=\"400\" height=\"588\"><\/p>\n","protected":false},"excerpt":{"rendered":"<p>El U13, el U14 y el U18 inician este fin de semana la liga y se suman a los otros tres equipos que ya compet\u00edan<\/p>\n","protected":false},"author":1,"featured_media":9574,"menu_order":0,"template":"","categoria_noticia":[],"class_list":["post-25042","noticia","type-noticia","status-publish","has-post-thumbnail","hentry"],"yoast_head":"<!-- This site is optimized with the Yoast SEO plugin v22.0 - https:\/\/yoast.com\/wordpress\/plugins\/seo\/ -->\n<title>Todos los equipos en marcha - Basquet Girona<\/title>\n<meta name=\"robots\" content=\"index, follow, max-snippet:-1, max-image-preview:large, max-video-preview:-1\" \/>\n<link rel=\"canonical\" href=\"https:\/\/basquetgirona.com\/es\/noticia\/todos-los-equipos-en-marcha-2\/\" \/>\n<meta property=\"og:locale\" content=\"es_ES\" \/>\n<meta property=\"og:type\" content=\"article\" \/>\n<meta property=\"og:title\" content=\"Todos los equipos en marcha - Basquet Girona\" \/>\n<meta property=\"og:description\" content=\"El U13, el U14 y el U18 inician este fin de semana la liga y se suman a los otros tres equipos que ya compet\u00edan\" \/>\n<meta property=\"og:url\" content=\"https:\/\/basquetgirona.com\/es\/noticia\/todos-los-equipos-en-marcha-2\/\" \/>\n<meta property=\"og:site_name\" content=\"Basquet Girona\" \/>\n<meta property=\"article:publisher\" content=\"https:\/\/www.facebook.com\/BasquetGironaOficial\" \/>\n<meta property=\"article:modified_time\" content=\"2025-05-27T16:51:15+00:00\" \/>\n<meta property=\"og:image\" content=\"https:\/\/basquetgirona.com\/wp-content\/uploads\/2023\/09\/IMG_0811.jpg\" \/>\n\t<meta property=\"og:image:width\" content=\"1\" \/>\n\t<meta property=\"og:image:height\" content=\"1\" \/>\n\t<meta property=\"og:image:type\" content=\"image\/jpeg\" \/>\n<meta name=\"twitter:card\" content=\"summary_large_image\" \/>\n<meta name=\"twitter:site\" content=\"@BasquetGirona\" \/>\n<meta name=\"twitter:label1\" content=\"Tiempo de lectura\" \/>\n\t<meta name=\"twitter:data1\" content=\"1 minuto\" \/>\n<!-- \/ Yoast SEO plugin. -->","yoast_head_json":{"title":"Todos los equipos en marcha - Basquet Girona","robots":{"index":"index","follow":"follow","max-snippet":"max-snippet:-1","max-image-preview":"max-image-preview:large","max-video-preview":"max-video-preview:-1"},"canonical":"https:\/\/basquetgirona.com\/es\/noticia\/todos-los-equipos-en-marcha-2\/","og_locale":"es_ES","og_type":"article","og_title":"Todos los equipos en marcha - Basquet Girona","og_description":"El U13, el U14 y el U18 inician este fin de semana la liga y se suman a los otros tres equipos que ya compet\u00edan","og_url":"https:\/\/basquetgirona.com\/es\/noticia\/todos-los-equipos-en-marcha-2\/","og_site_name":"Basquet Girona","article_publisher":"https:\/\/www.facebook.com\/BasquetGironaOficial","article_modified_time":"2025-05-27T16:51:15+00:00","og_image":[{"url":"https:\/\/basquetgirona.com\/wp-content\/uploads\/2023\/09\/IMG_0811.jpg","width":1,"height":1,"type":"image\/jpeg"}],"twitter_card":"summary_large_image","twitter_site":"@BasquetGirona","twitter_misc":{"Tiempo de lectura":"1 minuto"},"schema":{"@context":"https:\/\/schema.org","@graph":[{"@type":"NewsArticle","@id":"https:\/\/basquetgirona.com\/es\/noticia\/todos-los-equipos-en-marcha-2\/#article","isPartOf":{"@id":"https:\/\/basquetgirona.com\/es\/noticia\/todos-los-equipos-en-marcha-2\/"},"author":{"name":"wp6tems","@id":"https:\/\/basquetgirona.com\/es\/#\/schema\/person\/23e2f6077a380ef4bcbafe12c1c99532"},"headline":"Todos los equipos en marcha","datePublished":"2016-09-30T00:00:00+00:00","dateModified":"2025-05-27T16:51:15+00:00","mainEntityOfPage":{"@id":"https:\/\/basquetgirona.com\/es\/noticia\/todos-los-equipos-en-marcha-2\/"},"wordCount":264,"commentCount":0,"publisher":{"@id":"https:\/\/basquetgirona.com\/es\/#organization"},"inLanguage":"es"},{"@type":["WebPage","ItemPage"],"@id":"https:\/\/basquetgirona.com\/es\/noticia\/todos-los-equipos-en-marcha-2\/","url":"https:\/\/basquetgirona.com\/es\/noticia\/todos-los-equipos-en-marcha-2\/","name":"Todos los equipos en marcha - Basquet Girona","isPartOf":{"@id":"https:\/\/basquetgirona.com\/es\/#website"},"datePublished":"2016-09-30T00:00:00+00:00","dateModified":"2025-05-27T16:51:15+00:00","breadcrumb":{"@id":"https:\/\/basquetgirona.com\/es\/noticia\/todos-los-equipos-en-marcha-2\/#breadcrumb"},"inLanguage":"es","potentialAction":[{"@type":"ReadAction","target":["https:\/\/basquetgirona.com\/es\/noticia\/todos-los-equipos-en-marcha-2\/"]}]},{"@type":"BreadcrumbList","@id":"https:\/\/basquetgirona.com\/es\/noticia\/todos-los-equipos-en-marcha-2\/#breadcrumb","itemListElement":[{"@type":"ListItem","position":1,"name":"Inici","item":"https:\/\/basquetgirona.com\/es\/"},{"@type":"ListItem","position":2,"name":"Todos los equipos en marcha"}]},{"@type":"WebSite","@id":"https:\/\/basquetgirona.com\/es\/#website","url":"https:\/\/basquetgirona.com\/es\/","name":"Basquet Girona","description":"","publisher":{"@id":"https:\/\/basquetgirona.com\/es\/#organization"},"potentialAction":[{"@type":"SearchAction","target":{"@type":"EntryPoint","urlTemplate":"https:\/\/basquetgirona.com\/es\/?s={search_term_string}"},"query-input":"required name=search_term_string"}],"inLanguage":"es"},{"@type":"Organization","@id":"https:\/\/basquetgirona.com\/es\/#organization","name":"Basquet Girona","url":"https:\/\/basquetgirona.com\/es\/","logo":{"@type":"ImageObject","inLanguage":"es","@id":"https:\/\/basquetgirona.com\/es\/#\/schema\/logo\/image\/","url":"https:\/\/basquetgirona.com\/wp-content\/uploads\/2023\/02\/girona-logo1.png","contentUrl":"https:\/\/basquetgirona.com\/wp-content\/uploads\/2023\/02\/girona-logo1.png","width":124,"height":136,"caption":"Basquet Girona"},"image":{"@id":"https:\/\/basquetgirona.com\/es\/#\/schema\/logo\/image\/"},"sameAs":["https:\/\/www.facebook.com\/BasquetGironaOficial","https:\/\/twitter.com\/BasquetGirona","https:\/\/www.instagram.com\/basquetgirona\/","https:\/\/es.linkedin.com\/company\/bsquet-girona","https:\/\/www.tiktok.com\/@basquetgirona"]},{"@type":"Person","@id":"https:\/\/basquetgirona.com\/es\/#\/schema\/person\/23e2f6077a380ef4bcbafe12c1c99532","name":"wp6tems","image":{"@type":"ImageObject","inLanguage":"es","@id":"https:\/\/basquetgirona.com\/es\/#\/schema\/person\/image\/","url":"https:\/\/secure.gravatar.com\/avatar\/bb7e7b41fd75599f16e2481d79259374553199dc2bee29aa20aa615e30729456?s=96&d=mm&r=g","contentUrl":"https:\/\/secure.gravatar.com\/avatar\/bb7e7b41fd75599f16e2481d79259374553199dc2bee29aa20aa615e30729456?s=96&d=mm&r=g","caption":"wp6tems"},"sameAs":["https:\/\/basquetgirona.com"],"url":"https:\/\/basquetgirona.com\/es\/author\/wp6tems\/"}]}},"acf":[],"_links":{"self":[{"href":"https:\/\/basquetgirona.com\/es\/wp-json\/wp\/v2\/noticia\/25042","targetHints":{"allow":["GET"]}}],"collection":[{"href":"https:\/\/basquetgirona.com\/es\/wp-json\/wp\/v2\/noticia"}],"about":[{"href":"https:\/\/basquetgirona.com\/es\/wp-json\/wp\/v2\/types\/noticia"}],"author":[{"embeddable":true,"href":"https:\/\/basquetgirona.com\/es\/wp-json\/wp\/v2\/users\/1"}],"version-history":[{"count":2,"href":"https:\/\/basquetgirona.com\/es\/wp-json\/wp\/v2\/noticia\/25042\/revisions"}],"predecessor-version":[{"id":30543,"href":"https:\/\/basquetgirona.com\/es\/wp-json\/wp\/v2\/noticia\/25042\/revisions\/30543"}],"wp:featuredmedia":[{"embeddable":true,"href":"https:\/\/basquetgirona.com\/es\/wp-json\/wp\/v2\/media\/9574"}],"wp:attachment":[{"href":"https:\/\/basquetgirona.com\/es\/wp-json\/wp\/v2\/media?parent=25042"}],"wp:term":[{"taxonomy":"categoria_noticia","embeddable":true,"href":"https:\/\/basquetgirona.com\/es\/wp-json\/wp\/v2\/categoria_noticia?post=25042"}],"curies":[{"name":"wp","href":"https:\/\/api.w.org\/{rel}","templated":true}]}}